{"id":16765,"date":"2025-03-01T10:13:11","date_gmt":"2025-03-01T14:13:11","guid":{"rendered":"https:\/\/noticiasveraces.com\/?p=16765"},"modified":"2025-03-01T10:13:11","modified_gmt":"2025-03-01T14:13:11","slug":"los-lideres-rusos-reaccionan-al-acalorado-intercambio-de-zelenskyy-con-trump-vance","status":"publish","type":"post","link":"https:\/\/noticiasveraces.com\/?p=16765","title":{"rendered":"Los l\u00edderes rusos reaccionan al acalorado intercambio de Zelenskyy con Trump, Vance"},"content":{"rendered":"<p> \n<\/p>\n<div>\n<p class=\"speakable\">A Rusia le encanta el espect\u00e1culo de la Oficina Oval que tuvo lugar ayer con el presidente de Ucrania, Volodymyr Zelenskyy, el presidente Donald Trump y el vicepresidente JD Vance. Sin embargo, hay una voz rusa prominente que a\u00fan no se ha escuchado, la del presidente ruso Vladimir Putin, quien, en el momento de este escrito, a\u00fan no ha comentado sobre la situaci\u00f3n.<\/p>\n<p class=\"speakable\">El ex presidente ruso Dmitry Medvedev, que es un firme defensor de Putin, estaba encantado con lo que llam\u00f3 la \u00abbofetada adecuada\u00bb que Zelenskyy recibi\u00f3 a manos de Trump y Vance. En la misma publicaci\u00f3n sobre X, Medvedev escribi\u00f3 que Trump ten\u00eda raz\u00f3n sobre Ucrania \u00abjuegos de azar con la Segunda Guerra Mundial\u00bb.<\/p>\n<p>La portavoz del Ministerio de Relaciones Exteriores de Rusia, Maria Zakharova, dijo que era un \u00abmilagro\u00bb que Trump y Vance se impidieron golpear a Zelenskyy durante el intenso intercambio.<\/p>\n<div class=\"image-ct inline\">\n<div class=\"m\"><picture><source media=\"(max-width: 767px)\" srcset=\"https:\/\/a57.foxnews.com\/static.foxnews.com\/foxnews.com\/content\/uploads\/2025\/03\/343\/192\/zelenskyy-trump-vance-oval-office.jpg?ve=1&amp;tl=1, https:\/\/a57.foxnews.com\/static.foxnews.com\/foxnews.com\/content\/uploads\/2025\/03\/686\/384\/zelenskyy-trump-vance-oval-office.jpg?ve=1&amp;tl=1 2x\" height=\"192\" width=\"343\"><source media=\"(min-width: 768px) and (max-width: 1023px)\" srcset=\"https:\/\/a57.foxnews.com\/static.foxnews.com\/foxnews.com\/content\/uploads\/2025\/03\/672\/378\/zelenskyy-trump-vance-oval-office.jpg?ve=1&amp;tl=1, https:\/\/a57.foxnews.com\/static.foxnews.com\/foxnews.com\/content\/uploads\/2025\/03\/1344\/756\/zelenskyy-trump-vance-oval-office.jpg?ve=1&amp;tl=1 2x\" height=\"378\" width=\"672\"><source media=\"(min-width: 1024px) and (max-width: 1279px)\" srcset=\"https:\/\/a57.foxnews.com\/static.foxnews.com\/foxnews.com\/content\/uploads\/2025\/03\/931\/523\/zelenskyy-trump-vance-oval-office.jpg?ve=1&amp;tl=1, https:\/\/a57.foxnews.com\/static.foxnews.com\/foxnews.com\/content\/uploads\/2025\/03\/1862\/1046\/zelenskyy-trump-vance-oval-office.jpg?ve=1&amp;tl=1 2x\" height=\"523\" width=\"931\"><source media=\"(min-width: 1280px)\" srcset=\"https:\/\/a57.foxnews.com\/static.foxnews.com\/foxnews.com\/content\/uploads\/2025\/03\/720\/405\/zelenskyy-trump-vance-oval-office.jpg?ve=1&amp;tl=1, https:\/\/a57.foxnews.com\/static.foxnews.com\/foxnews.com\/content\/uploads\/2025\/03\/1440\/810\/zelenskyy-trump-vance-oval-office.jpg?ve=1&amp;tl=1 2x\" height=\"405\" width=\"720\"><img loading=\"lazy\" decoding=\"async\" src=\"https:\/\/a57.foxnews.com\/static.foxnews.com\/foxnews.com\/content\/uploads\/2025\/03\/1200\/675\/zelenskyy-trump-vance-oval-office.jpg?ve=1&amp;tl=1\" alt=\"Zelenskyy, Trump y Vance\" width=\"1200\" height=\"675\"\/><\/source><\/source><\/source><\/source><\/picture><\/div>\n<div class=\"info\">\n<div class=\"caption\">\n<p><span>El presidente de los Estados Unidos, Donald Trump, se re\u00fane con el presidente ucraniano, Volodymyr Zelenskyy, cuando el vicepresidente estadounidense JD Vance reacciona en la Casa Blanca en Washington, DC, el 28 de febrero de 2025. <\/span> <span>(Reuters\/Brian Snyder\/Foto de archivo)<\/span><\/p>\n<\/div>\n<\/div>\n<\/div>\n<p><strong>La reacci\u00f3n del embajador de Ucrania al ardiente choque de la Oficina Oval de Trump-Zelenskyy se vuelve viral<\/strong><\/p>\n<p>No son solo los l\u00edderes rusos celebrando; Los miembros de los medios de comunicaci\u00f3n administrados por el gobierno tambi\u00e9n se deleitan en las fracas.<\/p>\n<p>\u00abLos medios de comunicaci\u00f3n rusos, que est\u00e1 controlado casi exclusivamente por el gobierno de Putin, est\u00e1 teniendo un d\u00eda de campo con lo que sucedi\u00f3 hoy entre Zelenskyy y el presidente Trump y JD Vance\u00bb, Rebekah Koffler, analista estrat\u00e9gico de inteligencia militar, ex funcionario senior de la Agencia de Inteligencia de Defensa y autor de \u00abPutin&#8217;s Playbook\u00bb, dijo Fox News Digital.<\/p>\n<p>\u00abRossiyskaya Gazeta\u00bb, la Gaceta Nacional de Rusia, incursi\u00f3n en Zelenskyy, con muchos titulares regodeando sobre la disputa del l\u00edder con Trump y Vance, as\u00ed como dejar temprano la Casa Blanca, seg\u00fan Koffler, quien tradujo los titulares de Fox News Digital.<\/p>\n<p>Adem\u00e1s, el comentarista de televisi\u00f3n estatal ruso Vladimir Solovyov anunci\u00f3 un programa especial centrado en \u00abEl suicidio de Zelenskyy en la Casa Blanca\u00bb, seg\u00fan Reuters.<\/p>\n<div class=\"image-ct inline\">\n<div class=\"m\"><picture><source media=\"(max-width: 767px)\" srcset=\"https:\/\/a57.foxnews.com\/static.foxnews.com\/foxnews.com\/content\/uploads\/2025\/02\/343\/192\/trumpz.png?ve=1&amp;tl=1, https:\/\/a57.foxnews.com\/static.foxnews.com\/foxnews.com\/content\/uploads\/2025\/02\/686\/384\/trumpz.png?ve=1&amp;tl=1 2x\" height=\"192\" width=\"343\"><source media=\"(min-width: 768px) and (max-width: 1023px)\" srcset=\"https:\/\/a57.foxnews.com\/static.foxnews.com\/foxnews.com\/content\/uploads\/2025\/02\/672\/378\/trumpz.png?ve=1&amp;tl=1, https:\/\/a57.foxnews.com\/static.foxnews.com\/foxnews.com\/content\/uploads\/2025\/02\/1344\/756\/trumpz.png?ve=1&amp;tl=1 2x\" height=\"378\" width=\"672\"><source media=\"(min-width: 1024px) and (max-width: 1279px)\" srcset=\"https:\/\/a57.foxnews.com\/static.foxnews.com\/foxnews.com\/content\/uploads\/2025\/02\/931\/523\/trumpz.png?ve=1&amp;tl=1, https:\/\/a57.foxnews.com\/static.foxnews.com\/foxnews.com\/content\/uploads\/2025\/02\/1862\/1046\/trumpz.png?ve=1&amp;tl=1 2x\" height=\"523\" width=\"931\"><source media=\"(min-width: 1280px)\" srcset=\"https:\/\/a57.foxnews.com\/static.foxnews.com\/foxnews.com\/content\/uploads\/2025\/02\/720\/405\/trumpz.png?ve=1&amp;tl=1, https:\/\/a57.foxnews.com\/static.foxnews.com\/foxnews.com\/content\/uploads\/2025\/02\/1440\/810\/trumpz.png?ve=1&amp;tl=1 2x\" height=\"405\" width=\"720\"><img loading=\"lazy\" decoding=\"async\" src=\"https:\/\/a57.foxnews.com\/static.foxnews.com\/foxnews.com\/content\/uploads\/2025\/02\/1200\/675\/trumpz.png?ve=1&amp;tl=1\" alt=\"Trump y Zelenskyy\" width=\"1200\" height=\"675\"\/><\/source><\/source><\/source><\/source><\/picture><\/div>\n<div class=\"info\">\n<div class=\"caption\">\n<p><span>El presidente Donald Trump y el presidente ucraniano Volodymyr Zelenskyy se re\u00fanen en la Oficina Oval de la Casa Blanca en Washington, DC, el 28 de febrero de 2025.<\/span> <span>(Saul Loeb\/AFP a trav\u00e9s de Getty Images)<\/span><\/p>\n<\/div>\n<\/div>\n<\/div>\n<p><strong>Los l\u00edderes mundiales de regreso Zelenskyy despu\u00e9s de Trump, Vance Oval Office Spat<\/strong><\/p>\n<p>Despu\u00e9s de la tensa reuni\u00f3n de la Oficina Oval, los l\u00edderes de todo el mundo salieron condenando las acciones de Trump y Vance y mostrando su apoyo a Ucrania. El presidente franc\u00e9s, Emmanuel Macron, quien recientemente se reuni\u00f3 con Trump en DC, expres\u00f3 su apoyo a Ucrania en una publicaci\u00f3n sobre X.<\/p>\n<p>\u00abHay un agresor: Rusia. Hay una v\u00edctima: Ucrania. Ten\u00edamos raz\u00f3n al ayudar a Ucrania y sancionar a Rusia hace tres a\u00f1os, y seguir haci\u00e9ndolo\u00bb, escribi\u00f3 Macron. \u00abPor &#8216;nosotros&#8217;, me refiero a los estadounidenses, los europeos, los canadienses, los japoneses y muchos otros\u00bb.<\/p>\n<p>Si bien el primer ministro del Reino Unido, Kier Starmer, a\u00fan no ha comentado p\u00fablicamente, el l\u00edder del Partido Conservador del Reino Unido, Kemi Badenoch, habl\u00f3 en apoyo de Ucrania, escribiendo: \u00abNecesitamos recordar que el villano es el presidente criminal de guerra, Putin, que invadi\u00f3 ilegalmente a otro pa\u00eds soberano: Ucrania\u00bb.<\/p>\n<p>El primer ministro canadiense, Justin Trudeau, un cr\u00edtico ardiente de Trump, escribi\u00f3: \u00abCanad\u00e1 continuar\u00e1 con Ucrania y Ucrania para lograr una paz justa y duradera\u00bb.<\/p>\n<p>Las tensiones entre Washington y Kyiv fueron claras antes de que se intercambiaran palabras en la Oficina Oval. El 19 de febrero, el presidente Trump llam\u00f3 al presidente Zelenskyy \u00abun dictador sin elecciones\u00bb en una publicaci\u00f3n sobre Truth Social. Sin embargo, cuando se le pregunt\u00f3 sobre su comentario durante una reuni\u00f3n con el primer ministro brit\u00e1nico Keir Starmer, Trump pareci\u00f3 retroceder diciendo: \u00ab\u00bfDije eso?\u00bb<\/p>\n<p>El enfoque de la administraci\u00f3n Trump para Kyiv se desv\u00eda salvajemente del de la administraci\u00f3n Biden. Biden dej\u00f3 en claro su postura pro-Ukraine despu\u00e9s de la invasi\u00f3n de febrero de 2022, a pesar de sugerir en enero de 2022 que una \u00abincursi\u00f3n menor\u00bb resultar\u00eda en consecuencias m\u00e1s ligeras. Trump, por otro lado, le dijo a los medios de comunicaci\u00f3n antes del intercambio que no tomar\u00eda el lado de Rusia ni Ucrania. M\u00e1s bien, \u00e9l \u00abno estaba alineado con nadie. Estoy alineado con los Estados Unidos de Am\u00e9rica y por el bien del mundo\u00bb.<\/p>\n<div class=\"image-ct inline\">\n<div class=\"m\"><picture><source media=\"(max-width: 767px)\" srcset=\"https:\/\/a57.foxnews.com\/static.foxnews.com\/foxnews.com\/content\/uploads\/2025\/02\/343\/192\/zleaving2.png?ve=1&amp;tl=1, https:\/\/a57.foxnews.com\/static.foxnews.com\/foxnews.com\/content\/uploads\/2025\/02\/686\/384\/zleaving2.png?ve=1&amp;tl=1 2x\" height=\"192\" width=\"343\"><source media=\"(min-width: 768px) and (max-width: 1023px)\" srcset=\"https:\/\/a57.foxnews.com\/static.foxnews.com\/foxnews.com\/content\/uploads\/2025\/02\/672\/378\/zleaving2.png?ve=1&amp;tl=1, https:\/\/a57.foxnews.com\/static.foxnews.com\/foxnews.com\/content\/uploads\/2025\/02\/1344\/756\/zleaving2.png?ve=1&amp;tl=1 2x\" height=\"378\" width=\"672\"><source media=\"(min-width: 1024px) and (max-width: 1279px)\" srcset=\"https:\/\/a57.foxnews.com\/static.foxnews.com\/foxnews.com\/content\/uploads\/2025\/02\/931\/523\/zleaving2.png?ve=1&amp;tl=1, https:\/\/a57.foxnews.com\/static.foxnews.com\/foxnews.com\/content\/uploads\/2025\/02\/1862\/1046\/zleaving2.png?ve=1&amp;tl=1 2x\" height=\"523\" width=\"931\"><source media=\"(min-width: 1280px)\" srcset=\"https:\/\/a57.foxnews.com\/static.foxnews.com\/foxnews.com\/content\/uploads\/2025\/02\/720\/405\/zleaving2.png?ve=1&amp;tl=1, https:\/\/a57.foxnews.com\/static.foxnews.com\/foxnews.com\/content\/uploads\/2025\/02\/1440\/810\/zleaving2.png?ve=1&amp;tl=1 2x\" height=\"405\" width=\"720\"><img loading=\"lazy\" decoding=\"async\" src=\"https:\/\/a57.foxnews.com\/static.foxnews.com\/foxnews.com\/content\/uploads\/2025\/02\/1200\/675\/zleaving2.png?ve=1&amp;tl=1\" alt=\"Zelenskyy entrando en el veh\u00edculo\" width=\"1200\" height=\"675\"\/><\/source><\/source><\/source><\/source><\/picture><\/div>\n<div class=\"info\">\n<div class=\"caption\">\n<p><span>El presidente ucraniano, Volodymyr Zelenskyy, deja la Casa Blanca despu\u00e9s de una acalorada reuni\u00f3n en la Oficina Oval en Washington, DC, el 28 de febrero de 2025.<\/span> <span>(Saul Loeb\/AFP a trav\u00e9s de Getty Images)<\/span><\/p>\n<\/div>\n<\/div>\n<\/div>\n<p><strong><u>Haga clic aqu\u00ed para obtener la aplicaci\u00f3n Fox News<\/u><\/strong><\/p>\n<p>En una entrevista exclusiva con el presentador pol\u00edtico de Fox News Bret Baier, Zelenskyy no se disculp\u00f3 por el acalorado intercambio, pero reconoci\u00f3 que era \u00abmalo para ambos lados\u00bb.<\/p>\n<p>\u00abSolo quiero ser honesto, y solo quiero que nuestros socios entiendan la situaci\u00f3n correctamente, y quiero entender todo correctamente. Se trata de no perder nuestra amistad\u00bb, dijo Zelenskyy en \u00abInforme especial\u00bb.<\/p>\n<p> <!----> <\/p>\n<div class=\"article-meta\">\n<div class=\"author-bio\">\n<p>Rachel Wolf es una escritora de noticias de Fox News Digital y Fox Business.<\/p>\n<\/div>\n<\/div>\n<\/div>\n\n","protected":false},"excerpt":{"rendered":"<p>A Rusia le encanta el espect\u00e1culo de la Oficina Oval que tuvo lugar ayer con el presidente de Ucrania, Volodymyr Zelenskyy, el presidente Donald Trump y el vicepresidente JD Vance. Sin embargo, hay una voz rusa prominente que a\u00fan no se ha escuchado, la del presidente ruso Vladimir Putin, quien, en el momento de este &hellip;<\/p>\n","protected":false},"author":1,"featured_media":16767,"comment_status":"open","ping_status":"open","sticky":false,"template":"","format":"standard","meta":{"fifu_image_url":"https:\/\/static.foxnews.com\/foxnews.com\/content\/uploads\/2025\/03\/zelenskyy-trump-vance-oval-office.jpg","fifu_image_alt":"","footnotes":""},"categories":[13],"tags":[],"class_list":["post-16765","post","type-post","status-publish","format-standard","has-post-thumbnail","","category-mundo"],"_links":{"self":[{"href":"https:\/\/noticiasveraces.com\/index.php?rest_route=\/wp\/v2\/posts\/16765","targetHints":{"allow":["GET"]}}],"collection":[{"href":"https:\/\/noticiasveraces.com\/index.php?rest_route=\/wp\/v2\/posts"}],"about":[{"href":"https:\/\/noticiasveraces.com\/index.php?rest_route=\/wp\/v2\/types\/post"}],"author":[{"embeddable":true,"href":"https:\/\/noticiasveraces.com\/index.php?rest_route=\/wp\/v2\/users\/1"}],"replies":[{"embeddable":true,"href":"https:\/\/noticiasveraces.com\/index.php?rest_route=%2Fwp%2Fv2%2Fcomments&post=16765"}],"version-history":[{"count":0,"href":"https:\/\/noticiasveraces.com\/index.php?rest_route=\/wp\/v2\/posts\/16765\/revisions"}],"wp:featuredmedia":[{"embeddable":true,"href":"https:\/\/noticiasveraces.com\/index.php?rest_route=\/wp\/v2\/media\/16767"}],"wp:attachment":[{"href":"https:\/\/noticiasveraces.com\/index.php?rest_route=%2Fwp%2Fv2%2Fmedia&parent=16765"}],"wp:term":[{"taxonomy":"category","embeddable":true,"href":"https:\/\/noticiasveraces.com\/index.php?rest_route=%2Fwp%2Fv2%2Fcategories&post=16765"},{"taxonomy":"post_tag","embeddable":true,"href":"https:\/\/noticiasveraces.com\/index.php?rest_route=%2Fwp%2Fv2%2Ftags&post=16765"}],"curies":[{"name":"wp","href":"https:\/\/api.w.org\/{rel}","templated":true}]}}