{"id":16762,"date":"2025-03-01T09:12:10","date_gmt":"2025-03-01T13:12:10","guid":{"rendered":"https:\/\/noticiasveraces.com\/?p=16762"},"modified":"2025-03-01T09:12:10","modified_gmt":"2025-03-01T13:12:10","slug":"si-zelenskyy-renuncio-quien-podria-liderar-ucrania","status":"publish","type":"post","link":"https:\/\/noticiasveraces.com\/?p=16762","title":{"rendered":"Si Zelenskyy renunci\u00f3, \u00bfqui\u00e9n podr\u00eda liderar Ucrania?"},"content":{"rendered":"<p> \n<\/p>\n<div>\n<p class=\"speakable\">Las preguntas que rodean la renuncia del presidente ucraniano Volodymyr Zelensky provocaron el viernes despu\u00e9s de que la senadora Lindsey Graham, republicana de R-SC, sugiri\u00f3 que podr\u00eda necesitar renunciar despu\u00e9s de que estall\u00f3 una disputa entre \u00e9l y el presidente Donald Trump durante la cobertura en vivo.<\/p>\n<p class=\"speakable\">Pero esa no fue la primera vez que el Partido Republicano sugiri\u00f3 tal movimiento, y comenz\u00f3 a principios de este mes despu\u00e9s de que Trump impuls\u00f3 la idea luego de una llamada con el presidente ruso Vladimir Putin. <\/p>\n<p>Trump dijo por primera vez que Ucrania deber\u00eda celebrar elecciones despu\u00e9s de afirmar falsamente que solo disfrut\u00f3 de un \u00edndice de aprobaci\u00f3n del 4%, aunque bajo la constituci\u00f3n de Ucrania, el pa\u00eds no puede celebrar elecciones cuando la ley marcial est\u00e1 vigente durante un momento de guerra. <\/p>\n<div class=\"image-ct inline\">\n<div class=\"m\"><picture><source media=\"(max-width: 767px)\" srcset=\"https:\/\/a57.foxnews.com\/static.foxnews.com\/foxnews.com\/content\/uploads\/2025\/02\/343\/192\/trump-with-zelenskyy.jpg?ve=1&amp;tl=1, https:\/\/a57.foxnews.com\/static.foxnews.com\/foxnews.com\/content\/uploads\/2025\/02\/686\/384\/trump-with-zelenskyy.jpg?ve=1&amp;tl=1 2x\" height=\"192\" width=\"343\"><source media=\"(min-width: 768px) and (max-width: 1023px)\" srcset=\"https:\/\/a57.foxnews.com\/static.foxnews.com\/foxnews.com\/content\/uploads\/2025\/02\/672\/378\/trump-with-zelenskyy.jpg?ve=1&amp;tl=1, https:\/\/a57.foxnews.com\/static.foxnews.com\/foxnews.com\/content\/uploads\/2025\/02\/1344\/756\/trump-with-zelenskyy.jpg?ve=1&amp;tl=1 2x\" height=\"378\" width=\"672\"><source media=\"(min-width: 1024px) and (max-width: 1279px)\" srcset=\"https:\/\/a57.foxnews.com\/static.foxnews.com\/foxnews.com\/content\/uploads\/2025\/02\/931\/523\/trump-with-zelenskyy.jpg?ve=1&amp;tl=1, https:\/\/a57.foxnews.com\/static.foxnews.com\/foxnews.com\/content\/uploads\/2025\/02\/1862\/1046\/trump-with-zelenskyy.jpg?ve=1&amp;tl=1 2x\" height=\"523\" width=\"931\"><source media=\"(min-width: 1280px)\" srcset=\"https:\/\/a57.foxnews.com\/static.foxnews.com\/foxnews.com\/content\/uploads\/2025\/02\/720\/405\/trump-with-zelenskyy.jpg?ve=1&amp;tl=1, https:\/\/a57.foxnews.com\/static.foxnews.com\/foxnews.com\/content\/uploads\/2025\/02\/1440\/810\/trump-with-zelenskyy.jpg?ve=1&amp;tl=1 2x\" height=\"405\" width=\"720\"><img loading=\"lazy\" decoding=\"async\" src=\"https:\/\/a57.foxnews.com\/static.foxnews.com\/foxnews.com\/content\/uploads\/2025\/02\/1200\/675\/trump-with-zelenskyy.jpg?ve=1&amp;tl=1\" alt=\"Zelenskyy y Trump en la Oficina Oval\" width=\"1200\" height=\"675\"\/><\/source><\/source><\/source><\/source><\/picture><\/div>\n<div class=\"info\">\n<div class=\"caption\">\n<p><span>El presidente Donald Trump, a la derecha, se re\u00fane con el presidente ucraniano Volodymyr Zelenskyy en la Oficina Oval de la Casa Blanca, el viernes 28 de febrero de 2025 en Washington. <\/span> <span>(Photo AP\/ Mystyslav Chernov)<\/span><\/p>\n<\/div>\n<\/div>\n<\/div>\n<p><strong>Los l\u00edderes mundiales de regreso Zelenskyy despu\u00e9s de Trump, Vance Oval Office Spat<\/strong><\/p>\n<p>Zelenskyy, cuyo \u00edndice de aprobaci\u00f3n est\u00e1 m\u00e1s cerca del 63% seg\u00fan un informe de Reuters, el viernes reiter\u00f3 una vez m\u00e1s que renunciar\u00eda si a Kyiv se le otorgara la membres\u00eda de la OTAN. <\/p>\n<p>En \u00faltima instancia, enfatiz\u00f3 durante una entrevista con el Bret Baier de Fox News, al igual que en los Estados Unidos, donde \u00ablos estadounidenses votan por el presidente estadounidense\u00bb, al igual que \u00abcada pa\u00eds europeo vota por su presidente\u00bb, el mismo derecho soberano se lleva a cabo en Ucrania, lo que sugiere que no es una t\u00e1ctica negociadora que permita que Trump use para apelar a Putin. <\/p>\n<p>Pero, \u00bfqui\u00e9n puede estar en la carrera? \u00bfDeber\u00eda Zelenskyy alguna vez decidir renunciar?<\/p>\n<h2>Vitali Klitschko<\/h2>\n<div class=\"image-ct inline\">\n<div class=\"m\"><picture><source media=\"(max-width: 767px)\" srcset=\"https:\/\/a57.foxnews.com\/static.foxnews.com\/foxnews.com\/content\/uploads\/2023\/12\/343\/192\/vitali-klitschko.jpg?ve=1&amp;tl=1, https:\/\/a57.foxnews.com\/static.foxnews.com\/foxnews.com\/content\/uploads\/2023\/12\/686\/384\/vitali-klitschko.jpg?ve=1&amp;tl=1 2x\" height=\"192\" width=\"343\"><source media=\"(min-width: 768px) and (max-width: 1023px)\" srcset=\"https:\/\/a57.foxnews.com\/static.foxnews.com\/foxnews.com\/content\/uploads\/2023\/12\/672\/378\/vitali-klitschko.jpg?ve=1&amp;tl=1, https:\/\/a57.foxnews.com\/static.foxnews.com\/foxnews.com\/content\/uploads\/2023\/12\/1344\/756\/vitali-klitschko.jpg?ve=1&amp;tl=1 2x\" height=\"378\" width=\"672\"><source media=\"(min-width: 1024px) and (max-width: 1279px)\" srcset=\"https:\/\/a57.foxnews.com\/static.foxnews.com\/foxnews.com\/content\/uploads\/2023\/12\/931\/523\/vitali-klitschko.jpg?ve=1&amp;tl=1, https:\/\/a57.foxnews.com\/static.foxnews.com\/foxnews.com\/content\/uploads\/2023\/12\/1862\/1046\/vitali-klitschko.jpg?ve=1&amp;tl=1 2x\" height=\"523\" width=\"931\"><source media=\"(min-width: 1280px)\" srcset=\"https:\/\/a57.foxnews.com\/static.foxnews.com\/foxnews.com\/content\/uploads\/2023\/12\/720\/405\/vitali-klitschko.jpg?ve=1&amp;tl=1, https:\/\/a57.foxnews.com\/static.foxnews.com\/foxnews.com\/content\/uploads\/2023\/12\/1440\/810\/vitali-klitschko.jpg?ve=1&amp;tl=1 2x\" height=\"405\" width=\"720\"><img loading=\"lazy\" decoding=\"async\" src=\"https:\/\/a57.foxnews.com\/static.foxnews.com\/foxnews.com\/content\/uploads\/2023\/12\/1200\/675\/vitali-klitschko.jpg?ve=1&amp;tl=1\" alt=\"Alcalde de Kyiv Vitali Klitschko\" width=\"1200\" height=\"675\"\/><\/source><\/source><\/source><\/source><\/picture><\/div>\n<div class=\"info\">\n<div class=\"caption\">\n<p><span>Alcalde de Kiev Vitali Klitschko en el sitio de un misil que llega a un edificio residencial de gran altura el 24 de junio de 2023 en Kiev, Ucrania. <\/span> <span>(Oleksandr Gusev\/Global Images Ucrania a trav\u00e9s de Getty Images)<\/span><\/p>\n<\/div>\n<\/div>\n<\/div>\n<p>El ex boxeador convertido en pol\u00edtico que se ha desempe\u00f1ado como alcalde de Kiev desde 2014 con un fuerte apoyo entre los que viven en la ciudad capital, tambi\u00e9n ha demostrado ser en el escenario internacional.<\/p>\n<p>En un viaje a Bruselas a principios de este mes, Klitschko enfatiz\u00f3 la necesidad de respaldar a Zelenskyy mientras presentaba ataques verbales de la administraci\u00f3n Trump mientras intentaba contrarrestar la guerra de Putin. <\/p>\n<p>La voz del apoyo a los l\u00edderes ucranianos fue particularmente notable dada sus cr\u00edticas previas a Zelenskyy.<\/p>\n<p>Durante su viaje la semana pasada, Klitschko enfatiz\u00f3 que una elecci\u00f3n podr\u00eda \u00abdestruir al pa\u00eds desde adentro\u00bb mientras enfrenta amenazas existenciales desde el norte y en su flanco oriental.<\/p>\n<p><strong>Zelenskyy habla despu\u00e9s de una disputa p\u00fablica con Trump, Vance, dice Dustup \u00abmalo para ambos lados\u00bb<\/strong><\/p>\n<h2>Ruslan Stefanchuk<\/h2>\n<div class=\"image-ct inline\">\n<div class=\"m\"><picture><source media=\"(max-width: 767px)\" srcset=\"https:\/\/a57.foxnews.com\/static.foxnews.com\/foxnews.com\/content\/uploads\/2025\/02\/343\/192\/chair.jpg?ve=1&amp;tl=1, https:\/\/a57.foxnews.com\/static.foxnews.com\/foxnews.com\/content\/uploads\/2025\/02\/686\/384\/chair.jpg?ve=1&amp;tl=1 2x\" height=\"192\" width=\"343\"><source media=\"(min-width: 768px) and (max-width: 1023px)\" srcset=\"https:\/\/a57.foxnews.com\/static.foxnews.com\/foxnews.com\/content\/uploads\/2025\/02\/672\/378\/chair.jpg?ve=1&amp;tl=1, https:\/\/a57.foxnews.com\/static.foxnews.com\/foxnews.com\/content\/uploads\/2025\/02\/1344\/756\/chair.jpg?ve=1&amp;tl=1 2x\" height=\"378\" width=\"672\"><source media=\"(min-width: 1024px) and (max-width: 1279px)\" srcset=\"https:\/\/a57.foxnews.com\/static.foxnews.com\/foxnews.com\/content\/uploads\/2025\/02\/931\/523\/chair.jpg?ve=1&amp;tl=1, https:\/\/a57.foxnews.com\/static.foxnews.com\/foxnews.com\/content\/uploads\/2025\/02\/1862\/1046\/chair.jpg?ve=1&amp;tl=1 2x\" height=\"523\" width=\"931\"><source media=\"(min-width: 1280px)\" srcset=\"https:\/\/a57.foxnews.com\/static.foxnews.com\/foxnews.com\/content\/uploads\/2025\/02\/720\/405\/chair.jpg?ve=1&amp;tl=1, https:\/\/a57.foxnews.com\/static.foxnews.com\/foxnews.com\/content\/uploads\/2025\/02\/1440\/810\/chair.jpg?ve=1&amp;tl=1 2x\" height=\"405\" width=\"720\"><img loading=\"lazy\" decoding=\"async\" src=\"https:\/\/a57.foxnews.com\/static.foxnews.com\/foxnews.com\/content\/uploads\/2025\/02\/1200\/675\/chair.jpg?ve=1&amp;tl=1\" alt=\"Ruslan Stefanchuk\" width=\"1200\" height=\"675\"\/><\/source><\/source><\/source><\/source><\/picture><\/div>\n<div class=\"info\">\n<div class=\"caption\">\n<p><span>El presidente de Verkhovna Rada Ruslan Stefanchuk (L) se da la mano con el Jefe del Servicio de Seguridad de Ucrania Vasyl Malyuk (R) durante la &#8216;Ucrania. Foro de a\u00f1o 2025 &#8216;el 23 de febrero de 2025 en Kyiv, Ucrania. Foro &#8216;Ucrania. Year 2025 &#8216;est\u00e1 dedicado al tercer aniversario de la invasi\u00f3n a gran escala de Rusia de Ucrania. Discute los temas m\u00e1s importantes del desarrollo del pa\u00eds.<\/span> <span>(Foto de Ivan Antypenko\/Sospilne Ucrania\/JSC UA: PBC\/Global Images Ucrania a trav\u00e9s de Getty Images)<\/span><\/p>\n<\/div>\n<\/div>\n<\/div>\n<p>Seg\u00fan los informes, Stefanchuk, presidente del parlamento de Ucrania, tambi\u00e9n ha sido flotado como un potencial contendiente futuro para el principal papel en Ucrania. <\/p>\n<p>Aunque se dice que Stefanchuk es un aliado superior de Zelenskyy, ha rechazado ardientemente las recientes sugerencias internacionales de que Ucrania celebra elecciones.<\/p>\n<p>En una publicaci\u00f3n de Facebook a principios de este mes, argument\u00f3 que \u00absi hay alguien que necesite ser forzado a elecciones reales, libres y justas, es [Putin]\u00bb<\/p>\n<p>Se\u00f1al\u00f3 que Ucrania necesita \u00abbalas, no boletas\u00bb, seg\u00fan un informe de Newsweek. <\/p>\n<h2>Kyrylo Budanov<\/h2>\n<div class=\"image-ct inline\">\n<div class=\"m\"><picture><source media=\"(max-width: 767px)\" srcset=\"https:\/\/a57.foxnews.com\/static.foxnews.com\/foxnews.com\/content\/uploads\/2023\/10\/343\/192\/GettyImages-1691800101-e1696331514534.jpg?ve=1&amp;tl=1, https:\/\/a57.foxnews.com\/static.foxnews.com\/foxnews.com\/content\/uploads\/2023\/10\/686\/384\/GettyImages-1691800101-e1696331514534.jpg?ve=1&amp;tl=1 2x\" height=\"192\" width=\"343\"><source media=\"(min-width: 768px) and (max-width: 1023px)\" srcset=\"https:\/\/a57.foxnews.com\/static.foxnews.com\/foxnews.com\/content\/uploads\/2023\/10\/672\/378\/GettyImages-1691800101-e1696331514534.jpg?ve=1&amp;tl=1, https:\/\/a57.foxnews.com\/static.foxnews.com\/foxnews.com\/content\/uploads\/2023\/10\/1344\/756\/GettyImages-1691800101-e1696331514534.jpg?ve=1&amp;tl=1 2x\" height=\"378\" width=\"672\"><source media=\"(min-width: 1024px) and (max-width: 1279px)\" srcset=\"https:\/\/a57.foxnews.com\/static.foxnews.com\/foxnews.com\/content\/uploads\/2023\/10\/931\/523\/GettyImages-1691800101-e1696331514534.jpg?ve=1&amp;tl=1, https:\/\/a57.foxnews.com\/static.foxnews.com\/foxnews.com\/content\/uploads\/2023\/10\/1862\/1046\/GettyImages-1691800101-e1696331514534.jpg?ve=1&amp;tl=1 2x\" height=\"523\" width=\"931\"><source media=\"(min-width: 1280px)\" srcset=\"https:\/\/a57.foxnews.com\/static.foxnews.com\/foxnews.com\/content\/uploads\/2023\/10\/720\/405\/GettyImages-1691800101-e1696331514534.jpg?ve=1&amp;tl=1, https:\/\/a57.foxnews.com\/static.foxnews.com\/foxnews.com\/content\/uploads\/2023\/10\/1440\/810\/GettyImages-1691800101-e1696331514534.jpg?ve=1&amp;tl=1 2x\" height=\"405\" width=\"720\"><img loading=\"lazy\" decoding=\"async\" src=\"https:\/\/a57.foxnews.com\/static.foxnews.com\/foxnews.com\/content\/uploads\/2023\/10\/1200\/675\/GettyImages-1691800101-e1696331514534.jpg?ve=1&amp;tl=1\" alt=\"Kyrylo Budanov\" width=\"1200\" height=\"675\"\/><\/source><\/source><\/source><\/source><\/picture><\/div>\n<div class=\"info\">\n<div class=\"caption\">\n<p><span>El jefe de la inteligencia de defensa de Ucrania Kyrylo Budanov ofrece una entrevista en Kiev, Ucrania. <\/span> <span>(Foto de Vitalii Nosach\/Global Images Ucrania a trav\u00e9s de Getty Images)<\/span><\/p>\n<\/div>\n<\/div>\n<\/div>\n<p>El jefe de la agencia de inteligencia militar Gur de Ucrania, Budanov, podr\u00eda ser otro que pueda ser un contendiente para el trabajo principal en Kiev.<\/p>\n<p>Budanov, quien no ha expresado el deseo de buscar un alto cargo seg\u00fan un informe de Newsweek, tiene una calificaci\u00f3n de confianza a\u00fan m\u00e1s alta que Zelenskyy entre los ucranianos. <\/p>\n<p>El jefe de inteligencia militar a principios de este mes aparentemente expres\u00f3 su confianza de que Ucrania finalmente puede llegar a un acuerdo de paz despu\u00e9s de tres a\u00f1os de guerra.<\/p>\n<p>\u00abCreo que va a suceder. Hay la mayor\u00eda de los componentes para que suceda\u00bb, dijo Budanov durante una entrevista de YouTube. \u00ab\u00bfCu\u00e1nto tiempo ser\u00e1, cu\u00e1n efectivo ser\u00e1? [is] Otra pregunta \u00ab.<\/p>\n<h2><strong>General Valery Zaluzhny<\/strong><\/h2>\n<div class=\"image-ct inline\">\n<div class=\"m\"><picture><source media=\"(max-width: 767px)\" srcset=\"https:\/\/a57.foxnews.com\/static.foxnews.com\/foxnews.com\/content\/uploads\/2023\/11\/343\/192\/Commander-in-Chief-of-the-Armed-Forces-of-Ukraine-1.jpg?ve=1&amp;tl=1, https:\/\/a57.foxnews.com\/static.foxnews.com\/foxnews.com\/content\/uploads\/2023\/11\/686\/384\/Commander-in-Chief-of-the-Armed-Forces-of-Ukraine-1.jpg?ve=1&amp;tl=1 2x\" height=\"192\" width=\"343\"><source media=\"(min-width: 768px) and (max-width: 1023px)\" srcset=\"https:\/\/a57.foxnews.com\/static.foxnews.com\/foxnews.com\/content\/uploads\/2023\/11\/672\/378\/Commander-in-Chief-of-the-Armed-Forces-of-Ukraine-1.jpg?ve=1&amp;tl=1, https:\/\/a57.foxnews.com\/static.foxnews.com\/foxnews.com\/content\/uploads\/2023\/11\/1344\/756\/Commander-in-Chief-of-the-Armed-Forces-of-Ukraine-1.jpg?ve=1&amp;tl=1 2x\" height=\"378\" width=\"672\"><source media=\"(min-width: 1024px) and (max-width: 1279px)\" srcset=\"https:\/\/a57.foxnews.com\/static.foxnews.com\/foxnews.com\/content\/uploads\/2023\/11\/931\/523\/Commander-in-Chief-of-the-Armed-Forces-of-Ukraine-1.jpg?ve=1&amp;tl=1, https:\/\/a57.foxnews.com\/static.foxnews.com\/foxnews.com\/content\/uploads\/2023\/11\/1862\/1046\/Commander-in-Chief-of-the-Armed-Forces-of-Ukraine-1.jpg?ve=1&amp;tl=1 2x\" height=\"523\" width=\"931\"><source media=\"(min-width: 1280px)\" srcset=\"https:\/\/a57.foxnews.com\/static.foxnews.com\/foxnews.com\/content\/uploads\/2023\/11\/720\/405\/Commander-in-Chief-of-the-Armed-Forces-of-Ukraine-1.jpg?ve=1&amp;tl=1, https:\/\/a57.foxnews.com\/static.foxnews.com\/foxnews.com\/content\/uploads\/2023\/11\/1440\/810\/Commander-in-Chief-of-the-Armed-Forces-of-Ukraine-1.jpg?ve=1&amp;tl=1 2x\" height=\"405\" width=\"720\"><img loading=\"lazy\" decoding=\"async\" src=\"https:\/\/a57.foxnews.com\/static.foxnews.com\/foxnews.com\/content\/uploads\/2023\/11\/1200\/675\/Commander-in-Chief-of-the-Armed-Forces-of-Ukraine-1.jpg?ve=1&amp;tl=1\" alt=\"Valery Zaluzhny, el mejor general de Ucrania, sentado en una reuni\u00f3n\" width=\"1200\" height=\"675\"\/><\/source><\/source><\/source><\/source><\/picture><\/div>\n<div class=\"info\">\n<div class=\"caption\">\n<p><span>Valery Zaluzhny, ex comandante en jefe de los fuerzas de la Ucrania.<\/span> <span>(@Cinc_afu)<\/span><\/p>\n<\/div>\n<\/div>\n<\/div>\n<p>El ex comandante en jefe de las fuerzas armadas de Ucrania, Zaluzhny, y actualmente el embajador de su pa\u00eds en el Reino Unido es visto como un sucesor popular y cre\u00edble de Zelenskyy si el presidente se apartaba. <\/p>\n<p><strong>Haga clic aqu\u00ed para obtener la aplicaci\u00f3n Fox News<\/strong><\/p>\n<p>Zaluzhny y Zelenskyy han tenido sus diferencias, lo que result\u00f3 en que el general sea despedido de su puesto militar en 2024. El blog Carnegie Politika inform\u00f3 recientemente que su popularidad es fuerte, con el 80% de los ucranianos diciendo que conf\u00edan en \u00e9l. La publicaci\u00f3n tambi\u00e9n se\u00f1al\u00f3 que una hipot\u00e9tica escorrent\u00eda de segunda ronda entre los dos result\u00f3 en un v\u00ednculo estad\u00edstico.<\/p>\n<p>Zaluzhny no ha dicho si desafiar\u00eda a Zelenskyy o si incluso estaba interesado en postularse para el presidente. <\/p>\n<p> <!----> <\/p>\n<div class=\"article-meta\">\n<div class=\"author-bio\">\n<p>Caitlin McFall es reportero de Fox News Digital Cubting Politics, US y World News.<\/p>\n<\/div>\n<\/div>\n<\/div>\n\n","protected":false},"excerpt":{"rendered":"<p>Las preguntas que rodean la renuncia del presidente ucraniano Volodymyr Zelensky provocaron el viernes despu\u00e9s de que la senadora Lindsey Graham, republicana de R-SC, sugiri\u00f3 que podr\u00eda necesitar renunciar despu\u00e9s de que estall\u00f3 una disputa entre \u00e9l y el presidente Donald Trump durante la cobertura en vivo. Pero esa no fue la primera vez que &hellip;<\/p>\n","protected":false},"author":1,"featured_media":16764,"comment_status":"open","ping_status":"open","sticky":false,"template":"","format":"standard","meta":{"fifu_image_url":"https:\/\/static.foxnews.com\/foxnews.com\/content\/uploads\/2024\/06\/Zelenskyy-7.png","fifu_image_alt":"","footnotes":""},"categories":[13],"tags":[],"class_list":["post-16762","post","type-post","status-publish","format-standard","has-post-thumbnail","","category-mundo"],"_links":{"self":[{"href":"https:\/\/noticiasveraces.com\/index.php?rest_route=\/wp\/v2\/posts\/16762","targetHints":{"allow":["GET"]}}],"collection":[{"href":"https:\/\/noticiasveraces.com\/index.php?rest_route=\/wp\/v2\/posts"}],"about":[{"href":"https:\/\/noticiasveraces.com\/index.php?rest_route=\/wp\/v2\/types\/post"}],"author":[{"embeddable":true,"href":"https:\/\/noticiasveraces.com\/index.php?rest_route=\/wp\/v2\/users\/1"}],"replies":[{"embeddable":true,"href":"https:\/\/noticiasveraces.com\/index.php?rest_route=%2Fwp%2Fv2%2Fcomments&post=16762"}],"version-history":[{"count":0,"href":"https:\/\/noticiasveraces.com\/index.php?rest_route=\/wp\/v2\/posts\/16762\/revisions"}],"wp:featuredmedia":[{"embeddable":true,"href":"https:\/\/noticiasveraces.com\/index.php?rest_route=\/wp\/v2\/media\/16764"}],"wp:attachment":[{"href":"https:\/\/noticiasveraces.com\/index.php?rest_route=%2Fwp%2Fv2%2Fmedia&parent=16762"}],"wp:term":[{"taxonomy":"category","embeddable":true,"href":"https:\/\/noticiasveraces.com\/index.php?rest_route=%2Fwp%2Fv2%2Fcategories&post=16762"},{"taxonomy":"post_tag","embeddable":true,"href":"https:\/\/noticiasveraces.com\/index.php?rest_route=%2Fwp%2Fv2%2Ftags&post=16762"}],"curies":[{"name":"wp","href":"https:\/\/api.w.org\/{rel}","templated":true}]}}