{"id":16758,"date":"2025-03-01T07:07:42","date_gmt":"2025-03-01T11:07:42","guid":{"rendered":"https:\/\/noticiasveraces.com\/?p=16758"},"modified":"2025-03-01T07:07:42","modified_gmt":"2025-03-01T11:07:42","slug":"occidente-reacciona-con-apoyo-a-ucrania-tras-altergado-dw-01-03-2025","status":"publish","type":"post","link":"https:\/\/noticiasveraces.com\/?p=16758","title":{"rendered":"Occident\u00e9 reacciona con apoyo a Ucrania Tras Altergado &#8211; DW &#8211; 01\/03\/2025"},"content":{"rendered":"<p> \n<\/p>\n<div>\n<p>El Inaudito alterado verbal entre Donald Trump y Volodimir Zelenski El Viernes (28.02.2025) en la Casa Blanca Provoc\u00f3 una r\u00e1pida Oleada de reacciones en el mundo, Donde la Divisio Clara Entre el Respondo de Los Pa\u00edses Decretos A UCRANIA SE SE CONTAPINA CONTAB\u00cdA CONTAB\u00cdA CONTAB\u00cdA CONTAB\u00cdA FUE Recibido lo Ocurrido en Washington por parte del r\u00e9gimen Ruso.<\/p>\n<p>\u00abLa Paz Sin Garant\u00edas no es posible\u00bb, Recalc\u00f3 El Primer Ministro Ucraniano, Denis Shmigal. \u00abEl Presidente Zelenski Tiene Raz\u00f3n, un Alto el FUEGO SIN GARANT\u00cdAS ES EL CAMINO HACIA LA OCUPACIO RUSA DE TODO EL CONTINEENTE Europeo\u00bb, Recalc\u00f3. Por su parte, El Comandante en Jefe del Ej\u00e9rcito Ucraniano, Oleksandr Sirski, Afirm\u00f3 que \u00abLas Fuerzas Armadas Est\u00e1n Con Ucrania, Con El Pueblo, Con El Comandante en Jefe supremo\u00bb, Renovado a Zelenski.<\/p>\n<p>En una declaraci\u00f3n conjunta, la presidenta de la comisi\u00f3n europea, la Alemana Ursula von der Leyen, y El Jefe del Consejo Europa, Ant\u00f3nio Costa, Norceron \u00abSu Dignidad Honra la Valent\u00eda del Pueblo Ucraniano. Sea Fuerte, Sea Valiente, Sea Intr\u00e9spido. Presidente Zelenski \u00ab. Nos corresponde a Nosotros, Europeos, Asumir Este Reto \u00ab, Declar\u00f3, Por Su Parte, La Titular de la Diplomacia de la Uni\u00f3n Europea, Kaja Kallas.<\/p>\n<p>\u00abUcrania, Espa\u00f1a Est\u00e1 Contigo\u00bb, Apunt\u00f3 en X (Twitter) El Presidente del Gobierno Espa\u00f1ol. \u00abHay un agresor que es Rusia. Hay un pueblo agredido Que es Ucrania \u201d, Declar\u00f3 el Presidente Franc\u00e9s, Emmanuel Macron, Durante una visita a Portugal. \u00ab\u00a1NADIE DESEA LA PAZ M\u00c1S QUE LOS CIUDADANOS DE UCRANIA! Por ESO Buscamos Juntos el Camino Hacia una Paz Duradera y JUTA. UCRANIA PUEDE CONTAR CON ALEMANIA Y CON EUROPA\u201d, Afirm\u00f3, en Tanto, El Jefe, Gobierno Alem\u00e1n, Olaf, Olaf, en un Scholz.<\/p>\n<p><span data-slot-id=\"Article_InContent-1\" class=\"rich-text-ad\"\/><\/p>\n<h2>\u00abINTENCIONES IMPERIALISTAS\u00bb<\/h2>\n<p>Canad\u00e1 Subray\u00f3 que Ucrania Lucha por Su Libertad, Pero Tambi\u00e9n por \u00abla nuestra\u00bb, y Dinamarca dijo estar \u00abOrgullosa de apoyar a Ucrania y al pueblo Ucraniano\u00bb. El Primer Ministro de Australia, Anthony Albanese, Afirm\u00f3 que su pa\u00eds \u00abse Mantendr\u00e1 al Lado de Ucrania\u00bb por el Tiempo que mar necesario y denunci\u00f3 las \u00abINTENCIONES IMPERIALISTAS\u00bb de Putin. Tambi\u00e9n en Ocean\u00eda, El Primer Ministro Neozeland\u00e9s, Christopher Luxon, expres\u00f3 su apoyo \u00abinquebrantable\u00bb un defensor de Ucrania para \u00abuna nacia orgullosa, dem\u00f3crata y soerana, pero tambi\u00e9n el derecho internacional\u00bb.<\/p>\n<p>El Presidente de Rep\u00fablica Checa, Petr Pavel, Apunt\u00f3 Tambi\u00e9n en X (Twitter) Que su Pa\u00eds Est\u00e1 \u00abConcrania M\u00e1S Nunca. Es Momento de que Europa Aumone SUSfuerzos\u00bb. Su Colega de Moldavia, Maia Sandu, Escribi\u00f3 en la Misma Red Social Social \u00abLa Realida\u00bb Ucrania. Rusia es el Agresor, Ucrania Defiende Su Libertad, y La Nuestra. Estamos Con Ucrania \u201d.<\/p>\n<p>La primera ministra italiana, Giorgia Meloni, pidi\u00f3 que se convoque \u00absin demora\u00bb una \u00abcumbre\u00bb entre Estados Unidos, Europa y sus aliados sobre Ucrania, \u00abpara hablar con franqueza\u00bb sobre c\u00f3mo \u00ababordar los grandes desaf\u00edos actuales, empezando por Ucrania\u00bb, a la que Han \u00abDefendido Juntos en Los \u00daltimos A\u00f1os\u00bb. \u00abEl Apoyo de Pa\u00edses Bajos A Ucrania Sigue intacto. Especialmental Ahora\u00bb, declar\u00f3 el Primer Ministro de ESe Pa\u00eds, Dick Schoof. \u00abQueremos una Paz Duradera y El Fin de la Guerra de Agresi\u00f3n que Desat\u00f3 Rusia\u00bb.<\/p>\n<p>En la otra Cara de la Moneda se Posicion\u00f3 el Primer Ministro de Hungr\u00eda, Viktor Orban, Quien Agradeci\u00f3 A Trump por Haber Defendido \u00abValientente la Paz\u00bb, Tras el AlterCado Verbal. \u00abEl Cerdo Insolente Por Fin Ha Recibido una Buena Lecci\u00f3n en El DESPACHO OVAL\u00bb, Celebr\u00f3, por Su Parte, El Exresidente de Rusia, Dmitri Medvedev, Ahora N\u00famero dos del Consejo de Seguridad Ruso.<\/p>\n<p>DZC (AFP, Reuters)<\/p>\n<\/div>\n\n","protected":false},"excerpt":{"rendered":"<p>El Inaudito alterado verbal entre Donald Trump y Volodimir Zelenski El Viernes (28.02.2025) en la Casa Blanca Provoc\u00f3 una r\u00e1pida Oleada de reacciones en el mundo, Donde la Divisio Clara Entre el Respondo de Los Pa\u00edses Decretos A UCRANIA SE SE CONTAPINA CONTAB\u00cdA CONTAB\u00cdA CONTAB\u00cdA CONTAB\u00cdA FUE Recibido lo Ocurrido en Washington por parte del &hellip;<\/p>\n","protected":false},"author":1,"featured_media":16759,"comment_status":"open","ping_status":"open","sticky":false,"template":"","format":"standard","meta":{"fifu_image_url":"https:\/\/static.dw.com\/image\/71789656_6.jpg","fifu_image_alt":"","footnotes":""},"categories":[13],"tags":[],"class_list":["post-16758","post","type-post","status-publish","format-standard","has-post-thumbnail","","category-mundo"],"_links":{"self":[{"href":"https:\/\/noticiasveraces.com\/index.php?rest_route=\/wp\/v2\/posts\/16758","targetHints":{"allow":["GET"]}}],"collection":[{"href":"https:\/\/noticiasveraces.com\/index.php?rest_route=\/wp\/v2\/posts"}],"about":[{"href":"https:\/\/noticiasveraces.com\/index.php?rest_route=\/wp\/v2\/types\/post"}],"author":[{"embeddable":true,"href":"https:\/\/noticiasveraces.com\/index.php?rest_route=\/wp\/v2\/users\/1"}],"replies":[{"embeddable":true,"href":"https:\/\/noticiasveraces.com\/index.php?rest_route=%2Fwp%2Fv2%2Fcomments&post=16758"}],"version-history":[{"count":0,"href":"https:\/\/noticiasveraces.com\/index.php?rest_route=\/wp\/v2\/posts\/16758\/revisions"}],"wp:featuredmedia":[{"embeddable":true,"href":"https:\/\/noticiasveraces.com\/index.php?rest_route=\/wp\/v2\/media\/16759"}],"wp:attachment":[{"href":"https:\/\/noticiasveraces.com\/index.php?rest_route=%2Fwp%2Fv2%2Fmedia&parent=16758"}],"wp:term":[{"taxonomy":"category","embeddable":true,"href":"https:\/\/noticiasveraces.com\/index.php?rest_route=%2Fwp%2Fv2%2Fcategories&post=16758"},{"taxonomy":"post_tag","embeddable":true,"href":"https:\/\/noticiasveraces.com\/index.php?rest_route=%2Fwp%2Fv2%2Ftags&post=16758"}],"curies":[{"name":"wp","href":"https:\/\/api.w.org\/{rel}","templated":true}]}}