{"id":16750,"date":"2025-03-01T06:04:55","date_gmt":"2025-03-01T10:04:55","guid":{"rendered":"https:\/\/noticiasveraces.com\/?p=16750"},"modified":"2025-03-01T06:04:55","modified_gmt":"2025-03-01T10:04:55","slug":"francisco-paso-una-noche-tranquila-anuncia-el-vaticano-dw-01-03-2025","status":"publish","type":"post","link":"https:\/\/noticiasveraces.com\/?p=16750","title":{"rendered":"Francisco Pas\u00f3 una noche \u00abTranquila\u00bb, Anuncia El Vaticano &#8211; DW &#8211; 01\/03\/2025"},"content":{"rendered":"<p> \n<\/p>\n<div>\n<p>El Papa Francisco, Hospitalizado desde Hace 16 D\u00edas por una doble neumon\u00eda, pas\u00f3 una \u00abnoche tranquila\u00bb, indic\u00f3 este s\u00e1bado (01.03.2025) El Vaticano, un d\u00edaoSp\u00e9s de que el jesuita argentino de 88 a\u00f1os sufriera una crisis saughatatoria \u00abaislada\u00bb. \u00abLa Noche Transcurri\u00f3 Tranquila. El Papa Est\u00e1 Descansando\u00bb, Dice Un Breve Comunicado Divulgado Por El Vaticano.<\/p>\n<p>El L\u00edder Espiritual Cat\u00f3lico, El Primer Papa Latinoamericano de la Historia, se Encuentra Ingresado en el Hospital Gemelli de Roma Desde el 14 de febrero por una bronquitis, que deriv\u00f3 en una doble neumon\u00eda. PERO TRAS VARIOS D\u00edas de Mejor\u00eda, Que Llevaron a Una Fuente Vaticana A Confirmar El Viernes A Mediod\u00eda Su Salida Del Estado \u00abCr\u00edtico\u00bb, Jorge Mario Bergoglio sufri\u00f3 Pocas Horas Vesos Una Nueva Crisis respiratoria.<\/p>\n<p>\u00abEl Santo Padre presente una crisis aislada de Broncoespasmo\u00bb Que le Provoc\u00f3 tambi\u00e9n un episodio de v\u00f3mito por inhalaci\u00f3n que deriv\u00f3 \u00aben un empeoramiento brusco del cuadro respiratorio\u00bb, indic\u00f3 el vecio el viernes por la noche. Seg\u00fan El Informe de Este S\u00e1bado, El Papa Responder Bien a la Intervenci\u00f3n de los M\u00e9dicos, que aplicaron \u00abVentilaci\u00f3n Mec\u00e1nica no Invasiva\u00bb, y Se Mantuvo \u00abAlerta y Orientado\u00bb en Todo Momio.<\/p>\n<h2>Pron\u00f3stico \u00abreservado\u00bb<\/h2>\n<p>UNA FUENTE VATICANA Indic\u00f3 que los M\u00e9dicos Necesitar\u00e1n \u00abEntre 24 y 48 Horas\u00bb para evaluar el impacto de la crisis en la Salud de Francisco, cuyo pron\u00f3stico siga sigue \u00abreservado\u00bb. ESTA Hospitalizaci\u00f3n, la cuta y m\u00e1s Larga desde 2021, G\u00e9nero preocupaci\u00f3n por los problemas previos que debilitaron su salud en los \u00daltimos a\u00f1os: operaciones en el colon y el abdomen, y dificultadas para caminar.   <\/p>\n<p>El Pasado S\u00e1bado, Bergoglio Ya Sufri\u00f3 un Fuerte Ataque de Asma y Necesit\u00f3 inclusi\u00f3n una transfusi\u00f3n de SANGRE. La situaci\u00f3n ha reabierto adem\u00e1s los interrogantes SOBRE Su capacidad para desempe\u00f1a sus funciones, m\u00e1xime cuando el derecho cannico no prev\u00e9 ninguna disposici\u00f3n en caso de un problema grave que pueda afectar a su lucidaz.   <\/p>\n<p>DZC (AFP, Efe)<\/p>\n<\/div>\n\n","protected":false},"excerpt":{"rendered":"<p>El Papa Francisco, Hospitalizado desde Hace 16 D\u00edas por una doble neumon\u00eda, pas\u00f3 una \u00abnoche tranquila\u00bb, indic\u00f3 este s\u00e1bado (01.03.2025) El Vaticano, un d\u00edaoSp\u00e9s de que el jesuita argentino de 88 a\u00f1os sufriera una crisis saughatatoria \u00abaislada\u00bb. \u00abLa Noche Transcurri\u00f3 Tranquila. El Papa Est\u00e1 Descansando\u00bb, Dice Un Breve Comunicado Divulgado Por El Vaticano. El L\u00edder &hellip;<\/p>\n","protected":false},"author":1,"featured_media":16751,"comment_status":"open","ping_status":"open","sticky":false,"template":"","format":"standard","meta":{"fifu_image_url":"https:\/\/static.dw.com\/image\/71755540_6.jpg","fifu_image_alt":"","footnotes":""},"categories":[13],"tags":[],"class_list":["post-16750","post","type-post","status-publish","format-standard","has-post-thumbnail","","category-mundo"],"_links":{"self":[{"href":"https:\/\/noticiasveraces.com\/index.php?rest_route=\/wp\/v2\/posts\/16750","targetHints":{"allow":["GET"]}}],"collection":[{"href":"https:\/\/noticiasveraces.com\/index.php?rest_route=\/wp\/v2\/posts"}],"about":[{"href":"https:\/\/noticiasveraces.com\/index.php?rest_route=\/wp\/v2\/types\/post"}],"author":[{"embeddable":true,"href":"https:\/\/noticiasveraces.com\/index.php?rest_route=\/wp\/v2\/users\/1"}],"replies":[{"embeddable":true,"href":"https:\/\/noticiasveraces.com\/index.php?rest_route=%2Fwp%2Fv2%2Fcomments&post=16750"}],"version-history":[{"count":0,"href":"https:\/\/noticiasveraces.com\/index.php?rest_route=\/wp\/v2\/posts\/16750\/revisions"}],"wp:featuredmedia":[{"embeddable":true,"href":"https:\/\/noticiasveraces.com\/index.php?rest_route=\/wp\/v2\/media\/16751"}],"wp:attachment":[{"href":"https:\/\/noticiasveraces.com\/index.php?rest_route=%2Fwp%2Fv2%2Fmedia&parent=16750"}],"wp:term":[{"taxonomy":"category","embeddable":true,"href":"https:\/\/noticiasveraces.com\/index.php?rest_route=%2Fwp%2Fv2%2Fcategories&post=16750"},{"taxonomy":"post_tag","embeddable":true,"href":"https:\/\/noticiasveraces.com\/index.php?rest_route=%2Fwp%2Fv2%2Ftags&post=16750"}],"curies":[{"name":"wp","href":"https:\/\/api.w.org\/{rel}","templated":true}]}}