{"id":16720,"date":"2025-03-01T02:45:16","date_gmt":"2025-03-01T06:45:16","guid":{"rendered":"https:\/\/noticiasveraces.com\/?p=16720"},"modified":"2025-03-01T02:45:16","modified_gmt":"2025-03-01T06:45:16","slug":"dilma-rousseff-sale-de-alta-tras-hospitalizacion-en-china-dw-01-03-2025","status":"publish","type":"post","link":"https:\/\/noticiasveraces.com\/?p=16720","title":{"rendered":"Dilma Rousseff Sale de Alta Tras Hospitalizaci\u00f3n en China &#8211; DW &#8211; 01\/03\/2025"},"content":{"rendered":"<p> \n<\/p>\n<div>\n<p>La expresida Brasile\u00f1a Dilma Rousseff, Cabeza real del Banco de los Brics, Recibio El Alta M\u00e9dica Luego de Siete D\u00edas Internada en un Hospital de la Ciudad China de Shanghai por Una Inflaci\u00f3n en El O\u00eddo Interno, Inform\u00f3 este Viernes (28.02.2025).<\/p>\n<p>\u00abLA Presidente Dilma Rousseff Fue Dada de Alta Ayer (27) y Ya Est\u00e1 Trabajando Normalmento en la Sede del Nuevo Banco de Desarrollo (Banco de Los Brics) en Shanghai\u00bb, Indic\u00f3 su asesor\u00eda de Prensa en la Red Social X.<\/p>\n<p>Rousseff, de 77 A\u00f1os, Fue Internada El 21 de febrero en el Centro M\u00e9dico Shanghai East International \u00abDebido a Un cuadro de Neuritis Vestibular\u00bb, Una inflamaci\u00f3n del nervio delequibrio en el o\u00eddo interno, seg\u00fan indic\u00f3 condorno este estre martes.<\/p>\n<p>La Exmandataria (2011-2016) Ocupa Desde Marzo de 2023 La Presidencia del Llamado Banco de Los Brics Tras ser indicada para el puesto por Su Padrino Pol\u00edtico, El Presidente de Brasil Luiz Incio Lula da Silva.<\/p>\n<p>La dirigente est\u00e1 en su Primer Cargo de exposici\u00f3n P\u00fablica Despu\u00e9s de Haber Sido Destituida de la Presidencia de Su Pa\u00eds en Un Proceso de \u00abEmoci\u00f3n\u00bb o Juicio Pol\u00cdtico en 2016.<\/p>\n<p>Brasil Preside Este A\u00f1o Los Brics, El Bloque de Econom\u00edas Emergentes que re\u00fane Tambi\u00e9n a Rusia, India, China y Sud\u00e1frica, Entre oTros. Los L\u00edderes de Estos Pa\u00edses se Reunir\u00e1n en una cumbre en r\u00edo de Janeiro en Julio.<\/p>\n<p>Mg (AFP, O Globo)<\/p>\n<div class=\"vjs-wrapper embed big\">\n<h2 aria-label=\"Video integrado \u2014 Epidemia de dengue en Brasil\" class=\"headline\"><svg xmlns=\"http:\/\/www.w3.org\/2000\/svg\" viewbox=\"0 0 20 20\"><g fill-rule=\"evenodd\"><path d=\"M14.114 7.599H13.5l.002 4.706h.601l4.582 3.25-.005-11.11zM11.084 4.444l-9.007.002-1.336.797.002 9.514 1.334.793 9.007.006 1.509-.799-.004-9.516z\"\/><\/g><\/svg>Epidemia de dengue en Brasil<\/h2>\n<p><video id=\"video-71451147\" controls=\"\" playsinline=\"\" preload=\"none\" poster=\"data:image\/png;base64,iVBORw0KGgoAAAANSUhEUgAAAAEAAAABCAQAAAC1HAwCAAAAC0lEQVR42mNkYAAAAAYAAjCB0C8AAAAASUVORK5CYII=\" data-id=\"71451147\" data-posterurl=\"https:\/\/tvdownloaddw-a.akamaihd.net\/stills\/images\/js\/js20250129_xdengue_image_512x288_3.jpg\" data-duration=\"03:11\"><source src=\"https:\/\/hlsvod.dw.com\/i\/dwtv_video\/flv\/js\/js20250129_xdengue_,AVC_480x270,AVC_512x288,AVC_640x360,AVC_960x540,AVC_1280x720,AVC_1920x1080,.mp4.csmil\/master.m3u8\" type=\"application\/x-mpegURL\"><source src=\"https:\/\/tvdownloaddw-a.akamaihd.net\/dwtv_video\/flv\/js\/js20250129_xdengue_AVC_1920x1080.mp4\" type=\"video\/mp4\"><track src=\"https:\/\/www.dw.com\/media\/subtitles\/71512934\" srclang=\"es\" label=\"SPANISH\" default=\"\"><p class=\"vjs-no-js\">Para ver este video, habilite JavaScript y considere actualizar a un navegador web que admite el video HTML5<\/p>\n<\/track><\/source><\/source><\/video><\/div>\n<\/div>\n\n","protected":false},"excerpt":{"rendered":"<p>La expresida Brasile\u00f1a Dilma Rousseff, Cabeza real del Banco de los Brics, Recibio El Alta M\u00e9dica Luego de Siete D\u00edas Internada en un Hospital de la Ciudad China de Shanghai por Una Inflaci\u00f3n en El O\u00eddo Interno, Inform\u00f3 este Viernes (28.02.2025). \u00abLA Presidente Dilma Rousseff Fue Dada de Alta Ayer (27) y Ya Est\u00e1 Trabajando &hellip;<\/p>\n","protected":false},"author":1,"featured_media":16721,"comment_status":"open","ping_status":"open","sticky":false,"template":"","format":"standard","meta":{"fifu_image_url":"https:\/\/static.dw.com\/image\/65298960_6.jpg","fifu_image_alt":"","footnotes":""},"categories":[13],"tags":[],"class_list":["post-16720","post","type-post","status-publish","format-standard","has-post-thumbnail","","category-mundo"],"_links":{"self":[{"href":"https:\/\/noticiasveraces.com\/index.php?rest_route=\/wp\/v2\/posts\/16720","targetHints":{"allow":["GET"]}}],"collection":[{"href":"https:\/\/noticiasveraces.com\/index.php?rest_route=\/wp\/v2\/posts"}],"about":[{"href":"https:\/\/noticiasveraces.com\/index.php?rest_route=\/wp\/v2\/types\/post"}],"author":[{"embeddable":true,"href":"https:\/\/noticiasveraces.com\/index.php?rest_route=\/wp\/v2\/users\/1"}],"replies":[{"embeddable":true,"href":"https:\/\/noticiasveraces.com\/index.php?rest_route=%2Fwp%2Fv2%2Fcomments&post=16720"}],"version-history":[{"count":0,"href":"https:\/\/noticiasveraces.com\/index.php?rest_route=\/wp\/v2\/posts\/16720\/revisions"}],"wp:featuredmedia":[{"embeddable":true,"href":"https:\/\/noticiasveraces.com\/index.php?rest_route=\/wp\/v2\/media\/16721"}],"wp:attachment":[{"href":"https:\/\/noticiasveraces.com\/index.php?rest_route=%2Fwp%2Fv2%2Fmedia&parent=16720"}],"wp:term":[{"taxonomy":"category","embeddable":true,"href":"https:\/\/noticiasveraces.com\/index.php?rest_route=%2Fwp%2Fv2%2Fcategories&post=16720"},{"taxonomy":"post_tag","embeddable":true,"href":"https:\/\/noticiasveraces.com\/index.php?rest_route=%2Fwp%2Fv2%2Ftags&post=16720"}],"curies":[{"name":"wp","href":"https:\/\/api.w.org\/{rel}","templated":true}]}}