{"id":16716,"date":"2025-03-01T01:07:16","date_gmt":"2025-03-01T05:07:16","guid":{"rendered":"https:\/\/noticiasveraces.com\/?p=16716"},"modified":"2025-03-01T01:07:16","modified_gmt":"2025-03-01T05:07:16","slug":"alumnos-unidos-por-la-memoria-democrata-si-no-conoces-la-historia-estas-condenado-a-repetirla-educacion","status":"publish","type":"post","link":"https:\/\/noticiasveraces.com\/?p=16716","title":{"rendered":"Alumnos Unidos por la Memoria dem\u00f3crata: \u00abSi no conoces la Historia, Est\u00e1s Condenado A Repetirla\u00bb | Educaci\u00f3n"},"content":{"rendered":"<p> \n<\/p>\n<div data-dtm-region=\"articulo_cuerpo\">\n<p class=\"\">Bajo el lema \u201ccaminar para no olvidar\u201d, 38 estudiantes del colegio madrile\u00f1o concertado Lourdes FUHEM, acompa\u00f1ados por tres profesores, emprendieron este mi\u00e9rcoles una ruta para rescatar del olvido la memoria de Ricardo Esparza, maestro del Grupo Escolar Montesino en Madrid, que sali\u00f3 del pa\u00eds en febrero de 1937 con un grupo de ni\u00f1os con la intenci\u00f3n de protegerlos durante la guerra civil espa\u00f1ola. Los adolescentes ya Cruzaron Los Pirineos un pastel por puigcerd\u00e1 (girona) y visitaron el lugar donde se ubicaban las colonias infantiles escolares de sitges y vilanova i la geltr\u00fa en Barcelona, \u200b\u200bQue sirvieron como refugio a los m\u00e1s Peque\u00f1os. Este Viernes Llegaron a la Colonia Abbaye de L`ormeau en Saint-Denis-D&#8217;ol\u00e9ron (Francia), Lugar en el Que el Profesor y Los Alumnos, UNOS 600 Menores, Fueron Acogidos Hasta el Factor del Conflicto.<\/p>\n<p class=\"\">REGRESAR\u00c1N A ESPA\u00d1A POR IR\u00daN (GUIP\u00daZCOA) PARA TERMINAR EL VIAJE EN ANdosilla (Navarra), LA Localidad Natal de Esparza, Con Un Acto de Homenaje A los Maestros de la Segunda Parte de este grupo de j\u00f3venes ya viaj\u00f3 en 2023 a Los Campos de Concentraci\u00f3n de Dachau, Gusen y Mauthausen, y en 2024 Llev\u00f3 a Cabo la Ruta del Exilio Que en 1939 Siguieron Miles de Refugiados Espa\u00f1oles Derrotadas en La Guerry Civil.<\/p>\n<p class=\"\">Hijo adolescentes que cursan el \u00daltimo a\u00f1o de la secundaria obligatoria y primero de bachillerato. Forman parte del Grupo de Memoria Hist\u00f3rica, Creado en 2022 de forma voluntaria por ununos alumnos de 16 a\u00f1os. \u00abEl Franquismo Est\u00e1 Siempre entre los \u00daltimos Temario un impartir en la Eso, lo dejan para el final y en primero de bachillerato la asignatura de histia ya no es obligatoria\u00bb Edad, Para Justificar la Necesidad de TiNIN ESTA ASOCIACON.<\/p>\n<p class=\"\">La Iniciativa Surgi\u00f3 a Ra\u00edz de una Salida Voluntaria de alumnos Con el Profesor de Historia del Colegio Carlos D\u00edez Al Destacamento Penal de Bonarviejo, Un Campo de Trabajo forzo del Franquismo. \u00abEs un Temario al Que los Doccentes Llegan Ahogados\u00bb, Expresa Marcos L\u00f3pez Extremera, de 18 A\u00f1os. Jimena Sierra, Alumna de Primero de Bachillerato, le da la Raz\u00f3n: \u201cEstuve en otros dos centros y apenas abord\u00e9 la dictadura espa\u00f1ola. Nuestra Historia M\u00e1s RECENTE ES Lo que mejor Deber\u00edamos Conocer \u201d.<\/p>\n<p class=\"\">La Cantidad de Siglos que Abarca la Asignatura en Segundo de Bachillerato Difiere Entre Comunidades. El Ministerio de Educaci\u00f3n \u2014Que Fija la Mitad de los Contenidos &#8211; SE Centr\u00f3 \u00fanicamento en Los Siglos XIX y XX, Y BUENA PARTE DE LAS LAS COMBUNIDADES AUT\u00d3NOMAS \u00abGobernadas Mayoritariaterese por la Izquierda la Legislatata Pasada &#8211; HiCieron lo Msish. No As\u00ed Varias del PP, Como la Comunidad de Madrid, que Ampliaron Mucho m\u00e1s el Arco.<\/p>\n<p class=\"\">Al Establecimiento un itinerario Formativo que Va desde la Antig\u00fcedada Hasta El Presente, Tema como la Segunda Rep\u00fablica y La Dictadura Quedan Relegados al final del programa. Con la Presi\u00f3n de la Preparaci\u00f3n para la Prueba de Acceso a la Universidad, no se Abordan de Forma Expututiva. \u00ab\u00bfSi nosotros no Sabemos que Pas\u00f3, C\u00d3MO VAMOS A EJERCER NUESTRO DERECHO A VOTO?\u00bb, SE Pregunta N\u00fa\u00f1ez Desde su Pupitre.<\/p>\n<figure class=\"a_m a_m-h \"><span class=\"_db a_m_w _pr lb_btn\"><img alt=\"El Profesor de Historia Carlos D\u00edez Prepara la Ruta en Homenaje A Ricardo Esparza Junto A Los Alumnos del Grupo de Memoria Hist\u00f3rica, El 19 de Febero de 2025.\" decoding=\"auto\" class=\"_re lazyload a_m-h\" height=\"276\" srcset=\"https:\/\/imagenes.elpais.com\/resizer\/v2\/LXYRKTOATRA5RDFOBDACH4L7CE.jpg?auth=cdcda479b6d035a607b44c448cab5133284c353270c12c170783c3ef7ee2c3eb&amp;width=414 414w,https:\/\/imagenes.elpais.com\/resizer\/v2\/LXYRKTOATRA5RDFOBDACH4L7CE.jpg?auth=cdcda479b6d035a607b44c448cab5133284c353270c12c170783c3ef7ee2c3eb&amp;width=828 640w,https:\/\/imagenes.elpais.com\/resizer\/v2\/LXYRKTOATRA5RDFOBDACH4L7CE.jpg?auth=cdcda479b6d035a607b44c448cab5133284c353270c12c170783c3ef7ee2c3eb&amp;width=980 1000w,https:\/\/imagenes.elpais.com\/resizer\/v2\/LXYRKTOATRA5RDFOBDACH4L7CE.jpg?auth=cdcda479b6d035a607b44c448cab5133284c353270c12c170783c3ef7ee2c3eb&amp;width=1960 1960w\" width=\"414\" sizes=\"auto, (min-width:1199px) 1155px,(min-width:1001px) calc(100vw - 44px),(min-width:768px) 767px, 100vw\" src=\"https:\/\/imagenes.elpais.com\/resizer\/v2\/LXYRKTOATRA5RDFOBDACH4L7CE.jpg?auth=cdcda479b6d035a607b44c448cab5133284c353270c12c170783c3ef7ee2c3eb&amp;width=414\" loading=\"lazy\"\/><svg class=\"icon_multimedia_ampliar | _pa a_m_i a_m_i-a _dn\" viewbox=\"0 0 40 40\"><use xlink:href=\"#svg-ampliar\"\/><\/svg><\/span><figcaption class=\"a_m_p\"><span>El Profesor de Historia Carlos D\u00edez Prepara la Ruta en Homenaje A Ricardo Esparza Junto A Los Alumnos del Grupo de Memoria Hist\u00f3rica, El 19 de Febero de 2025.<\/span><span class=\"a_m_m\">\u00c1lvaro Garc\u00eda<\/span><\/figcaption><\/figure>\n<p class=\"\">Estela Murguizu, de 17 A\u00f1os, Cree que esta Carencia Formata Redunda en la Polarizaci\u00f3n Ideol\u00f3gica que percibe Entre Los J\u00f3venes de Su Edad. PIENSA QUE EST\u00c1 DE MODA inclinaria hacia una tendencia pol\u00edtica sin tener argumentos fondados. \u00abTe Metes en Redes Sociales y Ves Unos Comentarios Muy Daminos\u00bb, Cuenta. L\u00f3pez Extremera le da la Raz\u00f3n. Un Diario Convive Con el Discursos de Odio en el Entorno Digital. \u00abHay Mucha Gente desinformada que banaliza nuestra historia ygue una tendencia u otra por influencia externas, lo que deriva en la radicalizaci\u00f3n\u00bb, Opina.<\/p>\n<p class=\"\">La Ley Educativa Vigente en Espa\u00f1a es la Lomloe, Que REMPLAZ\u00d3 A LA LOMCE EN 2021, Y ESTA NORMANTIVA EXPRESA QUE EN EL ELTIMO CURSO DE LA ESO PIEMBRA QUE TRABAJAR LA HISTANIA DE ESPAADA DEL SIGLO XX, SEG\u00daN EXPLACA EL PRICA EL PROFESOR D\u00cdEZ. Adem\u00e1s, La Ley de Memoria Dem\u00f3crata, Aprobada en 2022, Establece que el Sistema Educato Est\u00e1 Obl\u00e1 Obl\u00e1 A Que los Alumnos Antes de Contronarar La Escolaridad Obligatoria La Hayan Estudiado.<\/p>\n<p class=\"\">\u201cEl Deber de Memoria es la Tarea que Tienen Las Administraciones P\u00fablicas y El Sistema Educani de Que los Estudiantes Conozcan la Historia Recente de Espa\u00f1a. Es un deber por parte del estado y un derecho para el alumnado \u201d, Defiende el Doccente.<\/p>\n<h3 class=\"\">Refugios infantiles<\/h3>\n<p class=\"\">El Grupo de Memoria dem\u00f3crata, de Car\u00e1cter Voluntario, Les Permite Aprender Fuera de Las Aulas. ESTA VEZ SE SUMA AL EQUIPO DE DOCTENTES ACOMPA\u00d1ANTES LA PEDAGAGA TERAP\u00c9UTICA DEL CENTRO CRISTINA Gait\u00e1n. Ella y Los Profesores de Historia, D\u00edez y Fernando Mazo, Sobrino de Ricardo Esparza, SE Adentran Con el Alumnado en la Vida del Maestro, Trasladado A Barcelona y Destinado A Vilanova I la Geltr\u00fa, A Una de LAS COLONIAS Escolares HaBilitidas evacuada desde la capital y otros territorios asediados por Loss Sublevados Contra La Segunda Rep\u00fablica.<\/p>\n<p class=\"\">Pero Ante la Inminte Ca\u00edda de Catalu\u00f1a en Enero de 1939, El Gobierno Republicano Organizaci\u00f3n de la Traslado de Miles de Ni\u00f1os A Francia, B\u00e9lgica y Otros Pa\u00edses Que se de Lugares de Acogida. Al Finalizar la Guerra, LA Mayor parte Fueron Repatriadoos con suestros de Maestros, Como en el Caso de Esparza, Terminaron representa la depurados por Las Autoridades Del Newvo R\u00e9gimen Franquista.<\/p>\n<p class=\"\">LOS ALUNTOS DEL COLEGIO LOURDES FUHEM LLEVAN TRABAJANDO EN LA VIDA PERSONAL DE ESTE PROFESOR DESDE SEPTIEMBRE, SEG\u00daN CUENTA EL ESTUDIANTE LUIS NUITER, de 17 A\u00f1os. CADA ALUMNO HA INVESTIGADO SOBRE LA VIDA DE UNO Ni\u00f1o Exiliado, Al Que Encarnan Durante la Ruta. En el Archivo General de la Administraci\u00f3n de Alcal\u00e1 de Henares (Madrid) Obtuvieron Gran parte de la Informaci\u00f3n de Les Sirvi\u00f3 Para Iniciar Su Proceso de Documentaci\u00f3n.<\/p>\n<p class=\"\">Aprovechan la \u00abSemana Blanca\u00bb, Periodo no Lectivo, para Realizar Esta Escapada. En Vilanova I la geltr\u00fa a Los Alumnos Madrile\u00f1os Les Dieron la Bienvenida Estudiantes Catalanes. \u00abEst\u00e1 Bien que vaan la solidaridad interterritorial\u00bb, Cuenta D\u00edez. Decidieron homenejear un los maestros republicanos al tentador que \u00abla rep\u00fablica a nivel de objetivos educativos es un eJemplo a se garantizan a muchos casos\u00bb, Seg\u00fan El Profesor. Explica que est\u00e1 ESTA ETAPA Signific\u00f3 El Progreso y la Dignificaci\u00f3n de la Educaci\u00f3n.<\/p>\n<p class=\"\">En los Lugares en los que triunf\u00f3 r\u00e1pido la sublevaci\u00f3n contra la segunda rep\u00fablica, por eJemplo, en la rioja o en galicia, Hubo representa muy duras duras que derivaron, en muchos ocasas, en fusilamientos a los docentes que representan un modelo de dura y duraS, concavas, concursos, en fusilamientos a los doCentes que representan un modelo de educaci\u00f3n. Gratuito y Laico. \u00abSE Castigaba la Intelectualidad en Todas Sus Formas\u00bb.<\/p>\n<p class=\"\">Cuando empezaron Los Bombardeos, Los Colegios se Cerraron para Alejar A Los Ni\u00f1os del Frente de Guerra Madrile\u00f1o. En Abril de 1939 Los Peque\u00f1os Comenzaron un ser repatriado y en octubre esparza regreso con su Mujer, Luc\u00eda Bernal, que era profesora y tambi\u00e9n comaz\u00f3 a Los Menores en el Extranjero. Tuvieron que estar en un Campo de Concentraci\u00f3n en Bilbao Mientras les Investigaban.<\/p>\n<p class=\"\">Esparza no percib\u00eda un salario desde 1938 y en 1942 se qued\u00f3 sen Empleso y sueldo durante dos a\u00f1os. Termin\u00f3 Su Carrera Profesional en Ceuta, Aunque Ni \u00c9l ni su pareja Pudieron formar parte de un \u00fapo directivo o un \u00d3rgano de confiANZA como castigo. Muri\u00f3 en 1983, Pero los Adolescentes del Colegio Lourdes Fuhem de Madrid no Lo Olvidan, Ni A \u00c9l, Ni A Su Mujer, Ni a Los Peque\u00f1os a Los Que Cavom\u00e1\u00f1a. Para D\u00edez, Estas Iniciativas hijo \u00abla mejor vacuna contra la intolerancia y el odio\u00bb, algo en lo que coincide su exalumno vito n\u00fa\u00f1ez: \u00abSi no conoces la Historia, Est\u00e1s Condenado a Repetirla\u00bb.<\/p>\n<\/div>\n\n","protected":false},"excerpt":{"rendered":"<p>Bajo el lema \u201ccaminar para no olvidar\u201d, 38 estudiantes del colegio madrile\u00f1o concertado Lourdes FUHEM, acompa\u00f1ados por tres profesores, emprendieron este mi\u00e9rcoles una ruta para rescatar del olvido la memoria de Ricardo Esparza, maestro del Grupo Escolar Montesino en Madrid, que sali\u00f3 del pa\u00eds en febrero de 1937 con un grupo de ni\u00f1os con la &hellip;<\/p>\n","protected":false},"author":1,"featured_media":16717,"comment_status":"open","ping_status":"open","sticky":false,"template":"","format":"standard","meta":{"fifu_image_url":"https:\/\/imagenes.elpais.com\/resizer\/v2\/TK73WMEHNNEUDDQVAEYNT6AGR4.jpg?auth=4d132919fc05755f08001e1e39e5fe09ca8dbe3e4801cc3a61ac363ed4e5b429&width=1200","fifu_image_alt":"","footnotes":""},"categories":[11],"tags":[],"class_list":["post-16716","post","type-post","status-publish","format-standard","has-post-thumbnail","","category-viaje"],"_links":{"self":[{"href":"https:\/\/noticiasveraces.com\/index.php?rest_route=\/wp\/v2\/posts\/16716","targetHints":{"allow":["GET"]}}],"collection":[{"href":"https:\/\/noticiasveraces.com\/index.php?rest_route=\/wp\/v2\/posts"}],"about":[{"href":"https:\/\/noticiasveraces.com\/index.php?rest_route=\/wp\/v2\/types\/post"}],"author":[{"embeddable":true,"href":"https:\/\/noticiasveraces.com\/index.php?rest_route=\/wp\/v2\/users\/1"}],"replies":[{"embeddable":true,"href":"https:\/\/noticiasveraces.com\/index.php?rest_route=%2Fwp%2Fv2%2Fcomments&post=16716"}],"version-history":[{"count":0,"href":"https:\/\/noticiasveraces.com\/index.php?rest_route=\/wp\/v2\/posts\/16716\/revisions"}],"wp:featuredmedia":[{"embeddable":true,"href":"https:\/\/noticiasveraces.com\/index.php?rest_route=\/wp\/v2\/media\/16717"}],"wp:attachment":[{"href":"https:\/\/noticiasveraces.com\/index.php?rest_route=%2Fwp%2Fv2%2Fmedia&parent=16716"}],"wp:term":[{"taxonomy":"category","embeddable":true,"href":"https:\/\/noticiasveraces.com\/index.php?rest_route=%2Fwp%2Fv2%2Fcategories&post=16716"},{"taxonomy":"post_tag","embeddable":true,"href":"https:\/\/noticiasveraces.com\/index.php?rest_route=%2Fwp%2Fv2%2Ftags&post=16716"}],"curies":[{"name":"wp","href":"https:\/\/api.w.org\/{rel}","templated":true}]}}