{"id":16706,"date":"2025-02-28T23:39:28","date_gmt":"2025-03-01T03:39:28","guid":{"rendered":"https:\/\/noticiasveraces.com\/?p=16706"},"modified":"2025-02-28T23:39:28","modified_gmt":"2025-03-01T03:39:28","slug":"erdogan-ve-como-oportunidad-historica-llamado-de-ocalan-dw-01-03-2025","status":"publish","type":"post","link":"https:\/\/noticiasveraces.com\/?p=16706","title":{"rendered":"Erdogan Ve como \u00abOportunidad hist\u00f3rica\u00bb \u200b\u200bLlamado de \u00d6calan &#8211; DW &#8211; 01\/03\/2025"},"content":{"rendered":"<p> \n<\/p>\n<div>\n<p>El Presidente de Turqu\u00eda, Recep Tayyip Erdogan, Afirm\u00f3 Este Viernes (28.02.2025) Que El El Llamado del Fundador del Partido de Los Trabajadores del Kurdist\u00e1n (PKK) A Que este MobiMiento devonga Lasmas Armas y se Disuelva \u00abOportunida Hist\u00f3tica\u00bb. \u00ab.\u00bb. \u00ab.\u00bb. \u00ab.\u00bb. \u00ab.\u00bb. \u00ab.\u00bb.<\/p>\n<p>\u00abTenemos una Oportunidad hist\u00f3rica de Avanzar Hacia el Objetivo de Destruyir El Muro del Terror\u00bb, Indic\u00f3 Erdogan, Tras la Declaraci\u00f3n del Encarcelado Fundador Del Pkk, Abdullah \u00f6calan.<\/p>\n<p>Este Grupo Fundado en 1978, Considerado como terrorista por turqu\u00eda y sus aliados occidentales, ha dirigido durante decadas una insurgencia contra el estado turco.<\/p>\n<p>\u00d6calan Declar\u00f3 el Jueves que \u00abTodos los Grupos Deben Dponer Las Armas, y El Pkk Debe Dessolverse\u00bb, Pero Su Direcci\u00f3 Militar Todav\u00eda no ha respondido.<\/p>\n<p>Erdogan Afirm\u00f3 que Turqu\u00eda \u00abVigilar\u00e1 de Cerca\u00bb Que las conversaciones para Poner Fin a la Insurgencia \u00abLleguen a Buen Puerto\u00bb, y advirti\u00f3 Sobre Cualquier \u00abProvoci\u00f3n\u00bb. <\/p>\n<p>\u00abCuando se Elimine la Presi\u00f3n del Terrorismo y Las Armas, El Espacio para la Pol\u00edtica en Democracia se Ampliar\u00e1 de Forma Natural\u00bb, Prometi\u00f3 El Viernes.<\/p>\n<p>\u00abNing\u00fan Miembro de Esta Nacia, Sea Turco O Kurdo, Perdonar\u00e1 A Nieie que Bloqueo Este Proceso Con Discursos o Accionals Ambivalentes, Como ha ocurrido en el Pasado\u00bb, afirm\u00f3 erdogan.<\/p>\n<p>El principal Partido Prokurdo en Turqu\u00eda, Que Ejerci\u00f3 de Intermediario Entre Las Autoridadadas y \u00d6calan, Pidi\u00f3 Al Gobierno \u00abVolunte de Demostrad Pol\u00edta y poner en Marcha Programas\u00bb PARA LA POBLACI\u00d3N KURDA.<\/p>\n<p>\u00abHay un problema con Kurdo y no Basta Conponer Las Armas\u00bb, Declar\u00f3 Tuncer Bakirhan, vicepresidente del Partido Dem, a la cadena privada Habert\u00fcrk. \u00abLa soluci\u00f3n un problema de este no Debe aplazarse\u00bb, Agreg\u00f3.<\/p>\n<p>M\u00e1s de 40.000 Personas Han Muerto por la Violencia Entre Turqu\u00eda y El Pkk Desde 1984.<\/p>\n<p>Mg (AFP, Reuters)<\/p>\n<\/p>\n<\/div>\n\n","protected":false},"excerpt":{"rendered":"<p>El Presidente de Turqu\u00eda, Recep Tayyip Erdogan, Afirm\u00f3 Este Viernes (28.02.2025) Que El El Llamado del Fundador del Partido de Los Trabajadores del Kurdist\u00e1n (PKK) A Que este MobiMiento devonga Lasmas Armas y se Disuelva \u00abOportunida Hist\u00f3tica\u00bb. \u00ab.\u00bb. \u00ab.\u00bb. \u00ab.\u00bb. \u00ab.\u00bb. \u00ab.\u00bb. \u00abTenemos una Oportunidad hist\u00f3rica de Avanzar Hacia el Objetivo de Destruyir El Muro &hellip;<\/p>\n","protected":false},"author":1,"featured_media":16707,"comment_status":"open","ping_status":"open","sticky":false,"template":"","format":"standard","meta":{"fifu_image_url":"https:\/\/static.dw.com\/image\/69640024_6.jpg","fifu_image_alt":"","footnotes":""},"categories":[13],"tags":[],"class_list":["post-16706","post","type-post","status-publish","format-standard","has-post-thumbnail","","category-mundo"],"_links":{"self":[{"href":"https:\/\/noticiasveraces.com\/index.php?rest_route=\/wp\/v2\/posts\/16706","targetHints":{"allow":["GET"]}}],"collection":[{"href":"https:\/\/noticiasveraces.com\/index.php?rest_route=\/wp\/v2\/posts"}],"about":[{"href":"https:\/\/noticiasveraces.com\/index.php?rest_route=\/wp\/v2\/types\/post"}],"author":[{"embeddable":true,"href":"https:\/\/noticiasveraces.com\/index.php?rest_route=\/wp\/v2\/users\/1"}],"replies":[{"embeddable":true,"href":"https:\/\/noticiasveraces.com\/index.php?rest_route=%2Fwp%2Fv2%2Fcomments&post=16706"}],"version-history":[{"count":0,"href":"https:\/\/noticiasveraces.com\/index.php?rest_route=\/wp\/v2\/posts\/16706\/revisions"}],"wp:featuredmedia":[{"embeddable":true,"href":"https:\/\/noticiasveraces.com\/index.php?rest_route=\/wp\/v2\/media\/16707"}],"wp:attachment":[{"href":"https:\/\/noticiasveraces.com\/index.php?rest_route=%2Fwp%2Fv2%2Fmedia&parent=16706"}],"wp:term":[{"taxonomy":"category","embeddable":true,"href":"https:\/\/noticiasveraces.com\/index.php?rest_route=%2Fwp%2Fv2%2Fcategories&post=16706"},{"taxonomy":"post_tag","embeddable":true,"href":"https:\/\/noticiasveraces.com\/index.php?rest_route=%2Fwp%2Fv2%2Ftags&post=16706"}],"curies":[{"name":"wp","href":"https:\/\/api.w.org\/{rel}","templated":true}]}}