{"id":16700,"date":"2025-02-28T22:35:03","date_gmt":"2025-03-01T02:35:03","guid":{"rendered":"https:\/\/noticiasveraces.com\/?p=16700"},"modified":"2025-02-28T22:35:03","modified_gmt":"2025-03-01T02:35:03","slug":"zelenskyy-dice-que-los-comentarios-de-la-administracion-trump-criticando-a-ucrania-los-pusieron-en-desacuerdo","status":"publish","type":"post","link":"https:\/\/noticiasveraces.com\/?p=16700","title":{"rendered":"Zelenskyy dice que los comentarios de la administraci\u00f3n Trump criticando a Ucrania los pusieron en desacuerdo"},"content":{"rendered":"<p> \n<\/p>\n<div>\n<p class=\"speakable\">Como ca\u00f3tica consecuencia de una explosiva conferencia de prensa de la Oficina Oval del viernes con el presidente Donald Trump, el presidente ucraniano, Volodymyr Zelenskyy, dijo que su frustraci\u00f3n con la administraci\u00f3n comenz\u00f3 despu\u00e9s de que emiti\u00f3 una serie de comentarios controvertidos en las cinco semanas posteriores a la inauguraci\u00f3n de Trump.<\/p>\n<p class=\"speakable\">\u00abNo se trata [being] Mad, \u00abZelenskyy dijo al presentador pol\u00edtico principal de Fox News Bret Baier en\u00bb Informe especial \u00ab. <\/p>\n<p>\u00ab[When you hear] Presidente, vicepresidente o alguien o senadores, no importa, grandes pol\u00edticos, cuando, por ejemplo, dicen que Ucrania est\u00e1 casi destruida, que nuestros soldados huyen, que no son h\u00e9roes, que Ucrania perdi\u00f3 millones de civiles, que su presidente es dictador.<\/p>\n<div class=\"image-ct inline\">\n<div class=\"m\"><picture><source media=\"(max-width: 767px)\" srcset=\"https:\/\/a57.foxnews.com\/static.foxnews.com\/foxnews.com\/content\/uploads\/2025\/02\/343\/192\/trump-zelenskyy-and-vance-scaled.jpg?ve=1&amp;tl=1, https:\/\/a57.foxnews.com\/static.foxnews.com\/foxnews.com\/content\/uploads\/2025\/02\/686\/384\/trump-zelenskyy-and-vance-scaled.jpg?ve=1&amp;tl=1 2x\" height=\"192\" width=\"343\"><source media=\"(min-width: 768px) and (max-width: 1023px)\" srcset=\"https:\/\/a57.foxnews.com\/static.foxnews.com\/foxnews.com\/content\/uploads\/2025\/02\/672\/378\/trump-zelenskyy-and-vance-scaled.jpg?ve=1&amp;tl=1, https:\/\/a57.foxnews.com\/static.foxnews.com\/foxnews.com\/content\/uploads\/2025\/02\/1344\/756\/trump-zelenskyy-and-vance-scaled.jpg?ve=1&amp;tl=1 2x\" height=\"378\" width=\"672\"><source media=\"(min-width: 1024px) and (max-width: 1279px)\" srcset=\"https:\/\/a57.foxnews.com\/static.foxnews.com\/foxnews.com\/content\/uploads\/2025\/02\/931\/523\/trump-zelenskyy-and-vance-scaled.jpg?ve=1&amp;tl=1, https:\/\/a57.foxnews.com\/static.foxnews.com\/foxnews.com\/content\/uploads\/2025\/02\/1862\/1046\/trump-zelenskyy-and-vance-scaled.jpg?ve=1&amp;tl=1 2x\" height=\"523\" width=\"931\"><source media=\"(min-width: 1280px)\" srcset=\"https:\/\/a57.foxnews.com\/static.foxnews.com\/foxnews.com\/content\/uploads\/2025\/02\/720\/405\/trump-zelenskyy-and-vance-scaled.jpg?ve=1&amp;tl=1, https:\/\/a57.foxnews.com\/static.foxnews.com\/foxnews.com\/content\/uploads\/2025\/02\/1440\/810\/trump-zelenskyy-and-vance-scaled.jpg?ve=1&amp;tl=1 2x\" height=\"405\" width=\"720\"><img loading=\"lazy\" decoding=\"async\" src=\"https:\/\/a57.foxnews.com\/static.foxnews.com\/foxnews.com\/content\/uploads\/2025\/02\/1200\/675\/trump-zelenskyy-and-vance-scaled.jpg?ve=1&amp;tl=1\" alt=\"Zelenskyy en la reuni\u00f3n con Trump y Vance\" width=\"1200\" height=\"675\"\/><\/source><\/source><\/source><\/source><\/picture><\/div>\n<div class=\"info\">\n<div class=\"caption\">\n<p><span>El vicepresidente JD Vance, a la derecha, habla con el presidente ucraniano Volodymyr Zelenskyy, a la izquierda, mientras el presidente Donald Trump escucha en la Oficina Oval en la Casa Blanca el viernes 28 de febrero de 2025 en Washington.<\/span> <span>(Photo AP\/ Mystyslav Chernov)<\/span><\/p>\n<\/div>\n<\/div>\n<\/div>\n<p><strong>Zelenskyy habla despu\u00e9s de una disputa p\u00fablica con Trump, Vance, dice Dustup \u00abmalo para ambos lados\u00bb<\/strong><\/p>\n<p>\u00abLa reacci\u00f3n es que, \u00bfd\u00f3nde est\u00e1 nuestra amistad entre Ucrania y Estados Unidos?\u00bb<\/p>\n<p>Zelenskyy dijo que era importante que Ucrania, Estados Unidos y Europa mantengan su gran asociaci\u00f3n frente a la agresi\u00f3n del presidente ruso Vladimir Putin. <\/p>\n<p>Pero cuando se le pregunt\u00f3 si siente que deber\u00eda disculparse por las acaloradas discusiones que estallaron en la Oficina Oval, que comenz\u00f3 despu\u00e9s de que Vance acus\u00f3 a Zelenskyy de ser \u00abirrespetuoso\u00bb, el l\u00edder ucraniano dijo \u00abno\u00bb.<\/p>\n<p>\u00abRespeto al presidente y respeto al pueblo estadounidense\u00bb, dijo. \u00abNo estoy seguro de haber hecho algo malo\u00bb.<\/p>\n<div class=\"image-ct inline\">\n<div class=\"m\"><picture><source media=\"(max-width: 767px)\" srcset=\"https:\/\/a57.foxnews.com\/static.foxnews.com\/foxnews.com\/content\/uploads\/2025\/02\/343\/192\/gettyimages-2202565040-scaled.jpg?ve=1&amp;tl=1, https:\/\/a57.foxnews.com\/static.foxnews.com\/foxnews.com\/content\/uploads\/2025\/02\/686\/384\/gettyimages-2202565040-scaled.jpg?ve=1&amp;tl=1 2x\" height=\"192\" width=\"343\"><source media=\"(min-width: 768px) and (max-width: 1023px)\" srcset=\"https:\/\/a57.foxnews.com\/static.foxnews.com\/foxnews.com\/content\/uploads\/2025\/02\/672\/378\/gettyimages-2202565040-scaled.jpg?ve=1&amp;tl=1, https:\/\/a57.foxnews.com\/static.foxnews.com\/foxnews.com\/content\/uploads\/2025\/02\/1344\/756\/gettyimages-2202565040-scaled.jpg?ve=1&amp;tl=1 2x\" height=\"378\" width=\"672\"><source media=\"(min-width: 1024px) and (max-width: 1279px)\" srcset=\"https:\/\/a57.foxnews.com\/static.foxnews.com\/foxnews.com\/content\/uploads\/2025\/02\/931\/523\/gettyimages-2202565040-scaled.jpg?ve=1&amp;tl=1, https:\/\/a57.foxnews.com\/static.foxnews.com\/foxnews.com\/content\/uploads\/2025\/02\/1862\/1046\/gettyimages-2202565040-scaled.jpg?ve=1&amp;tl=1 2x\" height=\"523\" width=\"931\"><source media=\"(min-width: 1280px)\" srcset=\"https:\/\/a57.foxnews.com\/static.foxnews.com\/foxnews.com\/content\/uploads\/2025\/02\/720\/405\/gettyimages-2202565040-scaled.jpg?ve=1&amp;tl=1, https:\/\/a57.foxnews.com\/static.foxnews.com\/foxnews.com\/content\/uploads\/2025\/02\/1440\/810\/gettyimages-2202565040-scaled.jpg?ve=1&amp;tl=1 2x\" height=\"405\" width=\"720\"><img loading=\"lazy\" decoding=\"async\" src=\"https:\/\/a57.foxnews.com\/static.foxnews.com\/foxnews.com\/content\/uploads\/2025\/02\/1200\/675\/gettyimages-2202565040-scaled.jpg?ve=1&amp;tl=1\" alt=\"El presidente Zelenskyy habla con las manos afuera mientras est\u00e1 sentado en el 'informe especial'\" width=\"1200\" height=\"675\"\/><\/source><\/source><\/source><\/source><\/picture><\/div>\n<div class=\"info\">\n<div class=\"caption\">\n<p><span>El presidente ucraniano, Volodymyr Zelenskyy, habla durante una entrevista con Bret Baier de Fox News en \u00abInforme especial con Bret Baier\u00bb en el Fox News Studios el 28 de febrero de 2025, en Washington, DC<\/span> <span>(Gana McNamee\/Getty Images)<\/span><\/p>\n<\/div>\n<\/div>\n<\/div>\n<p><strong>Los l\u00edderes mundiales de regreso Zelenskyy despu\u00e9s de Trump, Vance Oval Office Spat<\/strong><\/p>\n<p>Zelenskyy argument\u00f3 que los problemas importantes deben discutirse a fondo y advirti\u00f3 a Trump: \u00abNo conf\u00edes en Putin\u00bb.<\/p>\n<p>Zelenskyy se\u00f1al\u00f3 nuevamente que las garant\u00edas de seguridad, que causaron la explosi\u00f3n en la Oficina Oval el viernes, no son un problema que puede ignorar porque la amenaza de otra invasi\u00f3n rusa es demasiado grande. <\/p>\n<p>Zelenskyy tambi\u00e9n reiter\u00f3 que estar\u00eda dispuesto a renunciar como presidente mientras Ucrania recibiera la membres\u00eda de la OTAN. <\/p>\n<p>\u00abQueremos paz justa y duradera. Es cierto. Queremos garant\u00edas de seguridad\u00bb, dijo. \u00abSi [the] Estados Unidos apoyar\u00e1 a la OTAN &#8230; Creo que eso es suficiente para Ucrania \u00ab.<\/p>\n<div class=\"image-ct inline\">\n<div class=\"m\"><picture><source media=\"(max-width: 767px)\" srcset=\"https:\/\/a57.foxnews.com\/static.foxnews.com\/foxnews.com\/content\/uploads\/2023\/05\/343\/192\/GettyImages-1252009254-e1683721693190.jpg?ve=1&amp;tl=1, https:\/\/a57.foxnews.com\/static.foxnews.com\/foxnews.com\/content\/uploads\/2023\/05\/686\/384\/GettyImages-1252009254-e1683721693190.jpg?ve=1&amp;tl=1 2x\" height=\"192\" width=\"343\"><source media=\"(min-width: 768px) and (max-width: 1023px)\" srcset=\"https:\/\/a57.foxnews.com\/static.foxnews.com\/foxnews.com\/content\/uploads\/2023\/05\/672\/378\/GettyImages-1252009254-e1683721693190.jpg?ve=1&amp;tl=1, https:\/\/a57.foxnews.com\/static.foxnews.com\/foxnews.com\/content\/uploads\/2023\/05\/1344\/756\/GettyImages-1252009254-e1683721693190.jpg?ve=1&amp;tl=1 2x\" height=\"378\" width=\"672\"><source media=\"(min-width: 1024px) and (max-width: 1279px)\" srcset=\"https:\/\/a57.foxnews.com\/static.foxnews.com\/foxnews.com\/content\/uploads\/2023\/05\/931\/523\/GettyImages-1252009254-e1683721693190.jpg?ve=1&amp;tl=1, https:\/\/a57.foxnews.com\/static.foxnews.com\/foxnews.com\/content\/uploads\/2023\/05\/1862\/1046\/GettyImages-1252009254-e1683721693190.jpg?ve=1&amp;tl=1 2x\" height=\"523\" width=\"931\"><source media=\"(min-width: 1280px)\" srcset=\"https:\/\/a57.foxnews.com\/static.foxnews.com\/foxnews.com\/content\/uploads\/2023\/05\/720\/405\/GettyImages-1252009254-e1683721693190.jpg?ve=1&amp;tl=1, https:\/\/a57.foxnews.com\/static.foxnews.com\/foxnews.com\/content\/uploads\/2023\/05\/1440\/810\/GettyImages-1252009254-e1683721693190.jpg?ve=1&amp;tl=1 2x\" height=\"405\" width=\"720\"><img loading=\"lazy\" decoding=\"async\" src=\"https:\/\/a57.foxnews.com\/static.foxnews.com\/foxnews.com\/content\/uploads\/2023\/05\/1200\/675\/GettyImages-1252009254-e1683721693190.jpg?ve=1&amp;tl=1\" alt=\"Tropas ucranianas bakhmut\" width=\"1200\" height=\"675\"\/><\/source><\/source><\/source><\/source><\/picture><\/div>\n<div class=\"info\">\n<div class=\"caption\">\n<p><span>Los soldados ucranianos disparan objetivos en la primera l\u00ednea en direcci\u00f3n a la ciudad de Ugledar, Donetsk, Ucrania, durante la Guerra de Rusia-Ukraine el 18 de abril de 2023. <\/span> <span>(Agencia Muhammed Enes Yildirim\/Anadolu a trav\u00e9s de Getty Images)<\/span><\/p>\n<\/div>\n<\/div>\n<\/div>\n<p><strong>Haga clic aqu\u00ed para obtener la aplicaci\u00f3n Fox News<\/strong><\/p>\n<p>Trump, despu\u00e9s de hablar con Putin a principios de este mes, comenz\u00f3 a impulsar la idea de que Ucrania deber\u00eda celebrar elecciones, alegando que Zelenskyy tiene poco apoyo entre el p\u00fablico ucraniano. <\/p>\n<p>Pero bajo la constituci\u00f3n de Ucrania, no puede celebrar elecciones durante un tiempo de guerra.<\/p>\n<p> <!----> <\/p>\n<div class=\"article-meta\">\n<div class=\"author-bio\">\n<p>Caitlin McFall es reportero de Fox News Digital Cubting Politics, US y World News.<\/p>\n<\/div>\n<\/div>\n<\/div>\n\n","protected":false},"excerpt":{"rendered":"<p>Como ca\u00f3tica consecuencia de una explosiva conferencia de prensa de la Oficina Oval del viernes con el presidente Donald Trump, el presidente ucraniano, Volodymyr Zelenskyy, dijo que su frustraci\u00f3n con la administraci\u00f3n comenz\u00f3 despu\u00e9s de que emiti\u00f3 una serie de comentarios controvertidos en las cinco semanas posteriores a la inauguraci\u00f3n de Trump. \u00abNo se trata &hellip;<\/p>\n","protected":false},"author":1,"featured_media":16702,"comment_status":"open","ping_status":"open","sticky":false,"template":"","format":"standard","meta":{"fifu_image_url":"https:\/\/static.foxnews.com\/foxnews.com\/content\/uploads\/2025\/02\/gettyimages-2202565040-scaled.jpg","fifu_image_alt":"","footnotes":""},"categories":[13],"tags":[],"class_list":["post-16700","post","type-post","status-publish","format-standard","has-post-thumbnail","","category-mundo"],"_links":{"self":[{"href":"https:\/\/noticiasveraces.com\/index.php?rest_route=\/wp\/v2\/posts\/16700","targetHints":{"allow":["GET"]}}],"collection":[{"href":"https:\/\/noticiasveraces.com\/index.php?rest_route=\/wp\/v2\/posts"}],"about":[{"href":"https:\/\/noticiasveraces.com\/index.php?rest_route=\/wp\/v2\/types\/post"}],"author":[{"embeddable":true,"href":"https:\/\/noticiasveraces.com\/index.php?rest_route=\/wp\/v2\/users\/1"}],"replies":[{"embeddable":true,"href":"https:\/\/noticiasveraces.com\/index.php?rest_route=%2Fwp%2Fv2%2Fcomments&post=16700"}],"version-history":[{"count":0,"href":"https:\/\/noticiasveraces.com\/index.php?rest_route=\/wp\/v2\/posts\/16700\/revisions"}],"wp:featuredmedia":[{"embeddable":true,"href":"https:\/\/noticiasveraces.com\/index.php?rest_route=\/wp\/v2\/media\/16702"}],"wp:attachment":[{"href":"https:\/\/noticiasveraces.com\/index.php?rest_route=%2Fwp%2Fv2%2Fmedia&parent=16700"}],"wp:term":[{"taxonomy":"category","embeddable":true,"href":"https:\/\/noticiasveraces.com\/index.php?rest_route=%2Fwp%2Fv2%2Fcategories&post=16700"},{"taxonomy":"post_tag","embeddable":true,"href":"https:\/\/noticiasveraces.com\/index.php?rest_route=%2Fwp%2Fv2%2Ftags&post=16700"}],"curies":[{"name":"wp","href":"https:\/\/api.w.org\/{rel}","templated":true}]}}