{"id":16697,"date":"2025-02-28T21:33:09","date_gmt":"2025-03-01T01:33:09","guid":{"rendered":"https:\/\/noticiasveraces.com\/?p=16697"},"modified":"2025-02-28T21:33:09","modified_gmt":"2025-03-01T01:33:09","slug":"pope-sufre-crisis-respiratoria-en-medio-de-la-batalla-de-neumonia-vaticano","status":"publish","type":"post","link":"https:\/\/noticiasveraces.com\/?p=16697","title":{"rendered":"Pope sufre crisis respiratoria en medio de la batalla de neumon\u00eda: Vaticano"},"content":{"rendered":"<p> \n<\/p>\n<div>\n<p class=\"speakable\">La condici\u00f3n del Papa Francisco empeor\u00f3 despu\u00e9s de pasar por un broncoespasmo que condujo a un episodio de v\u00f3mitos e inhalaci\u00f3n, dijo el Vaticano. Despu\u00e9s del episodio, el Papa comenz\u00f3 la ventilaci\u00f3n no invasiva y estaba respondiendo bien. Seg\u00fan fuentes del Vaticano, el Papa ahora respira con la ayuda de una m\u00e1scara que se cubre la nariz y la boca, y no se intuba.<\/p>\n<p class=\"speakable\">El Vaticano dice que durante todo el d\u00eda el Papa permaneci\u00f3 alerta y orientado todo el tiempo. Sin embargo, las fuentes del Vaticano se\u00f1alaron que el Papa Francisco no est\u00e1 fuera de peligro y que los m\u00e9dicos a\u00fan necesitan evaluar el impacto del episodio de hoy.<\/p>\n<p>Antes del episodio, el Papa Francisco pas\u00f3 su ma\u00f1ana alternando entre fisioterapia de oraci\u00f3n y respiratoria. Tambi\u00e9n recibi\u00f3 la Eucarist\u00eda.<\/p>\n<div class=\"image-ct inline\">\n<div class=\"m\"><picture><source media=\"(max-width: 767px)\" srcset=\"https:\/\/a57.foxnews.com\/static.foxnews.com\/foxnews.com\/content\/uploads\/2025\/02\/343\/192\/pope-hospital.jpg?ve=1&amp;tl=1, https:\/\/a57.foxnews.com\/static.foxnews.com\/foxnews.com\/content\/uploads\/2025\/02\/686\/384\/pope-hospital.jpg?ve=1&amp;tl=1 2x\" height=\"192\" width=\"343\"><source media=\"(min-width: 768px) and (max-width: 1023px)\" srcset=\"https:\/\/a57.foxnews.com\/static.foxnews.com\/foxnews.com\/content\/uploads\/2025\/02\/672\/378\/pope-hospital.jpg?ve=1&amp;tl=1, https:\/\/a57.foxnews.com\/static.foxnews.com\/foxnews.com\/content\/uploads\/2025\/02\/1344\/756\/pope-hospital.jpg?ve=1&amp;tl=1 2x\" height=\"378\" width=\"672\"><source media=\"(min-width: 1024px) and (max-width: 1279px)\" srcset=\"https:\/\/a57.foxnews.com\/static.foxnews.com\/foxnews.com\/content\/uploads\/2025\/02\/931\/523\/pope-hospital.jpg?ve=1&amp;tl=1, https:\/\/a57.foxnews.com\/static.foxnews.com\/foxnews.com\/content\/uploads\/2025\/02\/1862\/1046\/pope-hospital.jpg?ve=1&amp;tl=1 2x\" height=\"523\" width=\"931\"><source media=\"(min-width: 1280px)\" srcset=\"https:\/\/a57.foxnews.com\/static.foxnews.com\/foxnews.com\/content\/uploads\/2025\/02\/720\/405\/pope-hospital.jpg?ve=1&amp;tl=1, https:\/\/a57.foxnews.com\/static.foxnews.com\/foxnews.com\/content\/uploads\/2025\/02\/1440\/810\/pope-hospital.jpg?ve=1&amp;tl=1 2x\" height=\"405\" width=\"720\"><img loading=\"lazy\" decoding=\"async\" src=\"https:\/\/a57.foxnews.com\/static.foxnews.com\/foxnews.com\/content\/uploads\/2025\/02\/1200\/675\/pope-hospital.jpg?ve=1&amp;tl=1\" alt=\"La persona reza fuera del hospital donde el Papa Francisco est\u00e1 siendo tratado\" width=\"1200\" height=\"675\"\/><\/source><\/source><\/source><\/source><\/picture><\/div>\n<div class=\"info\">\n<div class=\"caption\">\n<p><span>Una mujer coloca un rosario en la estatua del difunto Papa Juan Pablo II fuera del Hospital Gemelli, donde el Papa Francisco es ingresado para recibir tratamiento, en Roma, Italia, el 22 de febrero de 2025. <\/span> <span>(Reuters\/Vincenzo Livieri)<\/span><\/p>\n<\/div>\n<\/div>\n<\/div>\n<p><strong>Estado y pron\u00f3stico de salud del Papa Francisco: el m\u00e9dico da actualizaci\u00f3n<\/strong><\/p>\n<p>Este no es el primer episodio del pont\u00edfice de 88 a\u00f1os desde que fue hospitalizado hace casi tres semanas. El s\u00e1bado, tuvo problemas para respirar y, seg\u00fan fuentes del Vaticano, un incidente \u00abaislado\u00bb en el que tosi\u00f3 y vomit\u00f3. Seg\u00fan los informes, ahora est\u00e1 usando un tipo diferente de m\u00e1scara y est\u00e1 respirando normalmente.<\/p>\n<div class=\"image-ct inline\">\n<div class=\"m\"><picture><source media=\"(max-width: 767px)\" srcset=\"https:\/\/a57.foxnews.com\/static.foxnews.com\/foxnews.com\/content\/uploads\/2025\/02\/343\/192\/pope-francis-health-update_001-.jpg?ve=1&amp;tl=1, https:\/\/a57.foxnews.com\/static.foxnews.com\/foxnews.com\/content\/uploads\/2025\/02\/686\/384\/pope-francis-health-update_001-.jpg?ve=1&amp;tl=1 2x\" height=\"192\" width=\"343\"><source media=\"(min-width: 768px) and (max-width: 1023px)\" srcset=\"https:\/\/a57.foxnews.com\/static.foxnews.com\/foxnews.com\/content\/uploads\/2025\/02\/672\/378\/pope-francis-health-update_001-.jpg?ve=1&amp;tl=1, https:\/\/a57.foxnews.com\/static.foxnews.com\/foxnews.com\/content\/uploads\/2025\/02\/1344\/756\/pope-francis-health-update_001-.jpg?ve=1&amp;tl=1 2x\" height=\"378\" width=\"672\"><source media=\"(min-width: 1024px) and (max-width: 1279px)\" srcset=\"https:\/\/a57.foxnews.com\/static.foxnews.com\/foxnews.com\/content\/uploads\/2025\/02\/931\/523\/pope-francis-health-update_001-.jpg?ve=1&amp;tl=1, https:\/\/a57.foxnews.com\/static.foxnews.com\/foxnews.com\/content\/uploads\/2025\/02\/1862\/1046\/pope-francis-health-update_001-.jpg?ve=1&amp;tl=1 2x\" height=\"523\" width=\"931\"><source media=\"(min-width: 1280px)\" srcset=\"https:\/\/a57.foxnews.com\/static.foxnews.com\/foxnews.com\/content\/uploads\/2025\/02\/720\/405\/pope-francis-health-update_001-.jpg?ve=1&amp;tl=1, https:\/\/a57.foxnews.com\/static.foxnews.com\/foxnews.com\/content\/uploads\/2025\/02\/1440\/810\/pope-francis-health-update_001-.jpg?ve=1&amp;tl=1 2x\" height=\"405\" width=\"720\"><img loading=\"lazy\" decoding=\"async\" src=\"https:\/\/a57.foxnews.com\/static.foxnews.com\/foxnews.com\/content\/uploads\/2025\/02\/1200\/675\/pope-francis-health-update_001-.jpg?ve=1&amp;tl=1\" alt=\"Una foto del Papa Francisco en mejor salud\" width=\"1200\" height=\"675\"\/><\/source><\/source><\/source><\/source><\/picture><\/div>\n<div class=\"info\">\n<div class=\"caption\">\n<p><span>El Papa Francisco saluda desde su poblaci\u00f3n despu\u00e9s de las oraciones semanales de Angelus, en la Plaza de San Pedro en el Vaticano el 20 de octubre de 2024.<\/span> <span>(Filippo Monteforte\/AFP\/Getty)<\/span><\/p>\n<\/div>\n<\/div>\n<\/div>\n<p><strong>Las multitudes se re\u00fanen en st. Pedro de Peter para rezar por el Papa Francisco<\/strong><\/p>\n<p>Hoy temprano, el vicepresidente JD Vance habl\u00f3 sobre el Papa en el desayuno anual de Oraci\u00f3n Nacional, y dijo una oraci\u00f3n por el pont\u00edfice de 88 a\u00f1os. El vicepresidente reconoci\u00f3 sus diferencias pol\u00edticas, pero dijo que ha estado rezando por el Papa todos los d\u00edas.<\/p>\n<p>El vicepresidente Vance invit\u00f3 a los asistentes a unirse a \u00e9l para orar por la salud del Papa Francisco. El vicepresidente dijo que espera que el Papa supere sus luchas de salud, y comparti\u00f3 algo que hizo el pont\u00edfice cuando Covid golpe\u00f3 que lo toc\u00f3.<\/p>\n<p>\u00abCreo que todos podemos recordar ese momento del Santo Padre parado en una plaza vac\u00eda de San Pedro, sosteniendo a la Eucarist\u00eda sobre su cabeza y dando un serm\u00f3n al que regreso de manera consistente porque fue incre\u00edblemente significativo para m\u00ed en ese momento. Sigue siendo significativo hoy\u00bb, dijo Vance antes de leer parte de la homilia que el Pope dio en marzo de 2020.<\/p>\n<div class=\"image-ct inline\">\n<div class=\"m\"><picture><source media=\"(max-width: 767px)\" srcset=\"https:\/\/a57.foxnews.com\/static.foxnews.com\/foxnews.com\/content\/uploads\/2025\/02\/343\/192\/vatican-pope-health-pneumonia-1.jpg?ve=1&amp;tl=1, https:\/\/a57.foxnews.com\/static.foxnews.com\/foxnews.com\/content\/uploads\/2025\/02\/686\/384\/vatican-pope-health-pneumonia-1.jpg?ve=1&amp;tl=1 2x\" height=\"192\" width=\"343\"><source media=\"(min-width: 768px) and (max-width: 1023px)\" srcset=\"https:\/\/a57.foxnews.com\/static.foxnews.com\/foxnews.com\/content\/uploads\/2025\/02\/672\/378\/vatican-pope-health-pneumonia-1.jpg?ve=1&amp;tl=1, https:\/\/a57.foxnews.com\/static.foxnews.com\/foxnews.com\/content\/uploads\/2025\/02\/1344\/756\/vatican-pope-health-pneumonia-1.jpg?ve=1&amp;tl=1 2x\" height=\"378\" width=\"672\"><source media=\"(min-width: 1024px) and (max-width: 1279px)\" srcset=\"https:\/\/a57.foxnews.com\/static.foxnews.com\/foxnews.com\/content\/uploads\/2025\/02\/931\/523\/vatican-pope-health-pneumonia-1.jpg?ve=1&amp;tl=1, https:\/\/a57.foxnews.com\/static.foxnews.com\/foxnews.com\/content\/uploads\/2025\/02\/1862\/1046\/vatican-pope-health-pneumonia-1.jpg?ve=1&amp;tl=1 2x\" height=\"523\" width=\"931\"><source media=\"(min-width: 1280px)\" srcset=\"https:\/\/a57.foxnews.com\/static.foxnews.com\/foxnews.com\/content\/uploads\/2025\/02\/720\/405\/vatican-pope-health-pneumonia-1.jpg?ve=1&amp;tl=1, https:\/\/a57.foxnews.com\/static.foxnews.com\/foxnews.com\/content\/uploads\/2025\/02\/1440\/810\/vatican-pope-health-pneumonia-1.jpg?ve=1&amp;tl=1 2x\" height=\"405\" width=\"720\"><img loading=\"lazy\" decoding=\"async\" src=\"https:\/\/a57.foxnews.com\/static.foxnews.com\/foxnews.com\/content\/uploads\/2025\/02\/1200\/675\/vatican-pope-health-pneumonia-1.jpg?ve=1&amp;tl=1\" alt=\"La primera ministra italiana Giorgia Meloni visit\u00f3 al Papa Francisco en el hospital y dijo que le estaba yendo bien a pesar de su diagn\u00f3stico de neumon\u00eda y una complicada infecci\u00f3n bronquial.\" width=\"1200\" height=\"675\"\/><\/source><\/source><\/source><\/source><\/picture><\/div>\n<div class=\"info\">\n<div class=\"caption\">\n<p><span>El Papa ha sido hospitalizado desde el 14 de febrero con neumon\u00eda y una infecci\u00f3n bronquial. Las velas con las fotos de \u00e9l son las colocadas bajo la estatua del difunto Papa Juan Pablo II en Roma el 19 de febrero de 2025. <\/span> <span>(Photo AP\/Gregorio Borgia)<\/span><\/p>\n<\/div>\n<\/div>\n<\/div>\n<p><strong><u>Haga clic aqu\u00ed para obtener la aplicaci\u00f3n Fox News<\/u><\/strong><strong> <\/strong><\/p>\n<p>El Papa ha sido cr\u00edtico con la administraci\u00f3n Trump, que el vicepresidente Vance reconoci\u00f3 en su discurso. A principios de este mes, el Papa Francisco critic\u00f3 las deportaciones masivas planificadas de la administraci\u00f3n de migrantes, diciendo que \u00abterminar\u00e1 mal\u00bb.<\/p>\n<p> <!----> <\/p>\n<div class=\"article-meta\">\n<div class=\"author-bio\">\n<p>Rachel Wolf es una escritora de noticias de Fox News Digital y Fox Business.<\/p>\n<\/div>\n<\/div>\n<\/div>\n\n","protected":false},"excerpt":{"rendered":"<p>La condici\u00f3n del Papa Francisco empeor\u00f3 despu\u00e9s de pasar por un broncoespasmo que condujo a un episodio de v\u00f3mitos e inhalaci\u00f3n, dijo el Vaticano. Despu\u00e9s del episodio, el Papa comenz\u00f3 la ventilaci\u00f3n no invasiva y estaba respondiendo bien. Seg\u00fan fuentes del Vaticano, el Papa ahora respira con la ayuda de una m\u00e1scara que se cubre &hellip;<\/p>\n","protected":false},"author":1,"featured_media":16699,"comment_status":"open","ping_status":"open","sticky":false,"template":"","format":"standard","meta":{"fifu_image_url":"https:\/\/static.foxnews.com\/foxnews.com\/content\/uploads\/2025\/02\/pope-francis-health-update_001-.jpg","fifu_image_alt":"","footnotes":""},"categories":[13],"tags":[],"class_list":["post-16697","post","type-post","status-publish","format-standard","has-post-thumbnail","","category-mundo"],"_links":{"self":[{"href":"https:\/\/noticiasveraces.com\/index.php?rest_route=\/wp\/v2\/posts\/16697","targetHints":{"allow":["GET"]}}],"collection":[{"href":"https:\/\/noticiasveraces.com\/index.php?rest_route=\/wp\/v2\/posts"}],"about":[{"href":"https:\/\/noticiasveraces.com\/index.php?rest_route=\/wp\/v2\/types\/post"}],"author":[{"embeddable":true,"href":"https:\/\/noticiasveraces.com\/index.php?rest_route=\/wp\/v2\/users\/1"}],"replies":[{"embeddable":true,"href":"https:\/\/noticiasveraces.com\/index.php?rest_route=%2Fwp%2Fv2%2Fcomments&post=16697"}],"version-history":[{"count":0,"href":"https:\/\/noticiasveraces.com\/index.php?rest_route=\/wp\/v2\/posts\/16697\/revisions"}],"wp:featuredmedia":[{"embeddable":true,"href":"https:\/\/noticiasveraces.com\/index.php?rest_route=\/wp\/v2\/media\/16699"}],"wp:attachment":[{"href":"https:\/\/noticiasveraces.com\/index.php?rest_route=%2Fwp%2Fv2%2Fmedia&parent=16697"}],"wp:term":[{"taxonomy":"category","embeddable":true,"href":"https:\/\/noticiasveraces.com\/index.php?rest_route=%2Fwp%2Fv2%2Fcategories&post=16697"},{"taxonomy":"post_tag","embeddable":true,"href":"https:\/\/noticiasveraces.com\/index.php?rest_route=%2Fwp%2Fv2%2Ftags&post=16697"}],"curies":[{"name":"wp","href":"https:\/\/api.w.org\/{rel}","templated":true}]}}