{"id":16684,"date":"2025-02-28T19:30:33","date_gmt":"2025-02-28T23:30:33","guid":{"rendered":"https:\/\/noticiasveraces.com\/?p=16684"},"modified":"2025-02-28T19:30:33","modified_gmt":"2025-02-28T23:30:33","slug":"europa-respalda-a-zelenskyy-sobre-trump-despues-de-que-la-casa-blanca-se-estallara","status":"publish","type":"post","link":"https:\/\/noticiasveraces.com\/?p=16684","title":{"rendered":"Europa respalda a Zelenskyy sobre Trump despu\u00e9s de que la Casa Blanca se estallara"},"content":{"rendered":"<p> \n<\/p>\n<div>\n<p class=\"speakable\">Los l\u00edderes europeos obtuvieron un amplio apoyo para el presidente ucraniano Volodymyr Zelenskyy luego de la explosiva reuni\u00f3n de la Oficina Oval en la que el presidente Donald Trump y el vicepresidente JD Vance dieron severos reprimiciones y lo acusaron de ser \u00abirrespetuoso\u00bb.<\/p>\n<p class=\"speakable\">Varios l\u00edderes acudieron a las redes sociales para respaldar Ucrania y para recordar a Washington que el presidente ruso Vladimir Putin es el \u00abagresor\u00bb de Rusia-Ukraine Conflict, no Zelenskyy. <\/p>\n<p><strong>Sintonizar: Bret Baier entrevista a Zelenskyy en &#8216;Informe especial&#8217;, 6 pm ET en Fox News<\/strong><\/p>\n<div class=\"image-ct inline\">\n<div class=\"m\"><picture><source media=\"(max-width: 767px)\" srcset=\"https:\/\/a57.foxnews.com\/static.foxnews.com\/foxnews.com\/content\/uploads\/2025\/02\/343\/192\/2025-02-28t203541z_308125415_rc2t3dagndxl_rtrmadp_3_ukraine-crisis-usa-scaled.jpg?ve=1&amp;tl=1, https:\/\/a57.foxnews.com\/static.foxnews.com\/foxnews.com\/content\/uploads\/2025\/02\/686\/384\/2025-02-28t203541z_308125415_rc2t3dagndxl_rtrmadp_3_ukraine-crisis-usa-scaled.jpg?ve=1&amp;tl=1 2x\" height=\"192\" width=\"343\"><source media=\"(min-width: 768px) and (max-width: 1023px)\" srcset=\"https:\/\/a57.foxnews.com\/static.foxnews.com\/foxnews.com\/content\/uploads\/2025\/02\/672\/378\/2025-02-28t203541z_308125415_rc2t3dagndxl_rtrmadp_3_ukraine-crisis-usa-scaled.jpg?ve=1&amp;tl=1, https:\/\/a57.foxnews.com\/static.foxnews.com\/foxnews.com\/content\/uploads\/2025\/02\/1344\/756\/2025-02-28t203541z_308125415_rc2t3dagndxl_rtrmadp_3_ukraine-crisis-usa-scaled.jpg?ve=1&amp;tl=1 2x\" height=\"378\" width=\"672\"><source media=\"(min-width: 1024px) and (max-width: 1279px)\" srcset=\"https:\/\/a57.foxnews.com\/static.foxnews.com\/foxnews.com\/content\/uploads\/2025\/02\/931\/523\/2025-02-28t203541z_308125415_rc2t3dagndxl_rtrmadp_3_ukraine-crisis-usa-scaled.jpg?ve=1&amp;tl=1, https:\/\/a57.foxnews.com\/static.foxnews.com\/foxnews.com\/content\/uploads\/2025\/02\/1862\/1046\/2025-02-28t203541z_308125415_rc2t3dagndxl_rtrmadp_3_ukraine-crisis-usa-scaled.jpg?ve=1&amp;tl=1 2x\" height=\"523\" width=\"931\"><source media=\"(min-width: 1280px)\" srcset=\"https:\/\/a57.foxnews.com\/static.foxnews.com\/foxnews.com\/content\/uploads\/2025\/02\/720\/405\/2025-02-28t203541z_308125415_rc2t3dagndxl_rtrmadp_3_ukraine-crisis-usa-scaled.jpg?ve=1&amp;tl=1, https:\/\/a57.foxnews.com\/static.foxnews.com\/foxnews.com\/content\/uploads\/2025\/02\/1440\/810\/2025-02-28t203541z_308125415_rc2t3dagndxl_rtrmadp_3_ukraine-crisis-usa-scaled.jpg?ve=1&amp;tl=1 2x\" height=\"405\" width=\"720\"><img loading=\"lazy\" decoding=\"async\" src=\"https:\/\/a57.foxnews.com\/static.foxnews.com\/foxnews.com\/content\/uploads\/2025\/02\/1200\/675\/2025-02-28t203541z_308125415_rc2t3dagndxl_rtrmadp_3_ukraine-crisis-usa-scaled.jpg?ve=1&amp;tl=1\" alt=\"El presidente de los Estados Unidos, Donald Trump, se re\u00fane con el presidente ucraniano Volodymyr Zelenskiy en la Casa Blanca en Washington, DC, EE. UU., 28 de febrero de 2025. \" width=\"1200\" height=\"675\"\/><\/source><\/source><\/source><\/source><\/picture><\/div>\n<div class=\"info\">\n<div class=\"caption\">\n<p><span>El presidente de los Estados Unidos, Donald Trump, se re\u00fane con el presidente ucraniano Volodymyr Zelenskiy en la Casa Blanca en Washington, DC, EE. UU., 28 de febrero de 2025. <\/span> <span>(Reuters\/Brian Snyder TPX Im\u00e1genes del d\u00eda)<\/span><\/p>\n<\/div>\n<\/div>\n<\/div>\n<h2>uni\u00f3n Europea<\/h2>\n<p>El principal diplom\u00e1tico de la UE, Kaja Kallas, ten\u00eda algunas de las palabras m\u00e1s fuertes de reprensi\u00f3n para Trump y dijo: \u00abAgradeceremos nuestro apoyo a Ucrania para que puedan continuar luchando contra el agresor\u00bb. <\/p>\n<p>\u00abHoy qued\u00f3 claro que el mundo libre necesita un nuevo l\u00edder\u00bb, agreg\u00f3.  \u00abDepende de nosotros, los europeos, tomar este desaf\u00edo\u00bb.<\/p>\n<h2>Francia<\/h2>\n<p>\u00abHay un agresor: Rusia. Hay una v\u00edctima: Ucrania\u00bb, dijo el presidente franc\u00e9s Emmanuel Macron, quien acaba de reunirse con Trump esta semana en DC \u00abTuvimos raz\u00f3n al ayudar a Ucrania y sancionar a Rusia hace tres a\u00f1os, y seguir haci\u00e9ndolo\u00bb. <\/p>\n<p>\u00abPor &#8216;nosotros&#8217;, me refiero a los estadounidenses, los europeos, los canadienses, los japoneses y muchos otros\u00bb, agreg\u00f3.  <\/p>\n<h2>Reino Unido<\/h2>\n<p>Aunque el primer ministro del Reino Unido, Kier Starmer, quien tambi\u00e9n se reuni\u00f3 con Trump esta semana, permaneci\u00f3 en silencio p\u00fablicamente despu\u00e9s de las consecuencias geopol\u00edticas, el l\u00edder del Partido Conservador del Reino Unido, Kemi Badenoch, mostr\u00f3 su apoyo a Ucrania.<\/p>\n<p>\u00abLa diplomacia respetable es esencial para la paz\u00bb, dijo en una publicaci\u00f3n sobre X. \u00abNecesitamos recordar que el villano es el presidente criminal de guerra, Putin, que invadi\u00f3 ilegalmente a otro pa\u00eds soberano: Ucrania. <\/p>\n<p>\u00abUn oeste dividido solo beneficia a Rusia\u00bb, continu\u00f3. \u00abCualquier acuerdo de paz debe negociarse con Ucrania en la mesa, y necesitar\u00e1 garant\u00edas de seguridad. No podemos perder de vista el hecho de que esta noche sonar\u00e1n las sirenas en Ucrania\u00bb.<\/p>\n<div class=\"image-ct inline\">\n<div class=\"m\"><picture><source media=\"(max-width: 767px)\" srcset=\"https:\/\/a57.foxnews.com\/static.foxnews.com\/foxnews.com\/content\/uploads\/2025\/02\/343\/192\/trump-zelenskyy-oval-office.jpg?ve=1&amp;tl=1, https:\/\/a57.foxnews.com\/static.foxnews.com\/foxnews.com\/content\/uploads\/2025\/02\/686\/384\/trump-zelenskyy-oval-office.jpg?ve=1&amp;tl=1 2x\" height=\"192\" width=\"343\"><source media=\"(min-width: 768px) and (max-width: 1023px)\" srcset=\"https:\/\/a57.foxnews.com\/static.foxnews.com\/foxnews.com\/content\/uploads\/2025\/02\/672\/378\/trump-zelenskyy-oval-office.jpg?ve=1&amp;tl=1, https:\/\/a57.foxnews.com\/static.foxnews.com\/foxnews.com\/content\/uploads\/2025\/02\/1344\/756\/trump-zelenskyy-oval-office.jpg?ve=1&amp;tl=1 2x\" height=\"378\" width=\"672\"><source media=\"(min-width: 1024px) and (max-width: 1279px)\" srcset=\"https:\/\/a57.foxnews.com\/static.foxnews.com\/foxnews.com\/content\/uploads\/2025\/02\/931\/523\/trump-zelenskyy-oval-office.jpg?ve=1&amp;tl=1, https:\/\/a57.foxnews.com\/static.foxnews.com\/foxnews.com\/content\/uploads\/2025\/02\/1862\/1046\/trump-zelenskyy-oval-office.jpg?ve=1&amp;tl=1 2x\" height=\"523\" width=\"931\"><source media=\"(min-width: 1280px)\" srcset=\"https:\/\/a57.foxnews.com\/static.foxnews.com\/foxnews.com\/content\/uploads\/2025\/02\/720\/405\/trump-zelenskyy-oval-office.jpg?ve=1&amp;tl=1, https:\/\/a57.foxnews.com\/static.foxnews.com\/foxnews.com\/content\/uploads\/2025\/02\/1440\/810\/trump-zelenskyy-oval-office.jpg?ve=1&amp;tl=1 2x\" height=\"405\" width=\"720\"><img loading=\"lazy\" decoding=\"async\" src=\"https:\/\/a57.foxnews.com\/static.foxnews.com\/foxnews.com\/content\/uploads\/2025\/02\/1200\/675\/trump-zelenskyy-oval-office.jpg?ve=1&amp;tl=1\" alt=\"El presidente Trump recibe al presidente ucraniano Zelensky en la Casa Blanca\" width=\"1200\" height=\"675\"\/><\/source><\/source><\/source><\/source><\/picture><\/div>\n<div class=\"info\">\n<div class=\"caption\">\n<p><span>El presidente Donald Trump y el presidente ucraniano Volodymyr Zelensky se re\u00fanen en la Oficina Oval de la Casa Blanca el 28 de febrero de 2025 en Washington, DC. <\/span> <span>(Andrew Harnik\/Getty Images)<\/span><\/p>\n<\/div>\n<\/div>\n<\/div>\n<p><strong>Esta es la verdadera raz\u00f3n por la que explot\u00f3 el trato de Trump y Zelenskyy en la Oficina Oval.<\/strong><\/p>\n<h2>Noruega<\/h2>\n<p>\u00abLo que vimos hoy en la Casa Blanca es seria y desalentadora\u00bb, dijo el primer ministro noruego Jonas Gahr Stoere en un comunicado seg\u00fan Reuters. \u00abUcrania todav\u00eda necesita el apoyo de los Estados Unidos, y la seguridad y el futuro de Ucrania tambi\u00e9n son importantes para los Estados Unidos y Europa. <\/p>\n<p>\u00abQue Trump acusa a Zelenskyy de juegos de azar con la Segunda Guerra Mundial es profundamente irrazonable y una declaraci\u00f3n de la que me distingue\u00bb, dijo. \u00abNoruega est\u00e1 con Ucrania en su lucha por la libertad\u00bb. <\/p>\n<h2>Polonia<\/h2>\n<p>\u00abQuerido Zelenskyy, queridos amigos ucranianos, no est\u00e1s solo\u00bb, dijo el primer ministro polaco Donald Tusk en X.<\/p>\n<h2>Alemania<\/h2>\n<p>El nuevo l\u00edder conservador de Alemania, el canciller entrante Friedrich Merz, quien ha dicho que busca \u00abindependencia\u00bb de los Estados Unidos, dijo: \u00abQuerido Volodymyr Zelenskyy, estamos con Ucrania en los tiempos de prueba y en tiempos de prueba. Nunca debemos confundir agresor y v\u00edctima en esta terrible guerra\u00bb.<\/p>\n<p>En particular, las naciones que generalmente se mantienen fuertes con Trump, como Recep Erdogan de Turqu\u00eda y la primera ministra de Italia, Giorgia Meloni, no emitieron una declaraci\u00f3n p\u00fablica despu\u00e9s de los eventos del d\u00eda. <\/p>\n<div class=\"image-ct inline\">\n<div class=\"m\"><picture><source media=\"(max-width: 767px)\" srcset=\"https:\/\/a57.foxnews.com\/static.foxnews.com\/foxnews.com\/content\/uploads\/2025\/02\/343\/192\/gettyimages-2202534761-scaled.jpg?ve=1&amp;tl=1, https:\/\/a57.foxnews.com\/static.foxnews.com\/foxnews.com\/content\/uploads\/2025\/02\/686\/384\/gettyimages-2202534761-scaled.jpg?ve=1&amp;tl=1 2x\" height=\"192\" width=\"343\"><source media=\"(min-width: 768px) and (max-width: 1023px)\" srcset=\"https:\/\/a57.foxnews.com\/static.foxnews.com\/foxnews.com\/content\/uploads\/2025\/02\/672\/378\/gettyimages-2202534761-scaled.jpg?ve=1&amp;tl=1, https:\/\/a57.foxnews.com\/static.foxnews.com\/foxnews.com\/content\/uploads\/2025\/02\/1344\/756\/gettyimages-2202534761-scaled.jpg?ve=1&amp;tl=1 2x\" height=\"378\" width=\"672\"><source media=\"(min-width: 1024px) and (max-width: 1279px)\" srcset=\"https:\/\/a57.foxnews.com\/static.foxnews.com\/foxnews.com\/content\/uploads\/2025\/02\/931\/523\/gettyimages-2202534761-scaled.jpg?ve=1&amp;tl=1, https:\/\/a57.foxnews.com\/static.foxnews.com\/foxnews.com\/content\/uploads\/2025\/02\/1862\/1046\/gettyimages-2202534761-scaled.jpg?ve=1&amp;tl=1 2x\" height=\"523\" width=\"931\"><source media=\"(min-width: 1280px)\" srcset=\"https:\/\/a57.foxnews.com\/static.foxnews.com\/foxnews.com\/content\/uploads\/2025\/02\/720\/405\/gettyimages-2202534761-scaled.jpg?ve=1&amp;tl=1, https:\/\/a57.foxnews.com\/static.foxnews.com\/foxnews.com\/content\/uploads\/2025\/02\/1440\/810\/gettyimages-2202534761-scaled.jpg?ve=1&amp;tl=1 2x\" height=\"405\" width=\"720\"><img loading=\"lazy\" decoding=\"async\" src=\"https:\/\/a57.foxnews.com\/static.foxnews.com\/foxnews.com\/content\/uploads\/2025\/02\/1200\/675\/gettyimages-2202534761-scaled.jpg?ve=1&amp;tl=1\" alt=\"Zelenskyy con Trump y Vance en la Oficina Oval\" width=\"1200\" height=\"675\"\/><\/source><\/source><\/source><\/source><\/picture><\/div>\n<div class=\"info\">\n<div class=\"caption\">\n<p><span>Trump y Zelensky se reunieron hoy para negociar un acuerdo preliminar sobre compartir los recursos minerales de Ucrania que, seg\u00fan Trump, permitir\u00e1 a Estados Unidos recuperar la ayuda brindada a Kiev mientras apoya la econom\u00eda de Ucrania. <\/span> <span>(Andrew Harnik\/Getty Images)<\/span><\/p>\n<\/div>\n<\/div>\n<\/div>\n<p><strong>Haga clic aqu\u00ed para obtener la aplicaci\u00f3n Fox News<\/strong><\/p>\n<h2>Rusia<\/h2>\n<p>Aunque los funcionarios rusos expresaron su apoyo a c\u00f3mo se desarroll\u00f3 el d\u00eda.<\/p>\n<p>El ex presidente ruso y actual vicepresidente del Consejo de Seguridad de Rusia, Dmitry Medvedev, recurri\u00f3 a X para llamar a Zelenskyy un \u00abcerdo insolente\u00bb y afirm\u00f3 que \u00abfinalmente recibi\u00f3 una bofetada adecuada en la Oficina Oval\u00bb. <\/p>\n<p>\u00abY Donald Trump tiene raz\u00f3n: el r\u00e9gimen de Kiev est\u00e1 &#8216;jugando con la Segunda Guerra Mundial'\u00bb, agreg\u00f3. <\/p>\n<h2>Canad\u00e1<\/h2>\n<p>El primer ministro canadiense, Justin Trudeau, tambi\u00e9n arroj\u00f3 su peso detr\u00e1s de Ucrania y dijo: \u00abRusia invadi\u00f3 ilegal e injustificadamente Ucrania. <\/p>\n<p>\u00abDurante tres a\u00f1os, los ucranianos han luchado con coraje y resistencia\u00bb, agreg\u00f3, sugiriendo que los aliados de la OTAN pueden respaldar a Kiev sobre Washington. \u00abSu lucha por la democracia, la libertad y la soberan\u00eda es una pelea que nos importa a todos. Canad\u00e1 continuar\u00e1 con Ucrania y Ucrania para lograr una paz justa y duradera\u00bb. <\/p>\n<p> <!----> <\/p>\n<div class=\"article-meta\">\n<div class=\"author-bio\">\n<p>Caitlin McFall es reportero de Fox News Digital Cubting Politics, US y World News.<\/p>\n<\/div>\n<\/div>\n<\/div>\n\n","protected":false},"excerpt":{"rendered":"<p>Los l\u00edderes europeos obtuvieron un amplio apoyo para el presidente ucraniano Volodymyr Zelenskyy luego de la explosiva reuni\u00f3n de la Oficina Oval en la que el presidente Donald Trump y el vicepresidente JD Vance dieron severos reprimiciones y lo acusaron de ser \u00abirrespetuoso\u00bb. Varios l\u00edderes acudieron a las redes sociales para respaldar Ucrania y para &hellip;<\/p>\n","protected":false},"author":1,"featured_media":16686,"comment_status":"open","ping_status":"open","sticky":false,"template":"","format":"standard","meta":{"fifu_image_url":"https:\/\/static.foxnews.com\/foxnews.com\/content\/uploads\/2025\/02\/e8046e24-zelenskyy.png","fifu_image_alt":"","footnotes":""},"categories":[13],"tags":[],"class_list":["post-16684","post","type-post","status-publish","format-standard","has-post-thumbnail","","category-mundo"],"_links":{"self":[{"href":"https:\/\/noticiasveraces.com\/index.php?rest_route=\/wp\/v2\/posts\/16684","targetHints":{"allow":["GET"]}}],"collection":[{"href":"https:\/\/noticiasveraces.com\/index.php?rest_route=\/wp\/v2\/posts"}],"about":[{"href":"https:\/\/noticiasveraces.com\/index.php?rest_route=\/wp\/v2\/types\/post"}],"author":[{"embeddable":true,"href":"https:\/\/noticiasveraces.com\/index.php?rest_route=\/wp\/v2\/users\/1"}],"replies":[{"embeddable":true,"href":"https:\/\/noticiasveraces.com\/index.php?rest_route=%2Fwp%2Fv2%2Fcomments&post=16684"}],"version-history":[{"count":0,"href":"https:\/\/noticiasveraces.com\/index.php?rest_route=\/wp\/v2\/posts\/16684\/revisions"}],"wp:featuredmedia":[{"embeddable":true,"href":"https:\/\/noticiasveraces.com\/index.php?rest_route=\/wp\/v2\/media\/16686"}],"wp:attachment":[{"href":"https:\/\/noticiasveraces.com\/index.php?rest_route=%2Fwp%2Fv2%2Fmedia&parent=16684"}],"wp:term":[{"taxonomy":"category","embeddable":true,"href":"https:\/\/noticiasveraces.com\/index.php?rest_route=%2Fwp%2Fv2%2Fcategories&post=16684"},{"taxonomy":"post_tag","embeddable":true,"href":"https:\/\/noticiasveraces.com\/index.php?rest_route=%2Fwp%2Fv2%2Ftags&post=16684"}],"curies":[{"name":"wp","href":"https:\/\/api.w.org\/{rel}","templated":true}]}}