{"id":16674,"date":"2025-02-28T18:29:18","date_gmt":"2025-02-28T22:29:18","guid":{"rendered":"https:\/\/noticiasveraces.com\/?p=16674"},"modified":"2025-02-28T18:29:18","modified_gmt":"2025-02-28T22:29:18","slug":"rose-girone-sobreviviente-del-holocausto-vivo-mas-antiguo-muere-a-las-113","status":"publish","type":"post","link":"https:\/\/noticiasveraces.com\/?p=16674","title":{"rendered":"Rose Girone, sobreviviente del Holocausto vivo m\u00e1s antiguo, muere a las 113"},"content":{"rendered":"<p> \n<\/p>\n<div>\n<p class=\"speakable\">Rose Girone, que se cree que es la sobreviviente del Holocausto vivo m\u00e1s antiguo y un fuerte defensor de compartir las historias de los sobrevivientes, ha muerto. Ella ten\u00eda 113 a\u00f1os.<\/p>\n<p class=\"speakable\">Muri\u00f3 el lunes en Nueva York, seg\u00fan la Conferencia de Reclamaciones, una conferencia con sede en Nueva York sobre reclamos materiales jud\u00edos contra Alemania.<\/p>\n<p><strong>Mi padre sobrevivi\u00f3 al Holocausto. La censura no detuvo a los nazis, les ayud\u00f3<\/strong><\/p>\n<p>\u00abRose fue un ejemplo de fortaleza, pero ahora estamos obligados a continuar en su memoria\u00bb, dijo Greg Schneider, vicepresidente ejecutivo de la conferencia de reclamos, en un comunicado el jueves. \u00abLas lecciones del Holocausto no deben morir con los que sufrieron el sufrimiento\u00bb.<\/p>\n<p>Girone naci\u00f3 el 13 de enero de 1912 en Janow, Polonia. Su familia se mud\u00f3 a Hamburgo, Alemania, cuando ten\u00eda 6 a\u00f1os, dijo en una entrevista filmada en 1996 con la Fundaci\u00f3n USC Shoah.<\/p>\n<p>Cuando el entrevistador le pregunt\u00f3 si ten\u00eda alg\u00fan plan de carrera en particular antes de Hitler, dijo: \u00abHitler lleg\u00f3 en 1933 y luego termin\u00f3 para todos\u00bb.<\/p>\n<p>Girone fue uno de los aproximadamente 245,000 sobrevivientes que a\u00fan viven en m\u00e1s de 90 pa\u00edses, seg\u00fan un estudio publicado por la conferencia de reclamos el a\u00f1o pasado. Sus n\u00fameros est\u00e1n disminuyendo r\u00e1pidamente, ya que la mayor\u00eda es muy antiguo y a menudo de la salud fr\u00e1gil, con una edad media de 86 a\u00f1os.<\/p>\n<p>Seis millones de jud\u00edos europeos y personas de otras minor\u00edas fueron asesinados por los nazis y sus colaboradores durante el Holocausto.<\/p>\n<p>\u00abEste fallecimiento nos recuerda la urgencia de compartir las lecciones del Holocausto mientras todav\u00eda tenemos testigos de primera mano con nosotros\u00bb, dijo Schneider. \u00abEl Holocausto se est\u00e1 deslizando de la memoria a la historia, y sus lecciones son demasiado importantes, especialmente en el mundo de hoy, para ser olvidados\u00bb.<\/p>\n<p>Girone se cas\u00f3 con Julius Mannheim en 1937 a trav\u00e9s de un matrimonio arreglado.<\/p>\n<p>Ten\u00eda 9 meses de embarazo viviendo en Breslau, que ahora es Wroclaw, Polonia, cuando llegaron los nazis para llevar a Mannheim al campo de concentraci\u00f3n de Buchenwald. Su familia ten\u00eda dos autos y, por lo tanto, le pidi\u00f3 a su esposo que dejara sus llaves.<\/p>\n<div class=\"image-ct inline\">\n<div class=\"m\"><picture><source media=\"(max-width: 767px)\" srcset=\"https:\/\/a57.foxnews.com\/static.foxnews.com\/foxnews.com\/content\/uploads\/2025\/02\/343\/192\/80.-anniversary-of-the-liberation-of-auschwitz-buchenwald.jpg?ve=1&amp;tl=1, https:\/\/a57.foxnews.com\/static.foxnews.com\/foxnews.com\/content\/uploads\/2025\/02\/686\/384\/80.-anniversary-of-the-liberation-of-auschwitz-buchenwald.jpg?ve=1&amp;tl=1 2x\" height=\"192\" width=\"343\"><source media=\"(min-width: 768px) and (max-width: 1023px)\" srcset=\"https:\/\/a57.foxnews.com\/static.foxnews.com\/foxnews.com\/content\/uploads\/2025\/02\/672\/378\/80.-anniversary-of-the-liberation-of-auschwitz-buchenwald.jpg?ve=1&amp;tl=1, https:\/\/a57.foxnews.com\/static.foxnews.com\/foxnews.com\/content\/uploads\/2025\/02\/1344\/756\/80.-anniversary-of-the-liberation-of-auschwitz-buchenwald.jpg?ve=1&amp;tl=1 2x\" height=\"378\" width=\"672\"><source media=\"(min-width: 1024px) and (max-width: 1279px)\" srcset=\"https:\/\/a57.foxnews.com\/static.foxnews.com\/foxnews.com\/content\/uploads\/2025\/02\/931\/523\/80.-anniversary-of-the-liberation-of-auschwitz-buchenwald.jpg?ve=1&amp;tl=1, https:\/\/a57.foxnews.com\/static.foxnews.com\/foxnews.com\/content\/uploads\/2025\/02\/1862\/1046\/80.-anniversary-of-the-liberation-of-auschwitz-buchenwald.jpg?ve=1&amp;tl=1 2x\" height=\"523\" width=\"931\"><source media=\"(min-width: 1280px)\" srcset=\"https:\/\/a57.foxnews.com\/static.foxnews.com\/foxnews.com\/content\/uploads\/2025\/02\/720\/405\/80.-anniversary-of-the-liberation-of-auschwitz-buchenwald.jpg?ve=1&amp;tl=1, https:\/\/a57.foxnews.com\/static.foxnews.com\/foxnews.com\/content\/uploads\/2025\/02\/1440\/810\/80.-anniversary-of-the-liberation-of-auschwitz-buchenwald.jpg?ve=1&amp;tl=1 2x\" height=\"405\" width=\"720\"><img loading=\"lazy\" decoding=\"async\" src=\"https:\/\/a57.foxnews.com\/static.foxnews.com\/foxnews.com\/content\/uploads\/2025\/02\/1200\/675\/80.-anniversary-of-the-liberation-of-auschwitz-buchenwald.jpg?ve=1&amp;tl=1\" alt=\"80. Aniversario de la liberaci\u00f3n de Auschwitz - Buchenwald\" width=\"1200\" height=\"675\"\/><\/source><\/source><\/source><\/source><\/picture><\/div>\n<div class=\"info\">\n<div class=\"caption\">\n<p><span>Jens-Christian Wagner (R), director de la Fundaci\u00f3n Buchenwald y Mittelbau-Dora Memorials, habla con los participantes en una ceremonia de colocaci\u00f3n de coronas en la plaza de la llamada de la lista en el Buchenwald Memorial el 27 de enero de 2025.<\/span> <span>(Martin Schutt\/Picture Alliance a trav\u00e9s de Getty Images)<\/span><\/p>\n<\/div>\n<\/div>\n<\/div>\n<p>Ella dijo que recuerda que un nazi dijo: \u00abToma a esa mujer tambi\u00e9n\u00bb.<\/p>\n<p>El otro nazi respondi\u00f3: \u00abEst\u00e1 embarazada, d\u00e9jala sola\u00bb.<\/p>\n<p>A la ma\u00f1ana siguiente, su suegro tambi\u00e9n fue llevado y la dejaron sola con su ama de llaves.<\/p>\n<p>Despu\u00e9s de que su hija Reha naci\u00f3 en 1938, Girone pudo asegurar visas chinas de familiares en Londres y asegurar la liberaci\u00f3n de su esposo.<\/p>\n<p>En G\u00e9nova, Italia, cuando Reha ten\u00eda solo 6 meses, abordaban un barco a Shanghai ocupada por Jap\u00f3n con poco m\u00e1s que ropa y algunas ropa de cama.<\/p>\n<p>Su esposo primero gan\u00f3 dinero comprando y vendiendo productos de segunda mano. Se salv\u00f3 para comprar un autom\u00f3vil y comenz\u00f3 un negocio de taxis, mientras Girone teji\u00f3 y vendi\u00f3 su\u00e9teres.<\/p>\n<p>Pero en 1941, los refugiados jud\u00edos fueron detenidos en un gueto. La familia de tres se vio obligada a meterse en un ba\u00f1o en una casa, mientras que las cucarachas y las chinches se arrastraban a trav\u00e9s de sus pertenencias.<\/p>\n<p>Su suegro lleg\u00f3 justo antes de que comenzara la Segunda Guerra Mundial, pero se enferm\u00f3 y muri\u00f3. Tuvieron que esperar en la cola de comida y viv\u00edan bajo el gobierno de un hombre japon\u00e9s despiadado que se llamaba a s\u00ed mismo \u00abrey de los jud\u00edos\u00bb.<\/p>\n<p>\u00abHicieron cosas realmente horribles a la gente\u00bb, dijo Girone sobre los camiones militares japoneses que patrullaban las calles. \u00abUno de nuestros amigos fue asesinado porque no se mover\u00eda lo suficientemente r\u00e1pido\u00bb.<\/p>\n<p>La informaci\u00f3n sobre la guerra en Europa solo circulaba en forma de rumores, ya que no se permit\u00edan radios brit\u00e1nicos.<\/p>\n<p>Cuando termin\u00f3 la guerra, comenzaron a recibir el correo de la madre, la abuela y otros familiares de Girone en los Estados Unidos con su ayuda, abordaron un barco a San Francisco en 1947 con solo $ 80, que Girone escondi\u00f3 dentro de los botones.<\/p>\n<p>Llegaron a la ciudad de Nueva York en 1947. M\u00e1s tarde comenz\u00f3 una tienda de tejer con la ayuda de su madre.<\/p>\n<p>Girone tambi\u00e9n se reuni\u00f3 con su hermano, quien fue a Francia para la escuela y termin\u00f3 obteniendo su ciudadan\u00eda estadounidense uni\u00e9ndose al ej\u00e9rcito. Cuando ella fue al aeropuerto para recogerlo en Nueva York, era la primera vez que lo ve\u00eda en 17 a\u00f1os.<\/p>\n<p><strong><u>Haga clic aqu\u00ed para obtener la aplicaci\u00f3n Fox News<\/u><\/strong><\/p>\n<p>Girone m\u00e1s tarde se divorci\u00f3 de Mannheim. En 1968, conoci\u00f3 a Jack Girone, el mismo d\u00eda que naci\u00f3 su nieta. Para el a\u00f1o siguiente se casaron. Muri\u00f3 en 1990.<\/p>\n<p>Cuando se le pregunt\u00f3 en 1996 el mensaje que le gustar\u00eda dejar para su hija y su nieta, dijo: \u00abNada es tan malo que algo bueno no deber\u00eda salir de eso. No importa lo que sea\u00bb.<\/p>\n<p> <!----> <!----><\/div>\n\n","protected":false},"excerpt":{"rendered":"<p>Rose Girone, que se cree que es la sobreviviente del Holocausto vivo m\u00e1s antiguo y un fuerte defensor de compartir las historias de los sobrevivientes, ha muerto. Ella ten\u00eda 113 a\u00f1os. Muri\u00f3 el lunes en Nueva York, seg\u00fan la Conferencia de Reclamaciones, una conferencia con sede en Nueva York sobre reclamos materiales jud\u00edos contra Alemania. &hellip;<\/p>\n","protected":false},"author":1,"featured_media":16676,"comment_status":"open","ping_status":"open","sticky":false,"template":"","format":"standard","meta":{"fifu_image_url":"https:\/\/static.foxnews.com\/foxnews.com\/content\/uploads\/2025\/02\/80.-anniversary-of-the-liberation-of-auschwitz-buchenwald.jpg","fifu_image_alt":"","footnotes":""},"categories":[13],"tags":[],"class_list":["post-16674","post","type-post","status-publish","format-standard","has-post-thumbnail","","category-mundo"],"_links":{"self":[{"href":"https:\/\/noticiasveraces.com\/index.php?rest_route=\/wp\/v2\/posts\/16674","targetHints":{"allow":["GET"]}}],"collection":[{"href":"https:\/\/noticiasveraces.com\/index.php?rest_route=\/wp\/v2\/posts"}],"about":[{"href":"https:\/\/noticiasveraces.com\/index.php?rest_route=\/wp\/v2\/types\/post"}],"author":[{"embeddable":true,"href":"https:\/\/noticiasveraces.com\/index.php?rest_route=\/wp\/v2\/users\/1"}],"replies":[{"embeddable":true,"href":"https:\/\/noticiasveraces.com\/index.php?rest_route=%2Fwp%2Fv2%2Fcomments&post=16674"}],"version-history":[{"count":0,"href":"https:\/\/noticiasveraces.com\/index.php?rest_route=\/wp\/v2\/posts\/16674\/revisions"}],"wp:featuredmedia":[{"embeddable":true,"href":"https:\/\/noticiasveraces.com\/index.php?rest_route=\/wp\/v2\/media\/16676"}],"wp:attachment":[{"href":"https:\/\/noticiasveraces.com\/index.php?rest_route=%2Fwp%2Fv2%2Fmedia&parent=16674"}],"wp:term":[{"taxonomy":"category","embeddable":true,"href":"https:\/\/noticiasveraces.com\/index.php?rest_route=%2Fwp%2Fv2%2Fcategories&post=16674"},{"taxonomy":"post_tag","embeddable":true,"href":"https:\/\/noticiasveraces.com\/index.php?rest_route=%2Fwp%2Fv2%2Ftags&post=16674"}],"curies":[{"name":"wp","href":"https:\/\/api.w.org\/{rel}","templated":true}]}}