{"id":16663,"date":"2025-02-28T16:25:09","date_gmt":"2025-02-28T20:25:09","guid":{"rendered":"https:\/\/noticiasveraces.com\/?p=16663"},"modified":"2025-02-28T16:25:09","modified_gmt":"2025-02-28T20:25:09","slug":"las-protestas-violentas-estallan-en-grecia-por-un-accidente-de-tren-mortal","status":"publish","type":"post","link":"https:\/\/noticiasveraces.com\/?p=16663","title":{"rendered":"Las protestas violentas estallan en Grecia por un accidente de tren mortal"},"content":{"rendered":"<p> \n<\/p>\n<div>\n<p class=\"speakable\">Una protesta por la respuesta del gobierno griego al accidente de tren m\u00e1s grande de la naci\u00f3n se volvi\u00f3 violenta el viernes cuando decenas de j\u00f3venes arrojaban rocas y bombas de gasolina en la polic\u00eda.<\/p>\n<p class=\"speakable\">Las escenas ardientes tuvieron lugar frente al edificio del Parlamento de Grecia en Atenas durante las protestas masivas para conmemorar el segundo aniversario de un devastador accidente de tren en el norte de Grecia que dej\u00f3 a 57 personas muertas. <\/p>\n<p>Despu\u00e9s de horas de manifestaciones pac\u00edficas en la capital griega, los j\u00f3venes con martillos rompieron las piedras de pavimento, arrojaron los escombros y las bombas de fuego improvisadas a la polic\u00eda que respondieron con gases lacrim\u00f3genos.<\/p>\n<div class=\"image-ct inline\">\n<div class=\"m\"><picture><source media=\"(max-width: 767px)\" srcset=\"https:\/\/a57.foxnews.com\/static.foxnews.com\/foxnews.com\/content\/uploads\/2025\/02\/343\/192\/greece-protests-2.jpg?ve=1&amp;tl=1, https:\/\/a57.foxnews.com\/static.foxnews.com\/foxnews.com\/content\/uploads\/2025\/02\/686\/384\/greece-protests-2.jpg?ve=1&amp;tl=1 2x\" height=\"192\" width=\"343\"><source media=\"(min-width: 768px) and (max-width: 1023px)\" srcset=\"https:\/\/a57.foxnews.com\/static.foxnews.com\/foxnews.com\/content\/uploads\/2025\/02\/672\/378\/greece-protests-2.jpg?ve=1&amp;tl=1, https:\/\/a57.foxnews.com\/static.foxnews.com\/foxnews.com\/content\/uploads\/2025\/02\/1344\/756\/greece-protests-2.jpg?ve=1&amp;tl=1 2x\" height=\"378\" width=\"672\"><source media=\"(min-width: 1024px) and (max-width: 1279px)\" srcset=\"https:\/\/a57.foxnews.com\/static.foxnews.com\/foxnews.com\/content\/uploads\/2025\/02\/931\/523\/greece-protests-2.jpg?ve=1&amp;tl=1, https:\/\/a57.foxnews.com\/static.foxnews.com\/foxnews.com\/content\/uploads\/2025\/02\/1862\/1046\/greece-protests-2.jpg?ve=1&amp;tl=1 2x\" height=\"523\" width=\"931\"><source media=\"(min-width: 1280px)\" srcset=\"https:\/\/a57.foxnews.com\/static.foxnews.com\/foxnews.com\/content\/uploads\/2025\/02\/720\/405\/greece-protests-2.jpg?ve=1&amp;tl=1, https:\/\/a57.foxnews.com\/static.foxnews.com\/foxnews.com\/content\/uploads\/2025\/02\/1440\/810\/greece-protests-2.jpg?ve=1&amp;tl=1 2x\" height=\"405\" width=\"720\"><img loading=\"lazy\" decoding=\"async\" src=\"https:\/\/a57.foxnews.com\/static.foxnews.com\/foxnews.com\/content\/uploads\/2025\/02\/1200\/675\/greece-protests-2.jpg?ve=1&amp;tl=1\" alt=\"La polic\u00eda antidisturbios en Grecia reacciona a los c\u00f3cteles Molotov encendidos arrojados por manifestantes\" width=\"1200\" height=\"675\"\/><\/source><\/source><\/source><\/source><\/picture><\/div>\n<div class=\"info\">\n<div class=\"caption\">\n<p><span>La polic\u00eda antidisturbios reaccion\u00f3 a los c\u00f3cteles Molotov encendidos lanzados por manifestantes en una protesta cerca del Parlamento griego, marcando el segundo aniversario del peor desastre ferroviario del pa\u00eds.<\/span> <span>(Reuters\/Florion Goga)<\/span><\/p>\n<\/div>\n<\/div>\n<\/div>\n<p><strong>Los cuerpos de la colisi\u00f3n de trenes de Grecia que mataron a 57 regresaron a las familias en ataques cerrados<\/strong><\/p>\n<p>Cientos de miles de manifestantes inundaron las calles de las ciudades de Grecia el viernes en una movilizaci\u00f3n masiva, dirigida por familiares de las familias de las v\u00edctimas.<\/p>\n<p>Los enfrentamientos tambi\u00e9n estallaron en la segunda ciudad de Grecia, Thesaloniki, donde una multitud gigante ahog\u00f3 el centro y la gente liber\u00f3 globos negros en el cielo en memoria de los muertos.<\/p>\n<p>M\u00e1s de 80 personas fueron detenidas y cinco resultaron heridas solo en Atenas, dijeron las autoridades.<\/p>\n<div class=\"image-ct inline\">\n<div class=\"m\"><picture><source media=\"(max-width: 767px)\" srcset=\"https:\/\/a57.foxnews.com\/static.foxnews.com\/foxnews.com\/content\/uploads\/2025\/02\/343\/192\/greece-protests.jpg?ve=1&amp;tl=1, https:\/\/a57.foxnews.com\/static.foxnews.com\/foxnews.com\/content\/uploads\/2025\/02\/686\/384\/greece-protests.jpg?ve=1&amp;tl=1 2x\" height=\"192\" width=\"343\"><source media=\"(min-width: 768px) and (max-width: 1023px)\" srcset=\"https:\/\/a57.foxnews.com\/static.foxnews.com\/foxnews.com\/content\/uploads\/2025\/02\/672\/378\/greece-protests.jpg?ve=1&amp;tl=1, https:\/\/a57.foxnews.com\/static.foxnews.com\/foxnews.com\/content\/uploads\/2025\/02\/1344\/756\/greece-protests.jpg?ve=1&amp;tl=1 2x\" height=\"378\" width=\"672\"><source media=\"(min-width: 1024px) and (max-width: 1279px)\" srcset=\"https:\/\/a57.foxnews.com\/static.foxnews.com\/foxnews.com\/content\/uploads\/2025\/02\/931\/523\/greece-protests.jpg?ve=1&amp;tl=1, https:\/\/a57.foxnews.com\/static.foxnews.com\/foxnews.com\/content\/uploads\/2025\/02\/1862\/1046\/greece-protests.jpg?ve=1&amp;tl=1 2x\" height=\"523\" width=\"931\"><source media=\"(min-width: 1280px)\" srcset=\"https:\/\/a57.foxnews.com\/static.foxnews.com\/foxnews.com\/content\/uploads\/2025\/02\/720\/405\/greece-protests.jpg?ve=1&amp;tl=1, https:\/\/a57.foxnews.com\/static.foxnews.com\/foxnews.com\/content\/uploads\/2025\/02\/1440\/810\/greece-protests.jpg?ve=1&amp;tl=1 2x\" height=\"405\" width=\"720\"><img loading=\"lazy\" decoding=\"async\" src=\"https:\/\/a57.foxnews.com\/static.foxnews.com\/foxnews.com\/content\/uploads\/2025\/02\/1200\/675\/greece-protests.jpg?ve=1&amp;tl=1\" alt=\"Los manifestantes chocan con la polic\u00eda frente al parlamento griego\" width=\"1200\" height=\"675\"\/><\/source><\/source><\/source><\/source><\/picture><\/div>\n<div class=\"info\">\n<div class=\"caption\">\n<p><span>Un manifestante arroja un c\u00f3ctel Molotov en la polic\u00eda, durante una protesta que marca el segundo aniversario del peor desastre ferroviario del pa\u00eds.<\/span> <span>(Reuters\/Louisa Gouliamaki)<\/span><\/p>\n<\/div>\n<\/div>\n<\/div>\n<p>Las protestas, entre las m\u00e1s grandes desde la crisis de la deuda del pa\u00eds hace m\u00e1s de una d\u00e9cada, han sido alimentadas por el resentimiento p\u00fablico contra la inacci\u00f3n percibida del gobierno conservador.<\/p>\n<p><strong>Los cuerpos de la colisi\u00f3n de trenes de Grecia que mataron a 57 regresaron a las familias en ataques cerrados<\/strong><\/p>\n<p>Los cr\u00edticos dicen que los pol\u00edticos deben ser responsables de las fallas que condujeron al accidente, pero hasta ahora solo los funcionarios ferroviarios han sido acusados \u200b\u200bde cualquier delito.<\/p>\n<p>\u00abEl gobierno no ha hecho nada para obtener justicia\u00bb, dijo Christos Main, de 57 a\u00f1os, m\u00fasico en el mitin de Atenas. \u00abEsto no fue un accidente, fue asesinato\u00bb, dijo.<\/p>\n<p>En una de las mayores protestas de Grecia en a\u00f1os, los servicios p\u00fablicos y muchas empresas privadas se detuvieron y la gente se vierte en las calles de ciudades y pueblos cantando \u00abasesinos\u00bb contra lo que dicen es el papel del estado en el desastre. El gobierno niega irregularidades.<\/p>\n<p>Los sindicatos ferroviarios dicen que la red ha sido mal mantenida a pesar de las actualizaciones del servicio ferroviario para proporcionar trenes m\u00e1s r\u00e1pidos en los \u00faltimos a\u00f1os.<\/p>\n<p>El desastre del tren 2023 en Tempe vio un tren de pasajeros chocar de frente con un tren de carga que se aproxima.<\/p>\n<div class=\"image-ct inline\">\n<div class=\"m\"><picture><source media=\"(max-width: 767px)\" srcset=\"https:\/\/a57.foxnews.com\/static.foxnews.com\/foxnews.com\/content\/uploads\/2025\/02\/343\/192\/greece-protests-3.jpg?ve=1&amp;tl=1, https:\/\/a57.foxnews.com\/static.foxnews.com\/foxnews.com\/content\/uploads\/2025\/02\/686\/384\/greece-protests-3.jpg?ve=1&amp;tl=1 2x\" height=\"192\" width=\"343\"><source media=\"(min-width: 768px) and (max-width: 1023px)\" srcset=\"https:\/\/a57.foxnews.com\/static.foxnews.com\/foxnews.com\/content\/uploads\/2025\/02\/672\/378\/greece-protests-3.jpg?ve=1&amp;tl=1, https:\/\/a57.foxnews.com\/static.foxnews.com\/foxnews.com\/content\/uploads\/2025\/02\/1344\/756\/greece-protests-3.jpg?ve=1&amp;tl=1 2x\" height=\"378\" width=\"672\"><source media=\"(min-width: 1024px) and (max-width: 1279px)\" srcset=\"https:\/\/a57.foxnews.com\/static.foxnews.com\/foxnews.com\/content\/uploads\/2025\/02\/931\/523\/greece-protests-3.jpg?ve=1&amp;tl=1, https:\/\/a57.foxnews.com\/static.foxnews.com\/foxnews.com\/content\/uploads\/2025\/02\/1862\/1046\/greece-protests-3.jpg?ve=1&amp;tl=1 2x\" height=\"523\" width=\"931\"><source media=\"(min-width: 1280px)\" srcset=\"https:\/\/a57.foxnews.com\/static.foxnews.com\/foxnews.com\/content\/uploads\/2025\/02\/720\/405\/greece-protests-3.jpg?ve=1&amp;tl=1, https:\/\/a57.foxnews.com\/static.foxnews.com\/foxnews.com\/content\/uploads\/2025\/02\/1440\/810\/greece-protests-3.jpg?ve=1&amp;tl=1 2x\" height=\"405\" width=\"720\"><img loading=\"lazy\" decoding=\"async\" src=\"https:\/\/a57.foxnews.com\/static.foxnews.com\/foxnews.com\/content\/uploads\/2025\/02\/1200\/675\/greece-protests-3.jpg?ve=1&amp;tl=1\" alt=\"Protestas de Grecia\" width=\"1200\" height=\"675\"\/><\/source><\/source><\/source><\/source><\/picture><\/div>\n<div class=\"info\">\n<div class=\"caption\">\n<p><span>Una vista de drones muestra a las personas reuni\u00e9ndose frente al parlamento griego durante una protesta, que marca el segundo aniversario del peor desastre ferroviario del pa\u00eds, mientras una investigaci\u00f3n contin\u00faa, en Atenas, Grecia, el 28 de febrero de 2025. <\/span> <span>(a trav\u00e9s de Reuters)<\/span><\/p>\n<\/div>\n<\/div>\n<\/div>\n<p><strong>Haga clic aqu\u00ed para obtener la aplicaci\u00f3n Fox News<\/strong><\/p>\n<p>Fue el peor accidente ferroviario de Grecia y dej\u00f3 docenas de deficiencias heridas y expuestas en la infraestructura de transporte del pa\u00eds.<\/p>\n<p>Los trenes se estrellaron justo antes del valle de Tempe, una garganta que separa las regiones de Tesaly y Macedonia. El tren viajaba por la ruta m\u00e1s concurrida de Grecia, desde la capital Atenas hasta la segunda ciudad m\u00e1s grande del pa\u00eds, Tesaloniki.<\/p>\n<p><i>Reuters y Associated Press contribuyeron a este informe.<\/i><\/p>\n<div class=\"image-ct inline\">\n<div class=\"m\"><picture><source media=\"(max-width: 767px)\" srcset=\"https:\/\/a57.foxnews.com\/static.foxnews.com\/foxnews.com\/content\/uploads\/2025\/02\/343\/192\/greece-train-crash.jpg?ve=1&amp;tl=1, https:\/\/a57.foxnews.com\/static.foxnews.com\/foxnews.com\/content\/uploads\/2025\/02\/686\/384\/greece-train-crash.jpg?ve=1&amp;tl=1 2x\" height=\"192\" width=\"343\"><source media=\"(min-width: 768px) and (max-width: 1023px)\" srcset=\"https:\/\/a57.foxnews.com\/static.foxnews.com\/foxnews.com\/content\/uploads\/2025\/02\/672\/378\/greece-train-crash.jpg?ve=1&amp;tl=1, https:\/\/a57.foxnews.com\/static.foxnews.com\/foxnews.com\/content\/uploads\/2025\/02\/1344\/756\/greece-train-crash.jpg?ve=1&amp;tl=1 2x\" height=\"378\" width=\"672\"><source media=\"(min-width: 1024px) and (max-width: 1279px)\" srcset=\"https:\/\/a57.foxnews.com\/static.foxnews.com\/foxnews.com\/content\/uploads\/2025\/02\/931\/523\/greece-train-crash.jpg?ve=1&amp;tl=1, https:\/\/a57.foxnews.com\/static.foxnews.com\/foxnews.com\/content\/uploads\/2025\/02\/1862\/1046\/greece-train-crash.jpg?ve=1&amp;tl=1 2x\" height=\"523\" width=\"931\"><source media=\"(min-width: 1280px)\" srcset=\"https:\/\/a57.foxnews.com\/static.foxnews.com\/foxnews.com\/content\/uploads\/2025\/02\/720\/405\/greece-train-crash.jpg?ve=1&amp;tl=1, https:\/\/a57.foxnews.com\/static.foxnews.com\/foxnews.com\/content\/uploads\/2025\/02\/1440\/810\/greece-train-crash.jpg?ve=1&amp;tl=1 2x\" height=\"405\" width=\"720\"><img loading=\"lazy\" decoding=\"async\" src=\"https:\/\/a57.foxnews.com\/static.foxnews.com\/foxnews.com\/content\/uploads\/2025\/02\/1200\/675\/greece-train-crash.jpg?ve=1&amp;tl=1\" alt=\"Accidente del tren de Grecia\" width=\"1200\" height=\"675\"\/><\/source><\/source><\/source><\/source><\/picture><\/div>\n<div class=\"info\">\n<div class=\"caption\">\n<p><span>La escena del accidente del tren 2023<\/span> <span>(AP\/Giannis Papanikos)<\/span><\/p>\n<\/div>\n<\/div>\n<\/div>\n<p> <!----> <\/p>\n<div class=\"article-meta\">\n<div class=\"author-bio\">\n<p>Michael Dorgan es escritor de Fox News Digital y Fox Business.<\/p>\n<p>Puede enviar consejos a Michael.dorgan@fox.com y seguirlo en Twitter @M_Dorgan.<\/p>\n<\/div>\n<\/div>\n<\/div>\n\n","protected":false},"excerpt":{"rendered":"<p>Una protesta por la respuesta del gobierno griego al accidente de tren m\u00e1s grande de la naci\u00f3n se volvi\u00f3 violenta el viernes cuando decenas de j\u00f3venes arrojaban rocas y bombas de gasolina en la polic\u00eda. Las escenas ardientes tuvieron lugar frente al edificio del Parlamento de Grecia en Atenas durante las protestas masivas para conmemorar &hellip;<\/p>\n","protected":false},"author":1,"featured_media":16665,"comment_status":"open","ping_status":"open","sticky":false,"template":"","format":"standard","meta":{"fifu_image_url":"https:\/\/static.foxnews.com\/foxnews.com\/content\/uploads\/2025\/02\/greece-feature-image.jpg","fifu_image_alt":"","footnotes":""},"categories":[13],"tags":[],"class_list":["post-16663","post","type-post","status-publish","format-standard","has-post-thumbnail","","category-mundo"],"_links":{"self":[{"href":"https:\/\/noticiasveraces.com\/index.php?rest_route=\/wp\/v2\/posts\/16663","targetHints":{"allow":["GET"]}}],"collection":[{"href":"https:\/\/noticiasveraces.com\/index.php?rest_route=\/wp\/v2\/posts"}],"about":[{"href":"https:\/\/noticiasveraces.com\/index.php?rest_route=\/wp\/v2\/types\/post"}],"author":[{"embeddable":true,"href":"https:\/\/noticiasveraces.com\/index.php?rest_route=\/wp\/v2\/users\/1"}],"replies":[{"embeddable":true,"href":"https:\/\/noticiasveraces.com\/index.php?rest_route=%2Fwp%2Fv2%2Fcomments&post=16663"}],"version-history":[{"count":0,"href":"https:\/\/noticiasveraces.com\/index.php?rest_route=\/wp\/v2\/posts\/16663\/revisions"}],"wp:featuredmedia":[{"embeddable":true,"href":"https:\/\/noticiasveraces.com\/index.php?rest_route=\/wp\/v2\/media\/16665"}],"wp:attachment":[{"href":"https:\/\/noticiasveraces.com\/index.php?rest_route=%2Fwp%2Fv2%2Fmedia&parent=16663"}],"wp:term":[{"taxonomy":"category","embeddable":true,"href":"https:\/\/noticiasveraces.com\/index.php?rest_route=%2Fwp%2Fv2%2Fcategories&post=16663"},{"taxonomy":"post_tag","embeddable":true,"href":"https:\/\/noticiasveraces.com\/index.php?rest_route=%2Fwp%2Fv2%2Ftags&post=16663"}],"curies":[{"name":"wp","href":"https:\/\/api.w.org\/{rel}","templated":true}]}}