{"id":16654,"date":"2025-02-28T13:05:56","date_gmt":"2025-02-28T17:05:56","guid":{"rendered":"https:\/\/noticiasveraces.com\/?p=16654"},"modified":"2025-02-28T13:05:56","modified_gmt":"2025-02-28T17:05:56","slug":"en-clase-de-mi-hja-son-10-%e2%80%b3-empiezan-a-morir-colegios-por-falta-de-ninos-en-las-ciudades-educacion","status":"publish","type":"post","link":"https:\/\/noticiasveraces.com\/?p=16654","title":{"rendered":"\u00abEn Clase de Mi Hja Son 10 \u2033: EmpiEzan A Morir Colegios Por Falta de Ni\u00f1os en Las CiUdades | Educaci\u00f3n"},"content":{"rendered":"<p> \n<\/p>\n<div data-dtm-region=\"articulo_cuerpo\">\n<p class=\"\">Hijo Las Siete de la Tarde, Oscurece en Bilbao, y en el Aparcamiento del Colegio Concertado Jes\u00fas Mar\u00eda, Que Tinee Una Vista Apabullante de la Ciudad, Una Quincena de Padres y Sobre Todo de Madres Hablan Conire Grave. La Direcci\u00f3n Acaba de Confirmarles en una reuni\u00f3n que Cerrar\u00e1 el Centro A Final de Curso por Falta de Alumnos. Los Chavales Ser\u00e1n Recolocados en un Colegio Concertado Cercano. El Profesorado del Jes\u00fas Mar\u00eda, parte del Cual Ser\u00e1 Muy Probablemente Desprecedido, Ha Convocado una Huelga indefinida. Y decir que los progenitores Est\u00e1n Preocupados, Advierte Uno de Ellos, Cuyo Hijo Est\u00e1 en Bachillerato y Ya Ve Cerca la Selectividad, Es Quedarse Corto. \u00abLo que Estamos es Absolutamme Indignados con la Gesti\u00f3n que se Est\u00e1 Llevando\u00bb, afirma. El Gobierno Vasco (De la Mano, en este Caso, de la Patronal Cat\u00f3lica Kristau Eskola) es El \u00fanico que admite estar embarcado en un \u00abdiscreto\u00bb Proceso de fusioon de colegios en resputa al vendaval Demogr\u00e1fico que empez\u00f3 a hundir la natalidad en 2009. Preocupacia en Canarias, Que en 10 A\u00f1os Ha Perdido Casi un 10% de sus escuelas P\u00fablicas. Y en Galicia, Donde Han Cerrado 105 Colegios P\u00fablicos en dos D\u00e9cadas Mientras Abr\u00edan Seis Privados M\u00e1s.<\/p>\n<p class=\"\">\u00bfSe encamina espa\u00f1a a una onlaada de Cierres escolares? Expertos como Lucas Gortazar, De Esadeecpol, Creen que el Proceso Que se Ha Puesto en Marcha en El Pa\u00eds Vasco es Lo Le Espera, EN Mayor O Menos Grado, Al Conjunto de Los Centros Educativos ESPA\u00d1O. \u201cNo me cabe duda de que vamos a ver un n\u00famero importante de cierres y fusos de centros de infantil y primaria en los pr\u00f3xos cinco a\u00f1os, que puede afectar f\u00e1cilmentte un entrear el 5% y el 20% de los centros, dependiente de los territorios\u00bb. Espa\u00f1a Regist\u00f3 El A\u00f1o Pasado, Como Preve\u00eda El Ine, Un Ligero Repunte, Del 0,4%, de los Nacimientos, Tras Alcanzar en 2023 La Cota M\u00e1s Baja Desde 1941.<\/p>\n<p class=\"\">Pese A Ello, Las Proyeciones Prev\u00e9n que la Poblacia escolar contin\u00faa Cayendo Hasta Mediados de la Pr\u00f3xima D\u00e9cada. Tambi\u00e9n la Fundaci\u00f3 Bofill Apesta por la \u00abFusi\u00f3n\u00bb de Centros para evitar las din\u00e1micas de segregaci\u00f3n escolar por niveles socioecon\u00f3micos. El Gobierno Vasco Confirma, de Momento, Las \u00abIntegertaciones Progresivas\u00bb A Partir del Curso que viene de dos centros P\u00fablicos en vitoria y de otros dos en Portugalete, enmarc\u00e1ndolas en una Estrategia para hacer sostenibles lascuelas y combatir lagregaciogiogiogiogiogiogiaciaciaciaciAmaciAmaciogiogiAciAciAmaciAmaciAnsaciAmaciAmaciAmaciAmaciAmaciAnsaciAmaciAmaciAmaciAmaciAmaciAmaciAmaciAmaciAmaciAmaciAmaciAmaciAmaciAmaciAnsaciAnsaciAci\u00f3n.<\/p>\n<figure class=\"a_m a_m-h \"><span class=\"_db a_m_w _pr lb_btn\"><img alt=\"Instalaciones del Colegio Jes\u00fas Maria Desde El Monte Artxanda, en Bilbao.\" decoding=\"auto\" class=\"_re lazyload a_m-h\" height=\"277\" srcset=\"https:\/\/imagenes.elpais.com\/resizer\/v2\/RGVGFODUY5AINBXZ7EK4XWV3XQ.jpg?auth=e2664d183cdd94b167f9ac08c1deab509dcd2ba390d6260a8f592beba9ba55d7&amp;width=414 414w,https:\/\/imagenes.elpais.com\/resizer\/v2\/RGVGFODUY5AINBXZ7EK4XWV3XQ.jpg?auth=e2664d183cdd94b167f9ac08c1deab509dcd2ba390d6260a8f592beba9ba55d7&amp;width=828 640w,https:\/\/imagenes.elpais.com\/resizer\/v2\/RGVGFODUY5AINBXZ7EK4XWV3XQ.jpg?auth=e2664d183cdd94b167f9ac08c1deab509dcd2ba390d6260a8f592beba9ba55d7&amp;width=980 1000w,https:\/\/imagenes.elpais.com\/resizer\/v2\/RGVGFODUY5AINBXZ7EK4XWV3XQ.jpg?auth=e2664d183cdd94b167f9ac08c1deab509dcd2ba390d6260a8f592beba9ba55d7&amp;width=1960 1960w\" width=\"414\" sizes=\"auto, (min-width:1199px) 1155px,(min-width:1001px) calc(100vw - 44px),(min-width:768px) 767px, 100vw\" src=\"https:\/\/imagenes.elpais.com\/resizer\/v2\/RGVGFODUY5AINBXZ7EK4XWV3XQ.jpg?auth=e2664d183cdd94b167f9ac08c1deab509dcd2ba390d6260a8f592beba9ba55d7&amp;width=414\" loading=\"lazy\"\/><svg class=\"icon_multimedia_ampliar | _pa a_m_i a_m_i-a _dn\" viewbox=\"0 0 40 40\"><use xlink:href=\"#svg-ampliar\"\/><\/svg><\/span><figcaption class=\"a_m_p\"><span>Instalaciones del Colegio Jes\u00fas Maria Desde El Monte Artxanda, en Bilbao.<\/span><span class=\"a_m_m\">Fernando Domingo-aldama<\/span><\/figcaption><\/figure>\n<p class=\"\">Al Mismo Tiempo, Sin embargo, Exaltos Cargos Educativos, Presidenta de Asociaciones de Directores y Responsables de Sindicatos Docentes consultados por este peri\u00f3dico relativizan la gravedad del problema. No hay rizado que previse demogr\u00e1ficas que hay encima de la mesa justifiquen un cierre significativo de centros. Y, al contrario, Est\u00e1n Convencidos de Que la Bajada Demografica Constituye una Gran Oportunidad para que espa\u00f1a consolida una reduce la reducion de las ratios en todas las etapas, lo que permitir\u00eda respuesta a la heterogenida delumnado y aluminar la calidada Inversi\u00f3n enorme en t\u00e9rminos de personal e infraestructuras.<\/p>\n<p class=\"\">Recuerdan, al Respecto, Que Uno de Los Grandes Quebraderos de Cabeza Educativos que gener\u00f3 la Pandemia Fue que, al obligar un reducto dr\u00e1sstico de los n\u00famero de ni\u00f1os por clase, los centros no dispon\u00edan de suficieto Espacio para -los gruPos, lo de lo de llev\u00f3n a los centros gon\u00edes bibliotecas en aulas ya mandar a los chavales a estudiar a casa en dias alternos. Una limitaci\u00f3n, a la Hora de Reducir Ratios, que esta vez no se productir\u00eda.<\/p>\n<h3 class=\"\">Casi Medio Mill\u00f3n de Alumnos Menos<\/h3>\n<p class=\"\">LOS Datos reflejan que en la \u00daltima D\u00e9cada Espa\u00f1a Espa\u00f1a Ha Perdido Alumnos, Pese a Lo Cual el N\u00famero de Colegios Apenas Ha Variado. El Pa\u00eds Alcanz\u00f3 Su M\u00e1ximo de Escuelas en El Curso 2012-2013, con 13.908. Y El A\u00f1o Pasado Segu\u00eda Habiendo 13.865. Es Decir, solo Se Hab\u00eda Reducido un 0,3%. El N\u00daMERO DE ESTUDIANTES del Segundo Ciclo de Infantil (de 3-6 A\u00f1os, La Etapa a la Que Normalmenta se Empieza a IR al Colegio), en Cambio, Ha Ca\u00eddo en un decenio un 20% en Espa\u00f1a. Y El de Primaria (6-12 A\u00f1os), UN 5,4%. Sumando Ambas, Las Escuelas Han Perdido 447.094 Ni\u00f1os.<\/p>\n<p class=\"\">La Evoluci\u00f3n General Esconde, embargo de pecado, Fuerta contrasta. Por unvo, en Funci\u00f3n de Las Redes Educativas: La P\u00fablica Ha Perdido 110 Centros en Una D\u00e9cada, Mientras la Privada (que incluye a la concierto) ha ganado 67. se trata de una versi\u00f3n en peque\u00f1o de lo que est\u00e1 -sucediendo conlas escolares; Entre 2018 y 2023, Recuerda Francisco Garc\u00eda, Secretario de la Federaci\u00f3n de Ense\u00f1anza de Cc Oo, La P\u00fablica Perdi\u00f3 3.490 Clases de Infantil y Primaria, Y La Concertada Apenas 72.<\/p>\n<p class=\"\">Las Diferencias Regales Hijo, As\u00ed Mismo, Muy Acusadas. El Alumnado de Infantil Ha Ca\u00eddo en una D\u00e9cada un 27,6% en Cantabria, UN 26,5% en Asturias, y un 25% en el Pa\u00eds Vasco, Mientras Solo lo Ha Hecho un 11% en Baleares. En Primaria, La reducci\u00f3n ha alcanzado el 15% en canarias, y el 12% en extremadoura, Mientras en Murcia, Arag\u00f3n y Madrid no ha lllegado al 1%. La Reacci\u00f3n de los Gobiernos Auton\u00f3micos ante situaciones similares ha sido, adem\u00e1s, distinta. Extremadura, Pese A Haber Sufrido una Bajada de Estudiantes Claramento por Encima de la Media Espa\u00f1ola, Solo Ha Perdido Cuatro Escuelas. Y Seg\u00fan Abel Mac\u00edas, Presidente de la Asoci\u00f3n Extreme\u00f1a de Directores de Centros P\u00fablicos, La Clausura de Centros no Constituye Hoy una preocupaci\u00f3n; \u00abSe Mantienen incluso si Tienen Muy Pocos Alumnos\u00bb.<\/p>\n<p class=\"\">Siete Comunidadas Aut\u00f3nomas, de Hecho, Han Ampliado Su N\u00famero de Colegios Pese A Haber Perdido Alumnos. Destacan Los Casos de Madrid, Que Tiene 57 m\u00e1s (lo que supone un aumento del 4%); Arag\u00f3n, 23 m\u00e1s (un incremento del 6%), Baleares y, Con 21 m\u00e1s (una subida del 6,6%).<\/p>\n<h3 class=\"\">Una cuesti\u00f3nica<\/h3>\n<p class=\"\">En Las Diferencias Territoriales influyentes factores Demogr\u00e1ficos, Como el N\u00daMERO DE NACIMIENTOS Y LA INSTROBURA DE ALUMNADO EXTRANJERO, PERO TAMBI\u00c9N PLANTEAMIENTOS POL\u00cdTICOS. \u201cEn Arag\u00f3n, Nosotros Manten\u00edamos Escuelas Abitas con 3 o 4 Alumnos. Incluso anticipamos la Escolarizaci\u00f3n A los dos A\u00f1os en los Pueblos que Carec\u00eda de Escuela Infantil \u201dCon el Objetivo, Entre Otras Cosas, de frenar la desespoblaje, Explica Felipe Facci, Que Hasta 2023 Fue Consejero de Educaci\u00f3n.<\/p>\n<p class=\"\">Un Estudio Publicado Hace A\u00f1o y Medio por Esadeecpol Estimaba, A Partir de Datos del Ine, Que El Alumnado Espa\u00f1ol en Primaria se reducir a Hasta un 20% EN 2032 Respeto a Su M\u00e1ximo de 2017. Y Que el de la Es\u00f3n Puede Hasta Un 24% en 2037. Miguel Soler, QueeMico Secretario, quemico Secretario, quemico. Educaci\u00f3n en el Gobierno Valenciano de Ximo Puig, Cree que una disminuci\u00f3n de ese Tipo no deber\u00eda conducir a Cerrlar Muchos colegios, seno a reducciones de la reducci\u00f3n parecida las relaciones. \u201cEn infantil y primaria habr\u00eda que fijarla en un m\u00e1ximo de 20 alumnos por aula, en vez de 25 como ahora. En la Eso, en 25 en Vez de en 30. y en Bachillerato, en 30 en Vez de en 35. Se Trata de Una reduce absolutamento Razonable, incluso aunque no hubiera bajada de la natalidad \u00ab.<\/p>\n<p class=\"\">Los Pueblos Con Un \u00fanico Colegio, Afirma, Deber\u00eda Mantenerse para Fijar Poblacia. Y en los casos, que \u00e9l Cree que Ser\u00ed Pocos, Donde Tuviera Sentido Cerrar Un Centro \u2014por Ejemplo, Un Barrio Con Varias Escuelas Cuyo Alumnado Cayera Sensiblemia por DeboJo de Las Nuevas Ratios m\u00e1xis M\u00e1xis, Las Instalaciones, Enassal Un Centros de Formaci\u00f3n de Personas Adultos, Ampliaci\u00f3 de Plaza de Infantil 0-3 U OTRAS FINALIDADES Educativas, Agrega.<\/p>\n<h3 class=\"\">Cobro de cuotas<\/h3>\n<p class=\"\">En \u00e9poca de soler, La Comunidad Valenciana Aplic\u00f3 una reduce selectiva de ratios m\u00e1ximas en los municipios Donde m\u00e1s hab\u00eda ca\u00eddo la poblacia escolar. Y, Aunque Con RetRaso, En Galicia, Afirma Fran Lires, Presidenta de la Asociatura Gallega de Directores de Colegios P\u00fablicos, La Xunta Ha Introucido Este Curso una Ratio m\u00e1xima de 20 Alumnos en El Sebro Ciclo de Infantil Quera SE Ir\u00e1 Ir\u00e1diendiendiendiendiendiendiendie a A\u00f1o a\u00f1o a\u00f1o a\u00f1o a\u00f1o a\u00f1o a\u00f1o a las primudo.<\/p>\n<p class=\"\">En Euskadi, El Gobierno Vasco HA Reducido Las Ratios M\u00e1ximas en la Escuela P\u00fablica, Pero no en la Concertada (Que Escolariza a la Mitad delumnado). I\u00f1aki Azpitarte, del sindicato ELA, apunta que, a diferencia de lo que sucede en la p\u00fablica, muchos colegios concertados no tienen inter\u00e9s en que se establezcan ratios obligatorias bajas, porque cobran cuotas por cada alumno, \u201cy no es lo mismo cobrarlas por 25 que por 17\u2033.<\/p>\n<p class=\"\">La previsi\u00f3n de Gortazar de que espa\u00f1a se ver\u00e1 abocada a cerrar Muchos colegios se basa, afirma, en lo sucedido en otros pa\u00edses, como los del este de europa desespu\u00e9s de la ca\u00edda del muro, donde cayeron los alumnos alumnos \u00aby, a\u00f1os m\u00e1s ttars, los centros de los centros, los centros, los centros, los centros, los centros de los centros, los centros de los centros, los centros de los centros, los centros, los centros de los centros, los centros de los centros, los centros de los centros, DoCente \u201d. El Director Adjunto de Esadeecpol Cree Que en Espa\u00f1a, de Momento, no se se produce a gran producido muchos cierres porque lllevarlos a Cabo Tiene un Coste Pol\u00cdtico. \u00abPero a Largo Plazo, Los Costos de No Actuar Hijo Mayores\u00bb, Afirma.<\/p>\n<p class=\"\">Esperar un mar inevitable, prosigue, implicaci\u00f3n situaciones ca\u00f3xas y de angustia para las familiares, como est\u00e1 sucedie -en el jes\u00fas y mar\u00eda de bilbao. Y resultado, en su opini\u00f3n, ineficiente, ya que concentrar al alumnado en centros m\u00e1s grandes permite mantener y mejorar en ellos servicios como comedor, el transporte, las actividades de las actividades de refuerzo y las actividadas extraescolares.<\/p>\n<p class=\"\">Mar\u00eda Segurola, de la Fundaci\u00f3 Bofill, Advierte, Por su parte, Que Mantener varios centros de una sola l\u00ednea (esto es, con una sola clase en cada nivel de infantil y primaria) en una misma zona \u2014poriMlo segregaci\u00f3n escolar al \u00abfavorecer din\u00e1mico de comp\u00e9 de la comp\u00e9 de los centros para atrraer alumnado\u00bb. Los que Menos Matr\u00edcula Consiguen, Sigue Segurola, Tienen Incentivos para Pedir a la Administraci\u00f3n de Les Asigne la Llamada Matritrula Viva, Chavales que Llegan A Mitad de Curso y General de General Contribuye A Cronificar la Estigmatizaci\u00f3n de Dichas escuelas que Alejar A LAS Clase Media de Ellas.<\/p>\n<h3 class=\"\">Despido de profesores<\/h3>\n<p class=\"\">Un \u00faltimo Del Curso Pasado Hab\u00eda 785.000 Profesores en Espa\u00f1a. Y Si la Ola de Cierres se acaba materializando, ello tenderr\u00eda un impacto en el Empleso. En los centros P\u00fablicos, El personal de Fijo Tiene que reubicado, Pero la Reducci\u00f3 de Cierres Supondr\u00eda Menos Empleso para los Interinos, ENS Sector Cuya Tasa de Temporalidad SuperA el 20%. En Los Concertados La Situaci\u00f3n Pinta Peor. I\u00f1aki Azpitarte, Del Sindicato ela, Explica que el A\u00f1o Pasado, En Otra Fus\u00f3n, Que Fusion\u00f3 en Un Centro Tres Colegios Cat\u00f3licos de Gipuzkoa, Acab\u00f3 Despedido \u00abM\u00e1s del 50% Personal\u00bb. Emilio Gallego, Director Pedag\u00f3gico del Colegio Jes\u00fas Mar\u00eda de Bilbao, Afirma, Por Su Parte, Que la Integaci\u00f3n Busca Garantizar La PergiVencia de Proyectos Educatros Cristianos EN UNO Contexto de Grandes Cambios Sociol\u00f3gicos.<\/p>\n<p class=\"\">A OCHO MINUTOS EN COCHE DEL JESUS \u200b\u200bMARIA SE HALLA EL COLEGIO JESITINAS, CON EL QUE SE FUSIAR\u00c1. La Noche Ya Ha Ca\u00eddo Cuando Joseba Arce, Padre de Dos Estudiantes del Centro, Los Recoge a la Puerta de Sussescolares Deportivas. A Diferencia de Lo que Sucede en El Jes\u00fas Mar\u00eda, en Jesuitinas, Que Ser\u00e1 El Receptor del Centro Del Alumnado (y Adoptar\u00e1 el Nuevo Nombre de Zabalbide), No hay rastro de preocupacia. \u00abM\u00e1s Bien Al Contrario\u00bb, Dice Arce, \u00abHay un Poco de Alivio. En clase de mi hija, que est\u00e1 en primero, hijo 10. As\u00ed que m\u00e1s Ni\u00f1os Son Bienvenidos \u201d.<\/p>\n<\/div>\n\n","protected":false},"excerpt":{"rendered":"<p>Hijo Las Siete de la Tarde, Oscurece en Bilbao, y en el Aparcamiento del Colegio Concertado Jes\u00fas Mar\u00eda, Que Tinee Una Vista Apabullante de la Ciudad, Una Quincena de Padres y Sobre Todo de Madres Hablan Conire Grave. La Direcci\u00f3n Acaba de Confirmarles en una reuni\u00f3n que Cerrar\u00e1 el Centro A Final de Curso por &hellip;<\/p>\n","protected":false},"author":1,"featured_media":16655,"comment_status":"open","ping_status":"open","sticky":false,"template":"","format":"standard","meta":{"fifu_image_url":"https:\/\/imagenes.elpais.com\/resizer\/v2\/5RBYN46DSRAJPNUGWCYQJRMG6E.jpg?auth=476186ee33bba2935b80ff55bf86da56fd2d9261b594248fa11f4c46b3d44526&width=1200","fifu_image_alt":"","footnotes":""},"categories":[11],"tags":[],"class_list":["post-16654","post","type-post","status-publish","format-standard","has-post-thumbnail","","category-viaje"],"_links":{"self":[{"href":"https:\/\/noticiasveraces.com\/index.php?rest_route=\/wp\/v2\/posts\/16654","targetHints":{"allow":["GET"]}}],"collection":[{"href":"https:\/\/noticiasveraces.com\/index.php?rest_route=\/wp\/v2\/posts"}],"about":[{"href":"https:\/\/noticiasveraces.com\/index.php?rest_route=\/wp\/v2\/types\/post"}],"author":[{"embeddable":true,"href":"https:\/\/noticiasveraces.com\/index.php?rest_route=\/wp\/v2\/users\/1"}],"replies":[{"embeddable":true,"href":"https:\/\/noticiasveraces.com\/index.php?rest_route=%2Fwp%2Fv2%2Fcomments&post=16654"}],"version-history":[{"count":0,"href":"https:\/\/noticiasveraces.com\/index.php?rest_route=\/wp\/v2\/posts\/16654\/revisions"}],"wp:featuredmedia":[{"embeddable":true,"href":"https:\/\/noticiasveraces.com\/index.php?rest_route=\/wp\/v2\/media\/16655"}],"wp:attachment":[{"href":"https:\/\/noticiasveraces.com\/index.php?rest_route=%2Fwp%2Fv2%2Fmedia&parent=16654"}],"wp:term":[{"taxonomy":"category","embeddable":true,"href":"https:\/\/noticiasveraces.com\/index.php?rest_route=%2Fwp%2Fv2%2Fcategories&post=16654"},{"taxonomy":"post_tag","embeddable":true,"href":"https:\/\/noticiasveraces.com\/index.php?rest_route=%2Fwp%2Fv2%2Ftags&post=16654"}],"curies":[{"name":"wp","href":"https:\/\/api.w.org\/{rel}","templated":true}]}}