{"id":16642,"date":"2025-02-28T12:30:13","date_gmt":"2025-02-28T16:30:13","guid":{"rendered":"https:\/\/noticiasveraces.com\/?p=16642"},"modified":"2025-02-28T12:30:13","modified_gmt":"2025-02-28T16:30:13","slug":"no-yo-arrepiento-en-absoluto-de-las-decisiones-que-tomado","status":"publish","type":"post","link":"https:\/\/noticiasveraces.com\/?p=16642","title":{"rendered":"\u00abNo yo Arrepiento en absoluto de las decisiones que tomado\u00bb"},"content":{"rendered":"<p> \n<\/p>\n<div id=\"intext\">\n<p>Ana Peleteiro Vive Uno de Susjores Momentos. Arras\u00f3 en el Campeonato de Espa\u00f1a con su dominio en el triple salto y ahora se enfrenta al campanato de europa con las expectaciones por dido lo Alto.<\/p>\n<blockquote class=\"blockquote \">\n<p class=\"blockquote__quote\">\u00abLlegar al Europa como L\u00edder es una presi\u00f3n A\u00f1adida, por supuestlo\u00bb<\/p>\n<\/blockquote>\n<p>Despu\u00e9s de ConseGuir el Oro en el Campeonato de Espa\u00f1a, la Atleta Espa\u00f1ola Parte Favorita Favorita Para Triunfar en El Europe en Indoor: \u00abLlegar Al Europe Como L\u00edder es una Presi\u00f3n A\u00f1adida, por Supuesto, Pero a la Vez es como un Plus de Cre\u00e9rtelo: Decirte a Ti Mee Medes CAMPEONA DE EUROPA OTRA VEZ \u00ab.<\/p>\n<p>Y es que la Saltadora Gallega, Bronce Mundial en Pista Cubierta el A\u00f1o Pasado y Campeona de Europa en 2019 Bajo Techo, SE Perfila Como una de las Principales Bazas Espa\u00f1olas en el Medallero en Apeldoorn.<\/p>\n<h2 class=\"title-h2\">Cambio de 180\u00ba<\/h2>\n<p>PERO ANTES DE VIOJAR A LOS PA\u00cdSES BAJOS A Revalidar su t\u00edtulo, la de a Coru\u00f1a ha Querido Contanos en Antena 3 Deportes C\u00f3mo Est\u00e1 Despu\u00e9ss de Darle Un Giro de 180 grados A Su Carro y Haber Cambido de Entrenador: \u00abSe me pas\u00f3 m\u00e1s veces veces veces por laa de la suraza HAGE VOY A Arrepentir Toda Mi Vida &#8216;Que TODO Lo Contrario. <b>Elegir a Benjam\u00edn de atrenador<\/b>&#8230; \u00ab.<\/p>\n<blockquote class=\"blockquote \">\n<p class=\"blockquote__quote\">\u00abEl Motivarte A Ti Misma, Decrte que s\u00ed Puedes, Abrazar el Miedo &#8230; Te da Fortaleza\u00bb<\/p>\n<\/blockquote>\n<p>Una ana Transformada que tie Clara la Importia del Trabajo mental: \u00abEl Motiparte a ti Misma, Decrte de Que S\u00ed Puedes, Abrazar el Miedo &#8230; Te da Fortaleza\u00bb.<\/p>\n<p>Lo hace antes de saltar, donde no deja indiferente a nieie &#8230; ni siSciera a su hija: \u00abElla lo acabar\u00e1 normalizando, mi madre compite, en la pista est\u00e1 un poco loca pero en casa tambi\u00e9n. Hacemos el loco juntas. Disfruta &#8230; \u00ab.<\/p>\n<h2 class=\"title-h2\">\u00bfRetirada?<\/h2>\n<p>Con la retirada lejos de su cabeza, Peleteiro de Momento Quiere Seguir Compitiendo: \u00abSeguir Disfrutando, Mantenerme con salud &#8230; e ir a Todos Los Campeones Internacionales de la MeJor Forma posible. Y ojal\u00e1 Volver de los Camponatos con el Mayor de los mayores\u00bb.<\/p>\n<p><i>S\u00edguenos en nuestro canal de whatsapp y no te Pierdas la \u00daLtima Hora y Toda la actualidad de antena3noticias.com<\/i><\/p>\n<div class=\"recirculation-video\" data-mod=\"a3mod_recirculation_video\">\n<div class=\"recirculation-video-wrapper\">\n<div>\n<div class=\"video-wrapper\">\n  <picture class=\"video-main-picture\"><source media=\"(min-width: 481px)\" srcset=\"https:\/\/fotografias.antena3.com\/clipping\/cmsimages01\/2025\/02\/25\/10BB1C45-76DC-45F7-88E1-5E484D4259BD\/javier-castroverde-linea-meta-sea-ice-marathon-lule-suecia_94.jpg?crop=1920,1080,x0,y0&amp;width=800&amp;height=450&amp;optimize=medium&amp;format=webply\" width=\"800\" height=\"450\"><source media=\"(min-width: 391px) and (max-width: 480px)\" srcset=\"https:\/\/fotografias.antena3.com\/clipping\/cmsimages01\/2025\/02\/25\/10BB1C45-76DC-45F7-88E1-5E484D4259BD\/javier-castroverde-linea-meta-sea-ice-marathon-lule-suecia_70.jpg?crop=1920,1080,x0,y0&amp;width=480&amp;height=270&amp;optimize=high&amp;format=webply\" width=\"480\" height=\"270\"><source media=\"(min-width: 321px) and (max-width: 390px)\" srcset=\"https:\/\/fotografias.antena3.com\/clipping\/cmsimages01\/2025\/02\/25\/10BB1C45-76DC-45F7-88E1-5E484D4259BD\/javier-castroverde-linea-meta-sea-ice-marathon-lule-suecia_92.jpg?crop=1920,1078,x0,y2&amp;width=390&amp;height=219&amp;optimize=high&amp;format=webply\" width=\"390\" height=\"219\"><source media=\"(max-width: 320px)\" srcset=\"https:\/\/fotografias.antena3.com\/clipping\/cmsimages01\/2025\/02\/25\/10BB1C45-76DC-45F7-88E1-5E484D4259BD\/javier-castroverde-linea-meta-sea-ice-marathon-lule-suecia_52.jpg?crop=1920,1080,x0,y0&amp;width=320&amp;height=180&amp;optimize=high&amp;format=webply\" width=\"320\" height=\"180\"><img decoding=\"async\" title=\"Antena 3 Deportes (25-02-25) Javier Castroverde completa la Exigente Marat\u00f3n de Hielo de Laponia: &quot;Lo que prima es la Cabeza&quot;\" alt=\"Antena 3 Deportes (25-02-25) Javier Castroverde completa la Exigente Marat\u00f3n de Hielo de Laponia: &quot;Lo que prima es la Cabeza&quot;\" width=\"480\" height=\"270\" src=\"https:\/\/fotografias.antena3.com\/clipping\/cmsimages01\/2025\/02\/25\/10BB1C45-76DC-45F7-88E1-5E484D4259BD\/javier-castroverde-linea-meta-sea-ice-marathon-lule-suecia_70.jpg?crop=1920,1080,x0,y0&amp;width=480&amp;height=270&amp;optimize=high&amp;format=webply\" loading=\"lazy\" class=\"lazy\"\/><br \/>\n  <\/source><\/source><\/source><\/source><\/picture>\n <\/div>\n<\/div><\/div>\n<\/p><\/div>\n<\/div>\n\n","protected":false},"excerpt":{"rendered":"<p>Ana Peleteiro Vive Uno de Susjores Momentos. Arras\u00f3 en el Campeonato de Espa\u00f1a con su dominio en el triple salto y ahora se enfrenta al campanato de europa con las expectaciones por dido lo Alto. \u00abLlegar al Europa como L\u00edder es una presi\u00f3n A\u00f1adida, por supuestlo\u00bb Despu\u00e9s de ConseGuir el Oro en el Campeonato de &hellip;<\/p>\n","protected":false},"author":1,"featured_media":16644,"comment_status":"open","ping_status":"open","sticky":false,"template":"","format":"standard","meta":{"fifu_image_url":"https:\/\/fotografias.antena3.com\/clipping\/cmsimages01\/2025\/02\/28\/ED86AF94-9DEB-4A05-92F8-98ADB051CCB2\/ana-peleteiro-puedo-ser-campeona-europa-otra-vez_69.jpg?crop=853,480,x0,y0&width=1280&height=720&optimize=low&format=jpg","fifu_image_alt":"","footnotes":""},"categories":[6],"tags":[],"class_list":["post-16642","post","type-post","status-publish","format-standard","has-post-thumbnail","","category-deportes"],"_links":{"self":[{"href":"https:\/\/noticiasveraces.com\/index.php?rest_route=\/wp\/v2\/posts\/16642","targetHints":{"allow":["GET"]}}],"collection":[{"href":"https:\/\/noticiasveraces.com\/index.php?rest_route=\/wp\/v2\/posts"}],"about":[{"href":"https:\/\/noticiasveraces.com\/index.php?rest_route=\/wp\/v2\/types\/post"}],"author":[{"embeddable":true,"href":"https:\/\/noticiasveraces.com\/index.php?rest_route=\/wp\/v2\/users\/1"}],"replies":[{"embeddable":true,"href":"https:\/\/noticiasveraces.com\/index.php?rest_route=%2Fwp%2Fv2%2Fcomments&post=16642"}],"version-history":[{"count":0,"href":"https:\/\/noticiasveraces.com\/index.php?rest_route=\/wp\/v2\/posts\/16642\/revisions"}],"wp:featuredmedia":[{"embeddable":true,"href":"https:\/\/noticiasveraces.com\/index.php?rest_route=\/wp\/v2\/media\/16644"}],"wp:attachment":[{"href":"https:\/\/noticiasveraces.com\/index.php?rest_route=%2Fwp%2Fv2%2Fmedia&parent=16642"}],"wp:term":[{"taxonomy":"category","embeddable":true,"href":"https:\/\/noticiasveraces.com\/index.php?rest_route=%2Fwp%2Fv2%2Fcategories&post=16642"},{"taxonomy":"post_tag","embeddable":true,"href":"https:\/\/noticiasveraces.com\/index.php?rest_route=%2Fwp%2Fv2%2Ftags&post=16642"}],"curies":[{"name":"wp","href":"https:\/\/api.w.org\/{rel}","templated":true}]}}