{"id":16631,"date":"2025-02-28T11:17:26","date_gmt":"2025-02-28T15:17:26","guid":{"rendered":"https:\/\/noticiasveraces.com\/?p=16631"},"modified":"2025-02-28T11:17:26","modified_gmt":"2025-02-28T15:17:26","slug":"el-ex-presidente-frances-dice-que-el-presidente-trump-ya-no-es-un-aliado","status":"publish","type":"post","link":"https:\/\/noticiasveraces.com\/?p=16631","title":{"rendered":"El ex presidente franc\u00e9s dice que el presidente Trump \u00abya no es un aliado\u00bb"},"content":{"rendered":"<p> \n<\/p>\n<div>\n<p class=\"speakable\">El ex presidente franc\u00e9s Fran\u00e7ois Hollande dijo en una entrevista reciente que el presidente Donald Trump y su administraci\u00f3n \u00abya no\u00bb son aliados.<\/p>\n<p class=\"speakable\">Cuando se le pidi\u00f3 que analizara las primeras semanas de Trump en la Oficina Oval, Hollande no contuvo las cr\u00edticas.<\/p>\n<p>En una entrevista contundente con el medio de comunicaci\u00f3n franc\u00e9s Le Monde, Hollande, quien dej\u00f3 el cargo en 2017, dijo que \u00abincluso si el pueblo estadounidense sigue siendo nuestros amigos, la administraci\u00f3n Trump ya no es nuestro aliado\u00bb. El ex l\u00edder franc\u00e9s tambi\u00e9n acus\u00f3 a Trump de \u00abhacer pactos con nuestros adversarios\u00bb.<\/p>\n<div class=\"image-ct inline\">\n<div class=\"m\"><picture><source media=\"(max-width: 767px)\" srcset=\"https:\/\/a57.foxnews.com\/static.foxnews.com\/foxnews.com\/content\/uploads\/2025\/02\/343\/192\/hollande-trump-1.jpg?ve=1&amp;tl=1, https:\/\/a57.foxnews.com\/static.foxnews.com\/foxnews.com\/content\/uploads\/2025\/02\/686\/384\/hollande-trump-1.jpg?ve=1&amp;tl=1 2x\" height=\"192\" width=\"343\"><source media=\"(min-width: 768px) and (max-width: 1023px)\" srcset=\"https:\/\/a57.foxnews.com\/static.foxnews.com\/foxnews.com\/content\/uploads\/2025\/02\/672\/378\/hollande-trump-1.jpg?ve=1&amp;tl=1, https:\/\/a57.foxnews.com\/static.foxnews.com\/foxnews.com\/content\/uploads\/2025\/02\/1344\/756\/hollande-trump-1.jpg?ve=1&amp;tl=1 2x\" height=\"378\" width=\"672\"><source media=\"(min-width: 1024px) and (max-width: 1279px)\" srcset=\"https:\/\/a57.foxnews.com\/static.foxnews.com\/foxnews.com\/content\/uploads\/2025\/02\/931\/523\/hollande-trump-1.jpg?ve=1&amp;tl=1, https:\/\/a57.foxnews.com\/static.foxnews.com\/foxnews.com\/content\/uploads\/2025\/02\/1862\/1046\/hollande-trump-1.jpg?ve=1&amp;tl=1 2x\" height=\"523\" width=\"931\"><source media=\"(min-width: 1280px)\" srcset=\"https:\/\/a57.foxnews.com\/static.foxnews.com\/foxnews.com\/content\/uploads\/2025\/02\/720\/405\/hollande-trump-1.jpg?ve=1&amp;tl=1, https:\/\/a57.foxnews.com\/static.foxnews.com\/foxnews.com\/content\/uploads\/2025\/02\/1440\/810\/hollande-trump-1.jpg?ve=1&amp;tl=1 2x\" height=\"405\" width=\"720\"><img loading=\"lazy\" decoding=\"async\" src=\"https:\/\/a57.foxnews.com\/static.foxnews.com\/foxnews.com\/content\/uploads\/2025\/02\/1200\/675\/hollande-trump-1.jpg?ve=1&amp;tl=1\" alt=\"Fran\u00e7ois Hollande y Donald Trump\" width=\"1200\" height=\"675\"\/><\/source><\/source><\/source><\/source><\/picture><\/div>\n<div class=\"info\">\n<div class=\"caption\">\n<p><span>El ex presidente franc\u00e9s Fran\u00e7ois Hollande y el presidente Donald Trump.<\/span> <span>(Benjamin Girette\/Bloomberg\/Nathan Posner\/Anadolu a trav\u00e9s de Getty Images)<\/span><\/p>\n<\/div>\n<\/div>\n<\/div>\n<p><strong>El presidente franc\u00e9s, Macron, pregunta si los europeos est\u00e1n \u00ablistos para defender\u00bb sus intereses a ra\u00edz de las elecciones de Trump<\/strong><\/p>\n<p>Hollande afirma que Trump ve a los Estados Unidos, Rusia y China como los \u00absolo tres poderes que cuentan\u00bb, y que para el presidente de los Estados Unidos, \u00abEuropa ya no existe\u00bb. El ex l\u00edder franc\u00e9s tambi\u00e9n argument\u00f3 que el \u00abobjetivo real\u00bb de Trump es Europa, no China, lo que lleva a Hollande a creer que un \u00abdivorcio\u00bb de Europa de los Estados Unidos est\u00e1 en el horizonte.<\/p>\n<p>El ex l\u00edder franc\u00e9s cita la decisi\u00f3n de Trump de llamar al presidente de Ucrania, Volodymyr Zelenskyy, un \u00abdictador\u00bb, combinado con su voluntad de mantener conversaciones directas con el presidente ruso Vladimir Putin y los Estados Unidos votan contra una resoluci\u00f3n de la ONU que condena a Rusia como razones para este posible \u00abdivorcio\u00bb.<\/p>\n<p>Cuando se trata de la OTAN, Hollande dice que es hora de que la alianza se prepare para la posibilidad de que Trump no cumpla con el art\u00edculo 5, que establece que un ataque contra cualquier naci\u00f3n de la OTAN es un ataque contra todos. Esto obliga a todas las naciones de la OTAN a ayudar a la que sufre un ataque armado. <\/p>\n<div class=\"image-ct inline\">\n<div class=\"m\"><picture><source media=\"(max-width: 767px)\" srcset=\"https:\/\/a57.foxnews.com\/static.foxnews.com\/foxnews.com\/content\/uploads\/2025\/02\/343\/192\/1dd261b3-trump-cabinet-meeting.jpg?ve=1&amp;tl=1, https:\/\/a57.foxnews.com\/static.foxnews.com\/foxnews.com\/content\/uploads\/2025\/02\/686\/384\/1dd261b3-trump-cabinet-meeting.jpg?ve=1&amp;tl=1 2x\" height=\"192\" width=\"343\"><source media=\"(min-width: 768px) and (max-width: 1023px)\" srcset=\"https:\/\/a57.foxnews.com\/static.foxnews.com\/foxnews.com\/content\/uploads\/2025\/02\/672\/378\/1dd261b3-trump-cabinet-meeting.jpg?ve=1&amp;tl=1, https:\/\/a57.foxnews.com\/static.foxnews.com\/foxnews.com\/content\/uploads\/2025\/02\/1344\/756\/1dd261b3-trump-cabinet-meeting.jpg?ve=1&amp;tl=1 2x\" height=\"378\" width=\"672\"><source media=\"(min-width: 1024px) and (max-width: 1279px)\" srcset=\"https:\/\/a57.foxnews.com\/static.foxnews.com\/foxnews.com\/content\/uploads\/2025\/02\/931\/523\/1dd261b3-trump-cabinet-meeting.jpg?ve=1&amp;tl=1, https:\/\/a57.foxnews.com\/static.foxnews.com\/foxnews.com\/content\/uploads\/2025\/02\/1862\/1046\/1dd261b3-trump-cabinet-meeting.jpg?ve=1&amp;tl=1 2x\" height=\"523\" width=\"931\"><source media=\"(min-width: 1280px)\" srcset=\"https:\/\/a57.foxnews.com\/static.foxnews.com\/foxnews.com\/content\/uploads\/2025\/02\/720\/405\/1dd261b3-trump-cabinet-meeting.jpg?ve=1&amp;tl=1, https:\/\/a57.foxnews.com\/static.foxnews.com\/foxnews.com\/content\/uploads\/2025\/02\/1440\/810\/1dd261b3-trump-cabinet-meeting.jpg?ve=1&amp;tl=1 2x\" height=\"405\" width=\"720\"><img loading=\"lazy\" decoding=\"async\" src=\"https:\/\/a57.foxnews.com\/static.foxnews.com\/foxnews.com\/content\/uploads\/2025\/02\/1200\/675\/1dd261b3-trump-cabinet-meeting.jpg?ve=1&amp;tl=1\" alt=\"Presidente Donald Trump\" width=\"1200\" height=\"675\"\/><\/source><\/source><\/source><\/source><\/picture><\/div>\n<div class=\"info\">\n<div class=\"caption\">\n<p><span>El presidente Donald Trump organiza su primera reuni\u00f3n de gabinete con Elon Musk presente, Washington, DC, el 26 de febrero de 2025. <\/span> <span>(Reuters\/Brian Snyder)<\/span><\/p>\n<\/div>\n<\/div>\n<\/div>\n<p><strong>Trump recibido por l\u00edderes mundiales en la ceremonia de reapertura de Notre Dame de manera &#8216;presidencial&#8217;<\/strong><\/p>\n<p>Si bien la administraci\u00f3n Trump ha hecho un impulso para que las naciones europeas intensifiquen su defensa y tomen m\u00e1s medidas sobre su propio continente, no hay indicios de que Estados Unidos est\u00e9 planeando retirarse de la alianza. <\/p>\n<p>Hollande ha sido durante mucho tiempo un cr\u00edtico de Trump. En 2016, mientras todav\u00eda estaba en el cargo, Hollande inst\u00f3 al pueblo estadounidense a respaldar a Hillary Clinton y dijo que Trump ser\u00eda \u00abpeligroso\u00bb y \u00abcomplicar\u00eda las relaciones entre Europa y los Estados Unidos\u00bb<\/p>\n<div class=\"image-ct inline\">\n<div class=\"m\"><picture><source media=\"(max-width: 767px)\" srcset=\"https:\/\/a57.foxnews.com\/static.foxnews.com\/foxnews.com\/content\/uploads\/2025\/02\/343\/192\/trump-and-macron-2.jpg?ve=1&amp;tl=1, https:\/\/a57.foxnews.com\/static.foxnews.com\/foxnews.com\/content\/uploads\/2025\/02\/686\/384\/trump-and-macron-2.jpg?ve=1&amp;tl=1 2x\" height=\"192\" width=\"343\"><source media=\"(min-width: 768px) and (max-width: 1023px)\" srcset=\"https:\/\/a57.foxnews.com\/static.foxnews.com\/foxnews.com\/content\/uploads\/2025\/02\/672\/378\/trump-and-macron-2.jpg?ve=1&amp;tl=1, https:\/\/a57.foxnews.com\/static.foxnews.com\/foxnews.com\/content\/uploads\/2025\/02\/1344\/756\/trump-and-macron-2.jpg?ve=1&amp;tl=1 2x\" height=\"378\" width=\"672\"><source media=\"(min-width: 1024px) and (max-width: 1279px)\" srcset=\"https:\/\/a57.foxnews.com\/static.foxnews.com\/foxnews.com\/content\/uploads\/2025\/02\/931\/523\/trump-and-macron-2.jpg?ve=1&amp;tl=1, https:\/\/a57.foxnews.com\/static.foxnews.com\/foxnews.com\/content\/uploads\/2025\/02\/1862\/1046\/trump-and-macron-2.jpg?ve=1&amp;tl=1 2x\" height=\"523\" width=\"931\"><source media=\"(min-width: 1280px)\" srcset=\"https:\/\/a57.foxnews.com\/static.foxnews.com\/foxnews.com\/content\/uploads\/2025\/02\/720\/405\/trump-and-macron-2.jpg?ve=1&amp;tl=1, https:\/\/a57.foxnews.com\/static.foxnews.com\/foxnews.com\/content\/uploads\/2025\/02\/1440\/810\/trump-and-macron-2.jpg?ve=1&amp;tl=1 2x\" height=\"405\" width=\"720\"><img loading=\"lazy\" decoding=\"async\" src=\"https:\/\/a57.foxnews.com\/static.foxnews.com\/foxnews.com\/content\/uploads\/2025\/02\/1200\/675\/trump-and-macron-2.jpg?ve=1&amp;tl=1\" alt=\"Trump y Macron\" width=\"1200\" height=\"675\"\/><\/source><\/source><\/source><\/source><\/picture><\/div>\n<div class=\"info\">\n<div class=\"caption\">\n<p><span>Macron se reuni\u00f3 con Trump en Washington en el tercer aniversario de la invasi\u00f3n militar a gran escala de Rusia de Ucrania. <\/span> <span>(Tasos Katopodis\/Getty Images)<\/span><\/p>\n<\/div>\n<\/div>\n<\/div>\n<p><strong>Trump conoce a la Macron de Francia en la Casa Blanca, dice &#8216;mucho progreso&#8217; para terminar la guerra en Ucrania<\/strong><\/p>\n<p>El lunes, Trump se reuni\u00f3 con el sucesor de Hollande, el presidente franc\u00e9s Emmanuel Macron. Despu\u00e9s de que los dos participaron en una llamada con el grupo de siete l\u00edderes (G7), Trump dijo que \u00abse han progresado mucho\u00bb para terminar la guerra en Ucrania. Adem\u00e1s, Trump dijo que Macron es un \u00abhombre especial\u00bb, y Estados Unidos quiere mantener su relaci\u00f3n \u00abmuy especial\u00bb con Francia \u00abdurante un largo per\u00edodo de tiempo\u00bb.<\/p>\n<p>Macron se describi\u00f3 a s\u00ed mismo y a Trump como \u00abamigos personales\u00bb. <\/p>\n<p><strong><u>Haga clic aqu\u00ed para obtener la aplicaci\u00f3n Fox News<\/u><\/strong> <\/p>\n<p>\u00abY tambi\u00e9n estoy aqu\u00ed, despu\u00e9s de las discusiones con todos mis colegas, decir que Europa est\u00e1 dispuesta a dar un paso m\u00e1s fuerte para ser un socio m\u00e1s fuerte, hacer m\u00e1s en defensa y seguridad para este continente y tambi\u00e9n para ser un socio confiable y participar en el comercio, la econom\u00eda, la inversi\u00f3n\u00bb, dijo Macron.<\/p>\n<p><i>Greg Norman de Fox News contribuy\u00f3 a este informe.<\/i><\/p>\n<p> <!----> <\/p>\n<div class=\"article-meta\">\n<div class=\"author-bio\">\n<p>Rachel Wolf es una escritora de noticias de Fox News Digital y Fox Business.<\/p>\n<\/div>\n<\/div>\n<\/div>\n\n","protected":false},"excerpt":{"rendered":"<p>El ex presidente franc\u00e9s Fran\u00e7ois Hollande dijo en una entrevista reciente que el presidente Donald Trump y su administraci\u00f3n \u00abya no\u00bb son aliados. Cuando se le pidi\u00f3 que analizara las primeras semanas de Trump en la Oficina Oval, Hollande no contuvo las cr\u00edticas. En una entrevista contundente con el medio de comunicaci\u00f3n franc\u00e9s Le Monde, &hellip;<\/p>\n","protected":false},"author":1,"featured_media":16633,"comment_status":"open","ping_status":"open","sticky":false,"template":"","format":"standard","meta":{"fifu_image_url":"https:\/\/static.foxnews.com\/foxnews.com\/content\/uploads\/2025\/02\/hollande-trump-1.jpg","fifu_image_alt":"","footnotes":""},"categories":[13],"tags":[],"class_list":["post-16631","post","type-post","status-publish","format-standard","has-post-thumbnail","","category-mundo"],"_links":{"self":[{"href":"https:\/\/noticiasveraces.com\/index.php?rest_route=\/wp\/v2\/posts\/16631","targetHints":{"allow":["GET"]}}],"collection":[{"href":"https:\/\/noticiasveraces.com\/index.php?rest_route=\/wp\/v2\/posts"}],"about":[{"href":"https:\/\/noticiasveraces.com\/index.php?rest_route=\/wp\/v2\/types\/post"}],"author":[{"embeddable":true,"href":"https:\/\/noticiasveraces.com\/index.php?rest_route=\/wp\/v2\/users\/1"}],"replies":[{"embeddable":true,"href":"https:\/\/noticiasveraces.com\/index.php?rest_route=%2Fwp%2Fv2%2Fcomments&post=16631"}],"version-history":[{"count":0,"href":"https:\/\/noticiasveraces.com\/index.php?rest_route=\/wp\/v2\/posts\/16631\/revisions"}],"wp:featuredmedia":[{"embeddable":true,"href":"https:\/\/noticiasveraces.com\/index.php?rest_route=\/wp\/v2\/media\/16633"}],"wp:attachment":[{"href":"https:\/\/noticiasveraces.com\/index.php?rest_route=%2Fwp%2Fv2%2Fmedia&parent=16631"}],"wp:term":[{"taxonomy":"category","embeddable":true,"href":"https:\/\/noticiasveraces.com\/index.php?rest_route=%2Fwp%2Fv2%2Fcategories&post=16631"},{"taxonomy":"post_tag","embeddable":true,"href":"https:\/\/noticiasveraces.com\/index.php?rest_route=%2Fwp%2Fv2%2Ftags&post=16631"}],"curies":[{"name":"wp","href":"https:\/\/api.w.org\/{rel}","templated":true}]}}