{"id":16614,"date":"2025-02-28T08:10:56","date_gmt":"2025-02-28T12:10:56","guid":{"rendered":"https:\/\/noticiasveraces.com\/?p=16614"},"modified":"2025-02-28T08:10:56","modified_gmt":"2025-02-28T12:10:56","slug":"el-diplomatico-jefe-de-la-ue-advierte-que-trump-putin-no-quiere-paz","status":"publish","type":"post","link":"https:\/\/noticiasveraces.com\/?p=16614","title":{"rendered":"El diplom\u00e1tico jefe de la UE advierte que Trump Putin &#8216;no quiere paz&#8217;"},"content":{"rendered":"<p> \n<\/p>\n<div>\n<p class=\"speakable\">Los l\u00edderes europeos est\u00e1n cansados \u200b\u200bdel impulso del presidente Donald Trump para asegurar un acuerdo de paz entre Ucrania y Rusia, y el principal diplom\u00e1tico de la Uni\u00f3n Europea dice que el presidente ruso Vladimir Putin \u00abrealmente no quiere la paz\u00bb.<\/p>\n<p class=\"speakable\">Trump dijo el jueves que su administraci\u00f3n hab\u00eda estado en \u00abmuy buenas conversaciones con Rusia\u00bb, aunque no se expandi\u00f3 si hab\u00eda comenzado alg\u00fan progreso tangible para poner fin a la guerra de Rusia en Ucrania.<\/p>\n<p>Algunos aliados de la OTAN, as\u00ed como los socios de d\u00e9cadas de los Estados Unidos, est\u00e1n cada vez m\u00e1s frustrados con los controvertidos comentarios del presidente Trump sobre Ucrania en lo que se ha percibido como un costo de los lazos de Washington con Mosc\u00fa.<\/p>\n<p>\u00ab[The] Estados Unidos est\u00e1 hablando con Rusia, y debe establecer contactos \u00ab, la UE High Representative para Asuntos Exteriores y la Pol\u00edtica de Seguridad Kaja Kallas dijo a Fox News Digital en una entrevista sentada.\u00bb Pero en este momento, Rusia realmente no quiere la paz. <\/p>\n<p><strong>Ucrania ingresa al cuarto a\u00f1o de guerra con Rusia: \u00abM\u00e1s cerca del principio que nosotros hasta el final\u00bb<\/strong><\/p>\n<div class=\"image-ct inline\">\n<div class=\"m\"><picture><source media=\"(max-width: 767px)\" srcset=\"https:\/\/a57.foxnews.com\/static.foxnews.com\/foxnews.com\/content\/uploads\/2025\/02\/343\/192\/trump-cabinet-meeting.jpg?ve=1&amp;tl=1, https:\/\/a57.foxnews.com\/static.foxnews.com\/foxnews.com\/content\/uploads\/2025\/02\/686\/384\/trump-cabinet-meeting.jpg?ve=1&amp;tl=1 2x\" height=\"192\" width=\"343\"><source media=\"(min-width: 768px) and (max-width: 1023px)\" srcset=\"https:\/\/a57.foxnews.com\/static.foxnews.com\/foxnews.com\/content\/uploads\/2025\/02\/672\/378\/trump-cabinet-meeting.jpg?ve=1&amp;tl=1, https:\/\/a57.foxnews.com\/static.foxnews.com\/foxnews.com\/content\/uploads\/2025\/02\/1344\/756\/trump-cabinet-meeting.jpg?ve=1&amp;tl=1 2x\" height=\"378\" width=\"672\"><source media=\"(min-width: 1024px) and (max-width: 1279px)\" srcset=\"https:\/\/a57.foxnews.com\/static.foxnews.com\/foxnews.com\/content\/uploads\/2025\/02\/931\/523\/trump-cabinet-meeting.jpg?ve=1&amp;tl=1, https:\/\/a57.foxnews.com\/static.foxnews.com\/foxnews.com\/content\/uploads\/2025\/02\/1862\/1046\/trump-cabinet-meeting.jpg?ve=1&amp;tl=1 2x\" height=\"523\" width=\"931\"><source media=\"(min-width: 1280px)\" srcset=\"https:\/\/a57.foxnews.com\/static.foxnews.com\/foxnews.com\/content\/uploads\/2025\/02\/720\/405\/trump-cabinet-meeting.jpg?ve=1&amp;tl=1, https:\/\/a57.foxnews.com\/static.foxnews.com\/foxnews.com\/content\/uploads\/2025\/02\/1440\/810\/trump-cabinet-meeting.jpg?ve=1&amp;tl=1 2x\" height=\"405\" width=\"720\"><img loading=\"lazy\" decoding=\"async\" src=\"https:\/\/a57.foxnews.com\/static.foxnews.com\/foxnews.com\/content\/uploads\/2025\/02\/1200\/675\/trump-cabinet-meeting.jpg?ve=1&amp;tl=1\" alt=\"Donald Trump re\u00fane una reuni\u00f3n de su gabinete\" width=\"1200\" height=\"675\"\/><\/source><\/source><\/source><\/source><\/picture><\/div>\n<div class=\"info\">\n<div class=\"caption\">\n<p><span>Trump convoc\u00f3 su primera reuni\u00f3n del gabinete el mi\u00e9rcoles en la que dijo que la membres\u00eda de la OTAN no era una opci\u00f3n para Ucrania.<\/span> <span>(Getty Images)<\/span><\/p>\n<\/div>\n<\/div>\n<\/div>\n<p>\u00ab[Russia] &#8230; quiere que pensemos que pueden esperarnos y que el tiempo est\u00e1 de su lado, pero en realidad no es as\u00ed \u00ab, continu\u00f3.\u00bb Si aumentamos la presi\u00f3n, la presi\u00f3n econ\u00f3mica sobre ellos, pero tambi\u00e9n la presi\u00f3n pol\u00edtica, si apoyamos a Ucrania para que sean m\u00e1s fuertes en el campo de batalla, entonces tambi\u00e9n ser\u00edan m\u00e1s fuertes detr\u00e1s de la tabla de negociaci\u00f3n \u00ab.<\/p>\n<p>La advertencia se produce cuando Trump y el presidente ucraniano, Volodymyr Zelenskyy, asegurar\u00e1n un acuerdo de minerales el viernes en lo que alguna esperanza podr\u00eda ayudar a dejar las discusiones.<\/p>\n<p>Trump ha defendido su capacidad para volver a entrar en las conversaciones con Rusia y sus exitosas demandas de que las naciones de la OTAN compartan m\u00e1s de la carga econ\u00f3mica para asegurar Ucrania. <\/p>\n<p>Los aliados de la OTAN aumentaron dr\u00e1sticamente su gasto de defensa despu\u00e9s de la invasi\u00f3n de Rusia a Ucrania en 2022, pero la marcada reversi\u00f3n de la pol\u00edtica estadounidense en Ucrania entre las administraciones Trump y Biden ha enviado a algunas naciones europeas tambale\u00e1ndose.<\/p>\n<p>Mientras que algunos aliados, como el Reino Unido, buscan demostrarle a Trump que Washington y Londres tienen valores m\u00e1s compartidos que no, otros l\u00edderes, como el canciller entrante de Alemania, est\u00e1n buscando distanciarse de los Estados Unidos, una posici\u00f3n que Berl\u00edn no ha tomado desde la ca\u00edda de la Alemania nazi a fines de la Segunda Guerra Mundial.<\/p>\n<p>Kallas, al hablar con Fox News Digital, tambi\u00e9n busc\u00f3 recordarle a la administraci\u00f3n Trump el valor importante de la alianza de la OTAN y enfatiz\u00f3 que el \u00fanico momento en que se ha llamado el art\u00edculo 5 en los 76 a\u00f1os desde que se form\u00f3 la alianza fue despu\u00e9s de los ataques del 11 de septiembre a los Estados Unidos.<\/p>\n<p><strong>La UE advierte a Trump que no dejara que Putin divida a los Estados Unidos y Europa: \u00abNo le hagamos el favor\u00bb<\/strong><\/p>\n<div class=\"image-ct inline\">\n<div class=\"m\"><picture><source media=\"(max-width: 767px)\" srcset=\"https:\/\/a57.foxnews.com\/static.foxnews.com\/foxnews.com\/content\/uploads\/2025\/01\/343\/192\/russia-kallas.jpg?ve=1&amp;tl=1, https:\/\/a57.foxnews.com\/static.foxnews.com\/foxnews.com\/content\/uploads\/2025\/01\/686\/384\/russia-kallas.jpg?ve=1&amp;tl=1 2x\" height=\"192\" width=\"343\"><source media=\"(min-width: 768px) and (max-width: 1023px)\" srcset=\"https:\/\/a57.foxnews.com\/static.foxnews.com\/foxnews.com\/content\/uploads\/2025\/01\/672\/378\/russia-kallas.jpg?ve=1&amp;tl=1, https:\/\/a57.foxnews.com\/static.foxnews.com\/foxnews.com\/content\/uploads\/2025\/01\/1344\/756\/russia-kallas.jpg?ve=1&amp;tl=1 2x\" height=\"378\" width=\"672\"><source media=\"(min-width: 1024px) and (max-width: 1279px)\" srcset=\"https:\/\/a57.foxnews.com\/static.foxnews.com\/foxnews.com\/content\/uploads\/2025\/01\/931\/523\/russia-kallas.jpg?ve=1&amp;tl=1, https:\/\/a57.foxnews.com\/static.foxnews.com\/foxnews.com\/content\/uploads\/2025\/01\/1862\/1046\/russia-kallas.jpg?ve=1&amp;tl=1 2x\" height=\"523\" width=\"931\"><source media=\"(min-width: 1280px)\" srcset=\"https:\/\/a57.foxnews.com\/static.foxnews.com\/foxnews.com\/content\/uploads\/2025\/01\/720\/405\/russia-kallas.jpg?ve=1&amp;tl=1, https:\/\/a57.foxnews.com\/static.foxnews.com\/foxnews.com\/content\/uploads\/2025\/01\/1440\/810\/russia-kallas.jpg?ve=1&amp;tl=1 2x\" height=\"405\" width=\"720\"><img loading=\"lazy\" decoding=\"async\" src=\"https:\/\/a57.foxnews.com\/static.foxnews.com\/foxnews.com\/content\/uploads\/2025\/01\/1200\/675\/russia-kallas.jpg?ve=1&amp;tl=1\" alt=\"Diplom\u00e1tico de la UE Kaja Kalla\" width=\"1200\" height=\"675\"\/><\/source><\/source><\/source><\/source><\/picture><\/div>\n<div class=\"info\">\n<div class=\"caption\">\n<p><span>Kaja Kallas<\/span> <span>(Nicolas Landemard\/Anadolu a trav\u00e9s de Getty Images)<\/span><\/p>\n<\/div>\n<\/div>\n<\/div>\n<p>\u00abEn t\u00e9rminos de &#8230; seguridad internacional, necesitamos trabajar junto con los estadounidenses, que han sido nuestros aliados durante mucho, mucho tiempo\u00bb, dijo. \u00abY hemos estado all\u00ed para Am\u00e9rica\u00bb.<\/p>\n<p>Kallas, quien se desempe\u00f1\u00f3 como la primera primera ministra de Estonia, se\u00f1al\u00f3 los sacrificios que hicieron las tropas de la OTAN al ayudar a la lucha de los Estados Unidos en la guerra contra el terror.<\/p>\n<p>\u00abNosotros, como Estonia, perdimos tantos soldados per c\u00e1pita como Estados Unidos\u00bb, dijo. \u00abEstuvimos all\u00ed para ti cuando pidiste ayuda. <\/p>\n<p>\u00abEs por eso que es doloroso escuchar mensajes que, ya sabes, no nos importan nuestros aliados europeos. Deber\u00eda funcionar en ambos sentidos\u00bb, agreg\u00f3 Kallas. <\/p>\n<p>El Diplom\u00e1tico Jefe de la UE ha instado repetidamente a las naciones estadounidenses y europeas a no dejar que Putin tenga \u00e9xito en dividir a Occidente sobre Ucrania. <\/p>\n<p>En \u00faltima instancia, argument\u00f3 que Estados Unidos debe seguir siendo un socio firme con Europa para disuadir la agresi\u00f3n rusa porque no solo Putin plantea una amenaza activa para la alianza colectiva.<\/p>\n<div class=\"image-ct inline\">\n<div class=\"m\"><picture><source media=\"(max-width: 767px)\" srcset=\"https:\/\/a57.foxnews.com\/static.foxnews.com\/foxnews.com\/content\/uploads\/2024\/05\/343\/192\/World-Leaders-Way-Split-Photo-1.jpg?ve=1&amp;tl=1, https:\/\/a57.foxnews.com\/static.foxnews.com\/foxnews.com\/content\/uploads\/2024\/05\/686\/384\/World-Leaders-Way-Split-Photo-1.jpg?ve=1&amp;tl=1 2x\" height=\"192\" width=\"343\"><source media=\"(min-width: 768px) and (max-width: 1023px)\" srcset=\"https:\/\/a57.foxnews.com\/static.foxnews.com\/foxnews.com\/content\/uploads\/2024\/05\/672\/378\/World-Leaders-Way-Split-Photo-1.jpg?ve=1&amp;tl=1, https:\/\/a57.foxnews.com\/static.foxnews.com\/foxnews.com\/content\/uploads\/2024\/05\/1344\/756\/World-Leaders-Way-Split-Photo-1.jpg?ve=1&amp;tl=1 2x\" height=\"378\" width=\"672\"><source media=\"(min-width: 1024px) and (max-width: 1279px)\" srcset=\"https:\/\/a57.foxnews.com\/static.foxnews.com\/foxnews.com\/content\/uploads\/2024\/05\/931\/523\/World-Leaders-Way-Split-Photo-1.jpg?ve=1&amp;tl=1, https:\/\/a57.foxnews.com\/static.foxnews.com\/foxnews.com\/content\/uploads\/2024\/05\/1862\/1046\/World-Leaders-Way-Split-Photo-1.jpg?ve=1&amp;tl=1 2x\" height=\"523\" width=\"931\"><source media=\"(min-width: 1280px)\" srcset=\"https:\/\/a57.foxnews.com\/static.foxnews.com\/foxnews.com\/content\/uploads\/2024\/05\/720\/405\/World-Leaders-Way-Split-Photo-1.jpg?ve=1&amp;tl=1, https:\/\/a57.foxnews.com\/static.foxnews.com\/foxnews.com\/content\/uploads\/2024\/05\/1440\/810\/World-Leaders-Way-Split-Photo-1.jpg?ve=1&amp;tl=1 2x\" height=\"405\" width=\"720\"><img loading=\"lazy\" decoding=\"async\" src=\"https:\/\/a57.foxnews.com\/static.foxnews.com\/foxnews.com\/content\/uploads\/2024\/05\/1200\/675\/World-Leaders-Way-Split-Photo-1.jpg?ve=1&amp;tl=1\" alt=\"Foto dividida de cuatro v\u00edas de Xi Jinping, Vladimir Putin, Ali Khamenei y Kim Jong Un.\" width=\"1200\" height=\"675\"\/><\/source><\/source><\/source><\/source><\/picture><\/div>\n<div class=\"info\">\n<div class=\"caption\">\n<p><span>El presidente chino, Xi Jinping, la izquierda, el presidente ruso Vladimir Putin, el ayatol\u00e1 iran\u00ed Ali Khamenei y el l\u00edder norcoreano Kim Jong Un son vistos como grandes amenazas para Occidente.<\/span> <span>(Getty Images)<\/span><\/p>\n<\/div>\n<\/div>\n<\/div>\n<p><strong>Haga clic aqu\u00ed para obtener la aplicaci\u00f3n Fox News<\/strong><\/p>\n<p>Kallas visit\u00f3 a Washington esta semana para reunirse con el secretario de Estado Marco Rubio y los legisladores sobre cuestiones vitales que afectan la asociaci\u00f3n de seguridad UE-US, aunque su reuni\u00f3n con Rubio fue cancelada.<\/p>\n<p>El Departamento de Estado no confirm\u00f3 por qu\u00e9 la reuni\u00f3n fue cancelada sin ser reprogramada durante su estad\u00eda en Washington, aunque Kallas dijo que despu\u00e9s de las discusiones positivas con Rubio en la Conferencia de Seguridad de Munich a principios de este mes, si la comunicaci\u00f3n segura permanecer\u00e1 en curso.<\/p>\n<p>\u00abHay mucho que discutir, desde Ucrania hasta el Medio Oriente, tambi\u00e9n lo que est\u00e1 sucediendo en \u00c1frica, Ir\u00e1n, donde definitivamente tenemos inter\u00e9s mutuo en cooperar, y sin mencionar a China tambi\u00e9n\u00bb, dijo Kallas. \u00abHay muchos temas que podemos hacer [work] junto con nuestros socios transatl\u00e1nticos \u00ab.<\/p>\n<p> <!----> <\/p>\n<div class=\"article-meta\">\n<div class=\"author-bio\">\n<p>Caitlin McFall es reportero de Fox News Digital Cubting Politics, US y World News.<\/p>\n<\/div>\n<\/div>\n<\/div>\n\n","protected":false},"excerpt":{"rendered":"<p>Los l\u00edderes europeos est\u00e1n cansados \u200b\u200bdel impulso del presidente Donald Trump para asegurar un acuerdo de paz entre Ucrania y Rusia, y el principal diplom\u00e1tico de la Uni\u00f3n Europea dice que el presidente ruso Vladimir Putin \u00abrealmente no quiere la paz\u00bb. Trump dijo el jueves que su administraci\u00f3n hab\u00eda estado en \u00abmuy buenas conversaciones con &hellip;<\/p>\n","protected":false},"author":1,"featured_media":16616,"comment_status":"open","ping_status":"open","sticky":false,"template":"","format":"standard","meta":{"fifu_image_url":"https:\/\/static.foxnews.com\/foxnews.com\/content\/uploads\/2025\/02\/kallas-putin-trump-2.jpg","fifu_image_alt":"","footnotes":""},"categories":[13],"tags":[],"class_list":["post-16614","post","type-post","status-publish","format-standard","has-post-thumbnail","","category-mundo"],"_links":{"self":[{"href":"https:\/\/noticiasveraces.com\/index.php?rest_route=\/wp\/v2\/posts\/16614","targetHints":{"allow":["GET"]}}],"collection":[{"href":"https:\/\/noticiasveraces.com\/index.php?rest_route=\/wp\/v2\/posts"}],"about":[{"href":"https:\/\/noticiasveraces.com\/index.php?rest_route=\/wp\/v2\/types\/post"}],"author":[{"embeddable":true,"href":"https:\/\/noticiasveraces.com\/index.php?rest_route=\/wp\/v2\/users\/1"}],"replies":[{"embeddable":true,"href":"https:\/\/noticiasveraces.com\/index.php?rest_route=%2Fwp%2Fv2%2Fcomments&post=16614"}],"version-history":[{"count":0,"href":"https:\/\/noticiasveraces.com\/index.php?rest_route=\/wp\/v2\/posts\/16614\/revisions"}],"wp:featuredmedia":[{"embeddable":true,"href":"https:\/\/noticiasveraces.com\/index.php?rest_route=\/wp\/v2\/media\/16616"}],"wp:attachment":[{"href":"https:\/\/noticiasveraces.com\/index.php?rest_route=%2Fwp%2Fv2%2Fmedia&parent=16614"}],"wp:term":[{"taxonomy":"category","embeddable":true,"href":"https:\/\/noticiasveraces.com\/index.php?rest_route=%2Fwp%2Fv2%2Fcategories&post=16614"},{"taxonomy":"post_tag","embeddable":true,"href":"https:\/\/noticiasveraces.com\/index.php?rest_route=%2Fwp%2Fv2%2Ftags&post=16614"}],"curies":[{"name":"wp","href":"https:\/\/api.w.org\/{rel}","templated":true}]}}