{"id":16611,"date":"2025-02-28T07:10:07","date_gmt":"2025-02-28T11:10:07","guid":{"rendered":"https:\/\/noticiasveraces.com\/?p=16611"},"modified":"2025-02-28T07:10:07","modified_gmt":"2025-02-28T11:10:07","slug":"mejora-de-la-condicion-del-papa-francisco-pero-permanecera-guardado-vaticano","status":"publish","type":"post","link":"https:\/\/noticiasveraces.com\/?p=16611","title":{"rendered":"Mejora de la condici\u00f3n del Papa Francisco pero permanecer\u00e1 &#8216;guardado&#8217;: Vaticano"},"content":{"rendered":"<p> \n<\/p>\n<div>\n<p class=\"speakable\">El Papa Francisco permanece hospitalizado en Roma despu\u00e9s de ser diagnosticado con neumon\u00eda doble hace dos semanas, pero est\u00e1 en un estado continuo de mejora, seg\u00fan un comunicado del Vaticano el jueves por la noche.<\/p>\n<p class=\"speakable\">\u00abComo en los d\u00edas anteriores, el Papa tuvo una noche pac\u00edfica y ahora est\u00e1 descansando\u00bb, dijo el Vaticano, omitiendo especialmente la palabra \u00abcr\u00edtico\u00bb de su actualizaci\u00f3n para el segundo d\u00eda consecutivo.<\/p>\n<p>La declaraci\u00f3n dijo que la oxigenerapia de alto flujo que ha estado recibiendo ahora incluye tratamientos con un Ventimask.<\/p>\n<p>A pesar de su mejora, el pron\u00f3stico del pont\u00edfice de 88 a\u00f1os permanece \u00abvigilado\u00bb y no cambiar\u00e1 hasta que est\u00e9 estable durante \u00abvarios d\u00edas m\u00e1s\u00bb, dijo el Vaticano.<\/p>\n<p><strong>La condici\u00f3n del Papa Francisco contin\u00faa mejorando a medida que recibe oxigenerapia: Vaticano<\/strong><\/p>\n<div class=\"image-ct inline\">\n<div class=\"m\"><picture><source media=\"(max-width: 767px)\" srcset=\"https:\/\/a57.foxnews.com\/static.foxnews.com\/foxnews.com\/content\/uploads\/2025\/02\/343\/192\/pope-francis-during-urbi-et-orbi-blessing-in-a-desert-saint-peters-square.jpg?ve=1&amp;tl=1, https:\/\/a57.foxnews.com\/static.foxnews.com\/foxnews.com\/content\/uploads\/2025\/02\/686\/384\/pope-francis-during-urbi-et-orbi-blessing-in-a-desert-saint-peters-square.jpg?ve=1&amp;tl=1 2x\" height=\"192\" width=\"343\"><source media=\"(min-width: 768px) and (max-width: 1023px)\" srcset=\"https:\/\/a57.foxnews.com\/static.foxnews.com\/foxnews.com\/content\/uploads\/2025\/02\/672\/378\/pope-francis-during-urbi-et-orbi-blessing-in-a-desert-saint-peters-square.jpg?ve=1&amp;tl=1, https:\/\/a57.foxnews.com\/static.foxnews.com\/foxnews.com\/content\/uploads\/2025\/02\/1344\/756\/pope-francis-during-urbi-et-orbi-blessing-in-a-desert-saint-peters-square.jpg?ve=1&amp;tl=1 2x\" height=\"378\" width=\"672\"><source media=\"(min-width: 1024px) and (max-width: 1279px)\" srcset=\"https:\/\/a57.foxnews.com\/static.foxnews.com\/foxnews.com\/content\/uploads\/2025\/02\/931\/523\/pope-francis-during-urbi-et-orbi-blessing-in-a-desert-saint-peters-square.jpg?ve=1&amp;tl=1, https:\/\/a57.foxnews.com\/static.foxnews.com\/foxnews.com\/content\/uploads\/2025\/02\/1862\/1046\/pope-francis-during-urbi-et-orbi-blessing-in-a-desert-saint-peters-square.jpg?ve=1&amp;tl=1 2x\" height=\"523\" width=\"931\"><source media=\"(min-width: 1280px)\" srcset=\"https:\/\/a57.foxnews.com\/static.foxnews.com\/foxnews.com\/content\/uploads\/2025\/02\/720\/405\/pope-francis-during-urbi-et-orbi-blessing-in-a-desert-saint-peters-square.jpg?ve=1&amp;tl=1, https:\/\/a57.foxnews.com\/static.foxnews.com\/foxnews.com\/content\/uploads\/2025\/02\/1440\/810\/pope-francis-during-urbi-et-orbi-blessing-in-a-desert-saint-peters-square.jpg?ve=1&amp;tl=1 2x\" height=\"405\" width=\"720\"><img loading=\"lazy\" decoding=\"async\" src=\"https:\/\/a57.foxnews.com\/static.foxnews.com\/foxnews.com\/content\/uploads\/2025\/02\/1200\/675\/pope-francis-during-urbi-et-orbi-blessing-in-a-desert-saint-peters-square.jpg?ve=1&amp;tl=1\" alt=\"Papa Francisco durante Urbi et Orbi Bendici\u00f3n en una plaza del desierto de San Pedro\" width=\"1200\" height=\"675\"\/><\/source><\/source><\/source><\/source><\/picture><\/div>\n<div class=\"info\">\n<div class=\"caption\">\n<p><span>El Vaticano dijo que el Papa Francisco, de 88 a\u00f1os, se encuentra en un estado continuo de mejora despu\u00e9s de pasar las \u00faltimas dos semanas en el Hospital Gemelli de Roma que lucha contra la doble neumon\u00eda.<\/span> <span>(Grzegorz Galazka\/Archivio Grzegorz Galazka\/Mondadori Portafolio a trav\u00e9s de Getty Images)<\/span><\/p>\n<\/div>\n<\/div>\n<\/div>\n<p>El Papa fue ingresado en el Hospital Gemelli de Roma por problemas respiratorios en el D\u00eda de San Valent\u00edn y luego fue diagnosticado con neumon\u00eda doble. Inicialmente estaba en estado cr\u00edtico en un \u00abconjunto de circunstancias\u00bb sobre \u00ab, pero ha comenzado a mejorar ligeramente. <\/p>\n<p>Al escribir sobre la condici\u00f3n del Papa a principios de esta semana, el analista m\u00e9dico senior de Fox News Channel, el Dr. Marc Siegel, explic\u00f3 que la neumon\u00eda bilateral \u00abes m\u00e1s problem\u00e1tica y m\u00e1s dif\u00edcil de recuperarse\u00bb, especialmente para \u00abun paciente anciano con cicatrices de cirug\u00edas anteriores y episodios de neumonia\u00bb.<\/p>\n<div class=\"image-ct inline\">\n<div class=\"m\"><picture><source media=\"(max-width: 767px)\" srcset=\"https:\/\/a57.foxnews.com\/static.foxnews.com\/foxnews.com\/content\/uploads\/2023\/02\/343\/192\/GettyImages-1466415224-e1676567768491.jpg?ve=1&amp;tl=1, https:\/\/a57.foxnews.com\/static.foxnews.com\/foxnews.com\/content\/uploads\/2023\/02\/686\/384\/GettyImages-1466415224-e1676567768491.jpg?ve=1&amp;tl=1 2x\" height=\"192\" width=\"343\"><source media=\"(min-width: 768px) and (max-width: 1023px)\" srcset=\"https:\/\/a57.foxnews.com\/static.foxnews.com\/foxnews.com\/content\/uploads\/2023\/02\/672\/378\/GettyImages-1466415224-e1676567768491.jpg?ve=1&amp;tl=1, https:\/\/a57.foxnews.com\/static.foxnews.com\/foxnews.com\/content\/uploads\/2023\/02\/1344\/756\/GettyImages-1466415224-e1676567768491.jpg?ve=1&amp;tl=1 2x\" height=\"378\" width=\"672\"><source media=\"(min-width: 1024px) and (max-width: 1279px)\" srcset=\"https:\/\/a57.foxnews.com\/static.foxnews.com\/foxnews.com\/content\/uploads\/2023\/02\/931\/523\/GettyImages-1466415224-e1676567768491.jpg?ve=1&amp;tl=1, https:\/\/a57.foxnews.com\/static.foxnews.com\/foxnews.com\/content\/uploads\/2023\/02\/1862\/1046\/GettyImages-1466415224-e1676567768491.jpg?ve=1&amp;tl=1 2x\" height=\"523\" width=\"931\"><source media=\"(min-width: 1280px)\" srcset=\"https:\/\/a57.foxnews.com\/static.foxnews.com\/foxnews.com\/content\/uploads\/2023\/02\/720\/405\/GettyImages-1466415224-e1676567768491.jpg?ve=1&amp;tl=1, https:\/\/a57.foxnews.com\/static.foxnews.com\/foxnews.com\/content\/uploads\/2023\/02\/1440\/810\/GettyImages-1466415224-e1676567768491.jpg?ve=1&amp;tl=1 2x\" height=\"405\" width=\"720\"><img loading=\"lazy\" decoding=\"async\" src=\"https:\/\/a57.foxnews.com\/static.foxnews.com\/foxnews.com\/content\/uploads\/2023\/02\/1200\/675\/GettyImages-1466415224-e1676567768491.jpg?ve=1&amp;tl=1\" alt=\"El Papa Francisco habla en una audiencia general\" width=\"1200\" height=\"675\"\/><\/source><\/source><\/source><\/source><\/picture><\/div>\n<div class=\"info\">\n<div class=\"caption\">\n<p><span>El Papa Francisco, quien luch\u00f3 contra la neumon\u00eda en el pasado, ingres\u00f3 en el hospital el D\u00eda de San Valent\u00edn por problemas respiratorios y finalmente fue diagnosticado con doble neumon\u00eda.<\/span> <span>(Medios del Vaticano a trav\u00e9s de Vatican Pool\/Getty Images)<\/span><\/p>\n<\/div>\n<\/div>\n<\/div>\n<p><strong>Estado y pron\u00f3stico de salud del Papa Francisco: el m\u00e9dico da actualizaci\u00f3n<\/strong><\/p>\n<p>Siegel tambi\u00e9n toc\u00f3 al Papa que recibi\u00f3 oxigenerapia de alto flujo, explicando que el tratamiento se usa para problemas respiratorios, \u00abpero no es tan agresivo como CPAP (presi\u00f3n de las v\u00edas respiratorias positivas continuas) o ventilaci\u00f3n mec\u00e1nica\u00bb. Siegel dijo que es una \u00abbuena se\u00f1al\u00bb de que el Papa no est\u00e1 en un ventilador.<\/p>\n<p>\u00abNo subestimes el impacto de una gran atenci\u00f3n m\u00e9dica combinada con el poder de la oraci\u00f3n\u00bb, agreg\u00f3 Siegel.<\/p>\n<div class=\"image-ct inline\">\n<div class=\"m\"><picture><source media=\"(max-width: 767px)\" srcset=\"https:\/\/a57.foxnews.com\/static.foxnews.com\/foxnews.com\/content\/uploads\/2025\/02\/343\/192\/pope-francis-rome-hospital.jpg?ve=1&amp;tl=1, https:\/\/a57.foxnews.com\/static.foxnews.com\/foxnews.com\/content\/uploads\/2025\/02\/686\/384\/pope-francis-rome-hospital.jpg?ve=1&amp;tl=1 2x\" height=\"192\" width=\"343\"><source media=\"(min-width: 768px) and (max-width: 1023px)\" srcset=\"https:\/\/a57.foxnews.com\/static.foxnews.com\/foxnews.com\/content\/uploads\/2025\/02\/672\/378\/pope-francis-rome-hospital.jpg?ve=1&amp;tl=1, https:\/\/a57.foxnews.com\/static.foxnews.com\/foxnews.com\/content\/uploads\/2025\/02\/1344\/756\/pope-francis-rome-hospital.jpg?ve=1&amp;tl=1 2x\" height=\"378\" width=\"672\"><source media=\"(min-width: 1024px) and (max-width: 1279px)\" srcset=\"https:\/\/a57.foxnews.com\/static.foxnews.com\/foxnews.com\/content\/uploads\/2025\/02\/931\/523\/pope-francis-rome-hospital.jpg?ve=1&amp;tl=1, https:\/\/a57.foxnews.com\/static.foxnews.com\/foxnews.com\/content\/uploads\/2025\/02\/1862\/1046\/pope-francis-rome-hospital.jpg?ve=1&amp;tl=1 2x\" height=\"523\" width=\"931\"><source media=\"(min-width: 1280px)\" srcset=\"https:\/\/a57.foxnews.com\/static.foxnews.com\/foxnews.com\/content\/uploads\/2025\/02\/720\/405\/pope-francis-rome-hospital.jpg?ve=1&amp;tl=1, https:\/\/a57.foxnews.com\/static.foxnews.com\/foxnews.com\/content\/uploads\/2025\/02\/1440\/810\/pope-francis-rome-hospital.jpg?ve=1&amp;tl=1 2x\" height=\"405\" width=\"720\"><img loading=\"lazy\" decoding=\"async\" src=\"https:\/\/a57.foxnews.com\/static.foxnews.com\/foxnews.com\/content\/uploads\/2025\/02\/1200\/675\/pope-francis-rome-hospital.jpg?ve=1&amp;tl=1\" alt=\"Velas del Papa Francisco\" width=\"1200\" height=\"675\"\/><\/source><\/source><\/source><\/source><\/picture><\/div>\n<div class=\"info\">\n<div class=\"caption\">\n<p><span>Las velas adornadas con fotos del Papa Francisco han sido colocadas fuera del hospital en Roma, Italia, donde est\u00e1 detenido.<\/span> <span>(AP\/Gregorio Borgia)<\/span><\/p>\n<\/div>\n<\/div>\n<\/div>\n<p><strong><u>Haga clic aqu\u00ed para obtener la aplicaci\u00f3n Fox News<\/u><\/strong><\/p>\n<p>El Papa ha lidiado con problemas de salud durante a\u00f1os e incluso necesit\u00f3 que se retirara parte de su pulm\u00f3n en 1957 despu\u00e9s de luchar contra la neumon\u00eda a los 21 a\u00f1os. Tambi\u00e9n se someti\u00f3 a una cirug\u00eda card\u00edaca en 2021 y 2023.<\/p>\n<p> <!----> <\/div>\n\n","protected":false},"excerpt":{"rendered":"<p>El Papa Francisco permanece hospitalizado en Roma despu\u00e9s de ser diagnosticado con neumon\u00eda doble hace dos semanas, pero est\u00e1 en un estado continuo de mejora, seg\u00fan un comunicado del Vaticano el jueves por la noche. \u00abComo en los d\u00edas anteriores, el Papa tuvo una noche pac\u00edfica y ahora est\u00e1 descansando\u00bb, dijo el Vaticano, omitiendo especialmente &hellip;<\/p>\n","protected":false},"author":1,"featured_media":16613,"comment_status":"open","ping_status":"open","sticky":false,"template":"","format":"standard","meta":{"fifu_image_url":"https:\/\/static.foxnews.com\/foxnews.com\/content\/uploads\/2025\/02\/pope-francis-during-urbi-et-orbi-blessing-in-a-desert-saint-peters-square.jpg","fifu_image_alt":"","footnotes":""},"categories":[13],"tags":[],"class_list":["post-16611","post","type-post","status-publish","format-standard","has-post-thumbnail","","category-mundo"],"_links":{"self":[{"href":"https:\/\/noticiasveraces.com\/index.php?rest_route=\/wp\/v2\/posts\/16611","targetHints":{"allow":["GET"]}}],"collection":[{"href":"https:\/\/noticiasveraces.com\/index.php?rest_route=\/wp\/v2\/posts"}],"about":[{"href":"https:\/\/noticiasveraces.com\/index.php?rest_route=\/wp\/v2\/types\/post"}],"author":[{"embeddable":true,"href":"https:\/\/noticiasveraces.com\/index.php?rest_route=\/wp\/v2\/users\/1"}],"replies":[{"embeddable":true,"href":"https:\/\/noticiasveraces.com\/index.php?rest_route=%2Fwp%2Fv2%2Fcomments&post=16611"}],"version-history":[{"count":0,"href":"https:\/\/noticiasveraces.com\/index.php?rest_route=\/wp\/v2\/posts\/16611\/revisions"}],"wp:featuredmedia":[{"embeddable":true,"href":"https:\/\/noticiasveraces.com\/index.php?rest_route=\/wp\/v2\/media\/16613"}],"wp:attachment":[{"href":"https:\/\/noticiasveraces.com\/index.php?rest_route=%2Fwp%2Fv2%2Fmedia&parent=16611"}],"wp:term":[{"taxonomy":"category","embeddable":true,"href":"https:\/\/noticiasveraces.com\/index.php?rest_route=%2Fwp%2Fv2%2Fcategories&post=16611"},{"taxonomy":"post_tag","embeddable":true,"href":"https:\/\/noticiasveraces.com\/index.php?rest_route=%2Fwp%2Fv2%2Ftags&post=16611"}],"curies":[{"name":"wp","href":"https:\/\/api.w.org\/{rel}","templated":true}]}}