{"id":16553,"date":"2025-02-27T21:50:10","date_gmt":"2025-02-28T01:50:10","guid":{"rendered":"https:\/\/noticiasveraces.com\/?p=16553"},"modified":"2025-02-27T21:50:10","modified_gmt":"2025-02-28T01:50:10","slug":"mexico-extraditas-29-lideres-y-miembros-del-cartel-para-nosotros-incluido-el-narcotraficante-caro-quintero","status":"publish","type":"post","link":"https:\/\/noticiasveraces.com\/?p=16553","title":{"rendered":"M\u00e9xico extraditas 29 l\u00edderes y miembros del cartel para nosotros, incluido el narcotraficante Caro Quintero"},"content":{"rendered":"<p> \n<\/p>\n<div>\n<p class=\"speakable\">M\u00e9xico ha comenzado el proceso de extraditar a docenas de l\u00edderes y miembros de carteles de alto nivel a los Estados Unidos, incluido Rafael Caro Quintero, un ex l\u00edder del cartel de Guadalajara involucrado en el secuestro y asesinato del agente de la Administraci\u00f3n de Control de Drogas (DEA) Enrique \u00abKiki\u00bb Camarena en 1985.<\/p>\n<p class=\"speakable\">Los fundadores de Los Zetas, Miguel y Omar Morales, tambi\u00e9n conocidos como Z-40 y Z-42, tambi\u00e9n ser\u00e1n extraditados a los Estados Unidos.<\/p>\n<p>Las extradiciones se realizaron a pedido del gobierno de los Estados Unidos a medida que se avecina la fecha l\u00edmite de tarifas del presidente Donald Trump. Una de las demandas del presidente es que M\u00e9xico tome medidas en\u00e9rgicas contra los carteles peligrosos y la producci\u00f3n y distribuci\u00f3n de fentanilo.<\/p>\n<p><strong>El cartel de Sinaloa se arraigan en los vecindarios estadounidenses: \u00bfD\u00f3nde est\u00e1n?<\/strong><\/p>\n<p>\u00abEsta ma\u00f1ana, 29 personas que fueron privadas de su libertad en diferentes centros penitenciarios del pa\u00eds fueron transferidas a los Estados Unidos de Am\u00e9rica, que se requirieron debido a sus v\u00ednculos con organizaciones penales para el tr\u00e1fico de drogas, entre otros delitos\u00bb, escribi\u00f3 la Oficina del Fiscal General de M\u00e9xico y la Secretar\u00eda de Seguridad y Protecci\u00f3n de Ciudadanos. <\/p>\n<p>\u00abLa custodia, la transferencia y la entrega formal de dichas personas se llevan a cabo bajo protocolos institucionales con el debido respeto por sus derechos fundamentales, de acuerdo con nuestra Constituci\u00f3n y la Ley de Seguridad Nacional y a petici\u00f3n del Departamento de Justicia de los Estados Unidos. <\/p>\n<p>\u00abEsta acci\u00f3n es parte de las tareas de coordinaci\u00f3n, cooperaci\u00f3n y reciprocidad bilateral, dentro del marco de respeto por la soberan\u00eda de ambas naciones\u00bb.<\/p>\n<div class=\"image-ct inline\">\n<div class=\"m\"><picture><source media=\"(max-width: 767px)\" srcset=\"https:\/\/a57.foxnews.com\/static.foxnews.com\/foxnews.com\/content\/uploads\/2025\/02\/343\/192\/trump-sheinbaum-split.jpg?ve=1&amp;tl=1, https:\/\/a57.foxnews.com\/static.foxnews.com\/foxnews.com\/content\/uploads\/2025\/02\/686\/384\/trump-sheinbaum-split.jpg?ve=1&amp;tl=1 2x\" height=\"192\" width=\"343\"><source media=\"(min-width: 768px) and (max-width: 1023px)\" srcset=\"https:\/\/a57.foxnews.com\/static.foxnews.com\/foxnews.com\/content\/uploads\/2025\/02\/672\/378\/trump-sheinbaum-split.jpg?ve=1&amp;tl=1, https:\/\/a57.foxnews.com\/static.foxnews.com\/foxnews.com\/content\/uploads\/2025\/02\/1344\/756\/trump-sheinbaum-split.jpg?ve=1&amp;tl=1 2x\" height=\"378\" width=\"672\"><source media=\"(min-width: 1024px) and (max-width: 1279px)\" srcset=\"https:\/\/a57.foxnews.com\/static.foxnews.com\/foxnews.com\/content\/uploads\/2025\/02\/931\/523\/trump-sheinbaum-split.jpg?ve=1&amp;tl=1, https:\/\/a57.foxnews.com\/static.foxnews.com\/foxnews.com\/content\/uploads\/2025\/02\/1862\/1046\/trump-sheinbaum-split.jpg?ve=1&amp;tl=1 2x\" height=\"523\" width=\"931\"><source media=\"(min-width: 1280px)\" srcset=\"https:\/\/a57.foxnews.com\/static.foxnews.com\/foxnews.com\/content\/uploads\/2025\/02\/720\/405\/trump-sheinbaum-split.jpg?ve=1&amp;tl=1, https:\/\/a57.foxnews.com\/static.foxnews.com\/foxnews.com\/content\/uploads\/2025\/02\/1440\/810\/trump-sheinbaum-split.jpg?ve=1&amp;tl=1 2x\" height=\"405\" width=\"720\"><img loading=\"lazy\" decoding=\"async\" src=\"https:\/\/a57.foxnews.com\/static.foxnews.com\/foxnews.com\/content\/uploads\/2025\/02\/1200\/675\/trump-sheinbaum-split.jpg?ve=1&amp;tl=1\" alt=\"Trump-sheinbaum-split\" width=\"1200\" height=\"675\"\/><\/source><\/source><\/source><\/source><\/picture><\/div>\n<div class=\"info\">\n<div class=\"caption\">\n<p><span>El presidente Trump amenaz\u00f3 con imponer aranceles a M\u00e9xico, y ahora funcionarios como la presidenta mexicana Claudia Sheinbaum est\u00e1n trabajando con los Estados Unidos para enfrentarse a los carteles de las drogas y al fentanilo.<\/span> <span>(Reuters)<\/span><\/p>\n<\/div>\n<\/div>\n<\/div>\n<p>Associated Press inform\u00f3 que la eliminaci\u00f3n de los narcotraficantes mexicanos coincidi\u00f3 con una visita a Washington, DC, por el ministro de Relaciones Exteriores mexicano, Juan Ram\u00f3n de la Fuente, y otros altos oficiales econ\u00f3micos y militares, que se reunieron con el secretario de Estado de los Estados Unidos, Marco Rubio.<\/p>\n<p>La reuni\u00f3n fue la \u00faltima en negociaciones en curso con los Estados Unidos sobre las relaciones comerciales y de seguridad, que han cambiado radicalmente desde que Trump regres\u00f3 a la Oficina Oval el 20 de enero.<\/p>\n<p>Las negociaciones resultaron en la entrega de uno de los diez fugitivos m\u00e1s buscados del FBI, Caro Quintero, quien camin\u00f3 libre en 2013 despu\u00e9s de cumplir 28 a\u00f1os de prisi\u00f3n. Caro Quintero fue liberado cuando un tribunal volc\u00f3 su sentencia de 40 a\u00f1os por el secuestro y asesinato de 1985 del agente de la DEA Camarena.<\/p>\n<div class=\"image-ct inline\">\n<div class=\"m\"><picture><source media=\"(max-width: 767px)\" srcset=\"https:\/\/a57.foxnews.com\/static.foxnews.com\/foxnews.com\/content\/uploads\/2025\/02\/343\/192\/rafael-caro-quintero.jpg?ve=1&amp;tl=1, https:\/\/a57.foxnews.com\/static.foxnews.com\/foxnews.com\/content\/uploads\/2025\/02\/686\/384\/rafael-caro-quintero.jpg?ve=1&amp;tl=1 2x\" height=\"192\" width=\"343\"><source media=\"(min-width: 768px) and (max-width: 1023px)\" srcset=\"https:\/\/a57.foxnews.com\/static.foxnews.com\/foxnews.com\/content\/uploads\/2025\/02\/672\/378\/rafael-caro-quintero.jpg?ve=1&amp;tl=1, https:\/\/a57.foxnews.com\/static.foxnews.com\/foxnews.com\/content\/uploads\/2025\/02\/1344\/756\/rafael-caro-quintero.jpg?ve=1&amp;tl=1 2x\" height=\"378\" width=\"672\"><source media=\"(min-width: 1024px) and (max-width: 1279px)\" srcset=\"https:\/\/a57.foxnews.com\/static.foxnews.com\/foxnews.com\/content\/uploads\/2025\/02\/931\/523\/rafael-caro-quintero.jpg?ve=1&amp;tl=1, https:\/\/a57.foxnews.com\/static.foxnews.com\/foxnews.com\/content\/uploads\/2025\/02\/1862\/1046\/rafael-caro-quintero.jpg?ve=1&amp;tl=1 2x\" height=\"523\" width=\"931\"><source media=\"(min-width: 1280px)\" srcset=\"https:\/\/a57.foxnews.com\/static.foxnews.com\/foxnews.com\/content\/uploads\/2025\/02\/720\/405\/rafael-caro-quintero.jpg?ve=1&amp;tl=1, https:\/\/a57.foxnews.com\/static.foxnews.com\/foxnews.com\/content\/uploads\/2025\/02\/1440\/810\/rafael-caro-quintero.jpg?ve=1&amp;tl=1 2x\" height=\"405\" width=\"720\"><img loading=\"lazy\" decoding=\"async\" src=\"https:\/\/a57.foxnews.com\/static.foxnews.com\/foxnews.com\/content\/uploads\/2025\/02\/1200\/675\/rafael-caro-quintero.jpg?ve=1&amp;tl=1\" alt=\"Rafael-Caro-Cuero\" width=\"1200\" height=\"675\"\/><\/source><\/source><\/source><\/source><\/picture><\/div>\n<div class=\"info\">\n<div class=\"caption\">\n<p><span>Esta imagen lanzada por el FBI muestra el p\u00f3ster buscado para Rafael Caro Quintero. <\/span> <span>(FBI a trav\u00e9s de AP, archivo)<\/span><\/p>\n<\/div>\n<\/div>\n<\/div>\n<p>Caro Quintero fue arrestado nuevamente por las fuerzas mexicanas en julio de 2022 despu\u00e9s de que supuestamente regres\u00f3 al tr\u00e1fico de drogas. Era el ex l\u00edder del cartel de Guadalajara, y la DEA alega que hab\u00eda regresado al tr\u00e1fico de drogas y orden\u00f3 ataques sangrientos en el estado fronterizo del norte de M\u00e9xico de Sonora. <\/p>\n<p>Caro Quintero culp\u00f3 a Camarena por una redada en una plantaci\u00f3n de marihuana en 1984, supuestamente ordenando su secuestro al a\u00f1o siguiente. El cuerpo de Camarena fue encontrado un mes despu\u00e9s con evidencia de tortura y abuso. <\/p>\n<p>El FBI agreg\u00f3 Caro Quintero a la lista de los 10 mejores buscados en 2018 y ofreci\u00f3 una recompensa de hasta $ 20 millones por informaci\u00f3n que condujo al arresto y\/o condena de Quintero. <\/p>\n<p><strong>M\u00e9xico Nabs FBI El jefe del cartel m\u00e1s buscado acusado de secuestro de los a\u00f1os 80, asesinato de agente de la DEA<\/strong><\/p>\n<div class=\"image-ct inline\">\n<div class=\"m\"><picture><source media=\"(max-width: 767px)\" srcset=\"https:\/\/a57.foxnews.com\/static.foxnews.com\/foxnews.com\/content\/uploads\/2024\/04\/343\/192\/3.21-BLUES-AND-RAINBOW-scaled.jpg?ve=1&amp;tl=1, https:\/\/a57.foxnews.com\/static.foxnews.com\/foxnews.com\/content\/uploads\/2024\/04\/686\/384\/3.21-BLUES-AND-RAINBOW-scaled.jpg?ve=1&amp;tl=1 2x\" height=\"192\" width=\"343\"><source media=\"(min-width: 768px) and (max-width: 1023px)\" srcset=\"https:\/\/a57.foxnews.com\/static.foxnews.com\/foxnews.com\/content\/uploads\/2024\/04\/672\/378\/3.21-BLUES-AND-RAINBOW-scaled.jpg?ve=1&amp;tl=1, https:\/\/a57.foxnews.com\/static.foxnews.com\/foxnews.com\/content\/uploads\/2024\/04\/1344\/756\/3.21-BLUES-AND-RAINBOW-scaled.jpg?ve=1&amp;tl=1 2x\" height=\"378\" width=\"672\"><source media=\"(min-width: 1024px) and (max-width: 1279px)\" srcset=\"https:\/\/a57.foxnews.com\/static.foxnews.com\/foxnews.com\/content\/uploads\/2024\/04\/931\/523\/3.21-BLUES-AND-RAINBOW-scaled.jpg?ve=1&amp;tl=1, https:\/\/a57.foxnews.com\/static.foxnews.com\/foxnews.com\/content\/uploads\/2024\/04\/1862\/1046\/3.21-BLUES-AND-RAINBOW-scaled.jpg?ve=1&amp;tl=1 2x\" height=\"523\" width=\"931\"><source media=\"(min-width: 1280px)\" srcset=\"https:\/\/a57.foxnews.com\/static.foxnews.com\/foxnews.com\/content\/uploads\/2024\/04\/720\/405\/3.21-BLUES-AND-RAINBOW-scaled.jpg?ve=1&amp;tl=1, https:\/\/a57.foxnews.com\/static.foxnews.com\/foxnews.com\/content\/uploads\/2024\/04\/1440\/810\/3.21-BLUES-AND-RAINBOW-scaled.jpg?ve=1&amp;tl=1 2x\" height=\"405\" width=\"720\"><img loading=\"lazy\" decoding=\"async\" src=\"https:\/\/a57.foxnews.com\/static.foxnews.com\/foxnews.com\/content\/uploads\/2024\/04\/1200\/675\/3.21-BLUES-AND-RAINBOW-scaled.jpg?ve=1&amp;tl=1\" alt=\"Cabrimres de fentanilo de color arcoiris\" width=\"1200\" height=\"675\"\/><\/source><\/source><\/source><\/source><\/picture><\/div>\n<div class=\"info\">\n<div class=\"caption\">\n<p><span>Los carteles venden p\u00edldoras de fentanilo en el arco iris, dice la DEA.<\/span> <span>(Administraci\u00f3n de Control de Drogas)<\/span><\/p>\n<\/div>\n<\/div>\n<\/div>\n<p>En enero, un grupo sin fines de lucro que representa a la familia Camarena inst\u00f3 a la administraci\u00f3n Trump a renovar las solicitudes de EE. UU. Para extraditar a Caro Quintero, el AP aprendi\u00f3 despu\u00e9s de obtener una copia de la carta de una persona familiarizada con el alcance de la familia.<\/p>\n<p>\u00abSu regreso a los Estados Unidos dar\u00eda a la familia un cierre muy necesario y servir\u00eda a los mejores intereses de la justicia\u00bb, dijo la carta.<\/p>\n<p>Desde que asumi\u00f3 el cargo, Trump ha amenazado con imponer aranceles comerciales en M\u00e9xico, y el Departamento de Estado ha designado varios carteles mexicanos como organizaciones terroristas extranjeras. <\/p>\n<p>Estados Unidos hab\u00eda buscado la extradici\u00f3n de Caro Quintero poco despu\u00e9s de su arresto en 2022. Pero la solicitud permaneci\u00f3 atrapada en el Ministerio de Relaciones Exteriores de M\u00e9xico por razones desconocidas como la presidenta mexicana Claudia Sheinbaum, la predecesora y el mentor pol\u00edtico de la Ley de la Ley de la Ley de la Ley de la Ley de la Ley de los Estados Unidos, la Ley de la Ley de la Ley de la Ley de la Ley de la Ley de los Estados Unidos, la Operaci\u00f3n de la Ley de la Ley de EE. UU. En la Ley de la Ley de la Medici\u00f3n de los Estados Unidos en la Operaci\u00f3n de la Corrisi\u00f3n de la Medici\u00f3n de la Medici\u00f3n de la M\u00e9gima de la Protesta en la Carrera de Recursos M\u00e9xicos en la M\u00e9gima.<\/p>\n<p><strong><u>Haga clic aqu\u00ed para obtener la aplicaci\u00f3n Fox News<\/u><\/strong><\/p>\n<p>La eliminaci\u00f3n de los hermanos Trevi\u00f1o Morales tambi\u00e9n marca el final de un largo proceso que comenz\u00f3 despu\u00e9s de la captura en 2013 de Miguel Trevi\u00f1o Morales y su hermano, Omar, en 2015. El proceso continu\u00f3 durante tantos a\u00f1os que el fiscal general de M\u00e9xico Alejandro Gertz Manero describi\u00f3 los rezagos como \u00abverdaderamente vergonzosos\u00bb.<\/p>\n<p>La familia Trevi\u00f1o Morales, acusada por las autoridades estadounidenses de dirigir el violento cartel del noreste de la prisi\u00f3n, tiene cargos pendientes en los Estados Unidos por presunta participaci\u00f3n en una organizaci\u00f3n criminal, tr\u00e1fico de drogas, delitos con armas de fuego y lavado de dinero.<\/p>\n<p><i>Associated Press contribuy\u00f3 a este informe.<\/i><\/p>\n<p> <!----> <\/p>\n<div class=\"article-meta\">\n<div class=\"author-bio\">\n<p>Greg Wehner es un reportero de noticias de Fox News Digital.<\/p>\n<p>Los consejos e ideas de la historia se pueden enviar a greg.wehner@fox.com y en Twitter @Gregwehner.<\/p>\n<\/div>\n<\/div>\n<\/div>\n\n","protected":false},"excerpt":{"rendered":"<p>M\u00e9xico ha comenzado el proceso de extraditar a docenas de l\u00edderes y miembros de carteles de alto nivel a los Estados Unidos, incluido Rafael Caro Quintero, un ex l\u00edder del cartel de Guadalajara involucrado en el secuestro y asesinato del agente de la Administraci\u00f3n de Control de Drogas (DEA) Enrique \u00abKiki\u00bb Camarena en 1985. Los &hellip;<\/p>\n","protected":false},"author":1,"featured_media":16555,"comment_status":"open","ping_status":"open","sticky":false,"template":"","format":"standard","meta":{"fifu_image_url":"https:\/\/static.foxnews.com\/foxnews.com\/content\/uploads\/2025\/02\/rafael-caro-quintero.jpg","fifu_image_alt":"","footnotes":""},"categories":[13],"tags":[],"class_list":["post-16553","post","type-post","status-publish","format-standard","has-post-thumbnail","","category-mundo"],"_links":{"self":[{"href":"https:\/\/noticiasveraces.com\/index.php?rest_route=\/wp\/v2\/posts\/16553","targetHints":{"allow":["GET"]}}],"collection":[{"href":"https:\/\/noticiasveraces.com\/index.php?rest_route=\/wp\/v2\/posts"}],"about":[{"href":"https:\/\/noticiasveraces.com\/index.php?rest_route=\/wp\/v2\/types\/post"}],"author":[{"embeddable":true,"href":"https:\/\/noticiasveraces.com\/index.php?rest_route=\/wp\/v2\/users\/1"}],"replies":[{"embeddable":true,"href":"https:\/\/noticiasveraces.com\/index.php?rest_route=%2Fwp%2Fv2%2Fcomments&post=16553"}],"version-history":[{"count":0,"href":"https:\/\/noticiasveraces.com\/index.php?rest_route=\/wp\/v2\/posts\/16553\/revisions"}],"wp:featuredmedia":[{"embeddable":true,"href":"https:\/\/noticiasveraces.com\/index.php?rest_route=\/wp\/v2\/media\/16555"}],"wp:attachment":[{"href":"https:\/\/noticiasveraces.com\/index.php?rest_route=%2Fwp%2Fv2%2Fmedia&parent=16553"}],"wp:term":[{"taxonomy":"category","embeddable":true,"href":"https:\/\/noticiasveraces.com\/index.php?rest_route=%2Fwp%2Fv2%2Fcategories&post=16553"},{"taxonomy":"post_tag","embeddable":true,"href":"https:\/\/noticiasveraces.com\/index.php?rest_route=%2Fwp%2Fv2%2Ftags&post=16553"}],"curies":[{"name":"wp","href":"https:\/\/api.w.org\/{rel}","templated":true}]}}