{"id":16516,"date":"2025-02-27T16:25:17","date_gmt":"2025-02-27T20:25:17","guid":{"rendered":"https:\/\/noticiasveraces.com\/?p=16516"},"modified":"2025-02-27T16:25:17","modified_gmt":"2025-02-27T20:25:17","slug":"el-vaticano-dice-que-la-condicion-del-papa-francisco-esta-mejorando-a-medida-que-recibe-oxigenerapia","status":"publish","type":"post","link":"https:\/\/noticiasveraces.com\/?p=16516","title":{"rendered":"El Vaticano dice que la condici\u00f3n del Papa Francisco est\u00e1 mejorando a medida que recibe oxigenerapia"},"content":{"rendered":"<p> \n<\/p>\n<div>\n<p class=\"speakable\">Seg\u00fan los informes, la condici\u00f3n del Papa Francisco est\u00e1 \u00abmejorando\u00bb a medida que recibe oxigenerapia y terapia de alto flujo con un Ventimask, seg\u00fan un comunicado del Vaticano.<\/p>\n<p class=\"speakable\">\u00abDada la complejidad de su condici\u00f3n, son necesarios m\u00e1s d\u00edas de estabilidad cl\u00ednica para resolver el pron\u00f3stico\u00bb, dec\u00eda la declaraci\u00f3n del Vaticano.<\/p>\n<div class=\"image-ct inline\">\n<div class=\"m\"><picture><source media=\"(max-width: 767px)\" srcset=\"https:\/\/a57.foxnews.com\/static.foxnews.com\/foxnews.com\/content\/uploads\/2025\/02\/343\/192\/gettyimages-2200800109.jpg?ve=1&amp;tl=1, https:\/\/a57.foxnews.com\/static.foxnews.com\/foxnews.com\/content\/uploads\/2025\/02\/686\/384\/gettyimages-2200800109.jpg?ve=1&amp;tl=1 2x\" height=\"192\" width=\"343\"><source media=\"(min-width: 768px) and (max-width: 1023px)\" srcset=\"https:\/\/a57.foxnews.com\/static.foxnews.com\/foxnews.com\/content\/uploads\/2025\/02\/672\/378\/gettyimages-2200800109.jpg?ve=1&amp;tl=1, https:\/\/a57.foxnews.com\/static.foxnews.com\/foxnews.com\/content\/uploads\/2025\/02\/1344\/756\/gettyimages-2200800109.jpg?ve=1&amp;tl=1 2x\" height=\"378\" width=\"672\"><source media=\"(min-width: 1024px) and (max-width: 1279px)\" srcset=\"https:\/\/a57.foxnews.com\/static.foxnews.com\/foxnews.com\/content\/uploads\/2025\/02\/931\/523\/gettyimages-2200800109.jpg?ve=1&amp;tl=1, https:\/\/a57.foxnews.com\/static.foxnews.com\/foxnews.com\/content\/uploads\/2025\/02\/1862\/1046\/gettyimages-2200800109.jpg?ve=1&amp;tl=1 2x\" height=\"523\" width=\"931\"><source media=\"(min-width: 1280px)\" srcset=\"https:\/\/a57.foxnews.com\/static.foxnews.com\/foxnews.com\/content\/uploads\/2025\/02\/720\/405\/gettyimages-2200800109.jpg?ve=1&amp;tl=1, https:\/\/a57.foxnews.com\/static.foxnews.com\/foxnews.com\/content\/uploads\/2025\/02\/1440\/810\/gettyimages-2200800109.jpg?ve=1&amp;tl=1 2x\" height=\"405\" width=\"720\"><img loading=\"lazy\" decoding=\"async\" src=\"https:\/\/a57.foxnews.com\/static.foxnews.com\/foxnews.com\/content\/uploads\/2025\/02\/1200\/675\/gettyimages-2200800109.jpg?ve=1&amp;tl=1\" alt=\"Papa Francis Balloon\" width=\"1200\" height=\"675\"\/><\/source><\/source><\/source><\/source><\/picture><\/div>\n<div class=\"info\">\n<div class=\"caption\">\n<p><span>Los globos se adjuntan en la estatua de Juan Pablo II, donde la gente viene a rezar fuera del Hospital Gemelli, donde el Papa Francisco es hospitalizado por neumon\u00eda, en Roma el 23 de febrero de 2025.<\/span> <span>(Alberto Pizzoli\/AFP a trav\u00e9s de Getty Images)<\/span><\/p>\n<\/div>\n<\/div>\n<\/div>\n<p><strong>El Papa Francisco herido cuando el Vaticano confirma la segunda ca\u00edda en cuesti\u00f3n de semanas<\/strong><\/p>\n<p>El pont\u00edfice de 88 a\u00f1os fue hospitalizado el 14 de febrero por problemas respiratorios y luego fue diagnosticado con neumon\u00eda bilateral.<\/p>\n<p>\u00abEl Santo Padre dedic\u00f3 la ma\u00f1ana a la fisioterapia respiratoria que lo alterna con descanso, mientras que en la tarde despu\u00e9s de otra sesi\u00f3n de fisioterapia, se reuni\u00f3 en oraci\u00f3n en la capilla del apartamento privado ubicado en el piso 10, recibiendo la Eucarist\u00eda; luego se dedic\u00f3 a las actividades laborales\u00bb, agreg\u00f3 el Vaticano.<\/p>\n<div class=\"image-ct inline\">\n<div class=\"m\"><picture><source media=\"(max-width: 767px)\" srcset=\"https:\/\/a57.foxnews.com\/static.foxnews.com\/foxnews.com\/content\/uploads\/2025\/02\/343\/192\/pope-hospital.jpg?ve=1&amp;tl=1, https:\/\/a57.foxnews.com\/static.foxnews.com\/foxnews.com\/content\/uploads\/2025\/02\/686\/384\/pope-hospital.jpg?ve=1&amp;tl=1 2x\" height=\"192\" width=\"343\"><source media=\"(min-width: 768px) and (max-width: 1023px)\" srcset=\"https:\/\/a57.foxnews.com\/static.foxnews.com\/foxnews.com\/content\/uploads\/2025\/02\/672\/378\/pope-hospital.jpg?ve=1&amp;tl=1, https:\/\/a57.foxnews.com\/static.foxnews.com\/foxnews.com\/content\/uploads\/2025\/02\/1344\/756\/pope-hospital.jpg?ve=1&amp;tl=1 2x\" height=\"378\" width=\"672\"><source media=\"(min-width: 1024px) and (max-width: 1279px)\" srcset=\"https:\/\/a57.foxnews.com\/static.foxnews.com\/foxnews.com\/content\/uploads\/2025\/02\/931\/523\/pope-hospital.jpg?ve=1&amp;tl=1, https:\/\/a57.foxnews.com\/static.foxnews.com\/foxnews.com\/content\/uploads\/2025\/02\/1862\/1046\/pope-hospital.jpg?ve=1&amp;tl=1 2x\" height=\"523\" width=\"931\"><source media=\"(min-width: 1280px)\" srcset=\"https:\/\/a57.foxnews.com\/static.foxnews.com\/foxnews.com\/content\/uploads\/2025\/02\/720\/405\/pope-hospital.jpg?ve=1&amp;tl=1, https:\/\/a57.foxnews.com\/static.foxnews.com\/foxnews.com\/content\/uploads\/2025\/02\/1440\/810\/pope-hospital.jpg?ve=1&amp;tl=1 2x\" height=\"405\" width=\"720\"><img loading=\"lazy\" decoding=\"async\" src=\"https:\/\/a57.foxnews.com\/static.foxnews.com\/foxnews.com\/content\/uploads\/2025\/02\/1200\/675\/pope-hospital.jpg?ve=1&amp;tl=1\" alt=\"La persona reza fuera del hospital donde el Papa Francisco est\u00e1 siendo tratado\" width=\"1200\" height=\"675\"\/><\/source><\/source><\/source><\/source><\/picture><\/div>\n<div class=\"info\">\n<div class=\"caption\">\n<p><span>Una mujer coloca un rosario en la estatua del difunto Papa Juan Pablo II fuera del Hospital Gemelli, donde el Papa Francisco es ingresado para recibir tratamiento, en Roma, Italia, el 22 de febrero de 2025. <\/span> <span>(Reuters\/Vincenzo Livieri)<\/span><\/p>\n<\/div>\n<\/div>\n<\/div>\n<p><strong><u>Condici\u00f3n m\u00e9dica del Papa Francisco: qu\u00e9 saber sobre la neumon\u00eda bilateral<\/u><\/strong><\/p>\n<p>El mi\u00e9rcoles, el Vaticano dijo que los m\u00e9dicos del Papa Francisco detectaron la insuficiencia renal que se hab\u00eda detectado en los \u00faltimos d\u00edas hab\u00eda retrocedido, los an\u00e1lisis de sangre mostraron una ligera mejora y una tomograf\u00eda computarizada del pecho mostr\u00f3 que su infecci\u00f3n pulmonar compleja estaba tomando la \u00abevoluci\u00f3n normal\u00bb a medida que se trata.<\/p>\n<p>Al escribir sobre la condici\u00f3n del Papa el martes, el analista m\u00e9dico senior de Fox News Channel, el Dr. Marc Siegel, explic\u00f3 que la neumon\u00eda bilateral \u00abes m\u00e1s problem\u00e1tica y m\u00e1s dif\u00edcil de recuperarse\u00bb, especialmente para \u00abun paciente anciano con cicatrices de cirug\u00edas anteriores y episodios de neumonia\u00bb.<\/p>\n<div class=\"image-ct inline\">\n<div class=\"m\"><picture><source media=\"(max-width: 767px)\" srcset=\"https:\/\/a57.foxnews.com\/static.foxnews.com\/foxnews.com\/content\/uploads\/2025\/02\/343\/192\/pope-francis-health-update_001-.jpg?ve=1&amp;tl=1, https:\/\/a57.foxnews.com\/static.foxnews.com\/foxnews.com\/content\/uploads\/2025\/02\/686\/384\/pope-francis-health-update_001-.jpg?ve=1&amp;tl=1 2x\" height=\"192\" width=\"343\"><source media=\"(min-width: 768px) and (max-width: 1023px)\" srcset=\"https:\/\/a57.foxnews.com\/static.foxnews.com\/foxnews.com\/content\/uploads\/2025\/02\/672\/378\/pope-francis-health-update_001-.jpg?ve=1&amp;tl=1, https:\/\/a57.foxnews.com\/static.foxnews.com\/foxnews.com\/content\/uploads\/2025\/02\/1344\/756\/pope-francis-health-update_001-.jpg?ve=1&amp;tl=1 2x\" height=\"378\" width=\"672\"><source media=\"(min-width: 1024px) and (max-width: 1279px)\" srcset=\"https:\/\/a57.foxnews.com\/static.foxnews.com\/foxnews.com\/content\/uploads\/2025\/02\/931\/523\/pope-francis-health-update_001-.jpg?ve=1&amp;tl=1, https:\/\/a57.foxnews.com\/static.foxnews.com\/foxnews.com\/content\/uploads\/2025\/02\/1862\/1046\/pope-francis-health-update_001-.jpg?ve=1&amp;tl=1 2x\" height=\"523\" width=\"931\"><source media=\"(min-width: 1280px)\" srcset=\"https:\/\/a57.foxnews.com\/static.foxnews.com\/foxnews.com\/content\/uploads\/2025\/02\/720\/405\/pope-francis-health-update_001-.jpg?ve=1&amp;tl=1, https:\/\/a57.foxnews.com\/static.foxnews.com\/foxnews.com\/content\/uploads\/2025\/02\/1440\/810\/pope-francis-health-update_001-.jpg?ve=1&amp;tl=1 2x\" height=\"405\" width=\"720\"><img loading=\"lazy\" decoding=\"async\" src=\"https:\/\/a57.foxnews.com\/static.foxnews.com\/foxnews.com\/content\/uploads\/2025\/02\/1200\/675\/pope-francis-health-update_001-.jpg?ve=1&amp;tl=1\" alt=\"Una foto del Papa Francisco en mejor salud\" width=\"1200\" height=\"675\"\/><\/source><\/source><\/source><\/source><\/picture><\/div>\n<div class=\"info\">\n<div class=\"caption\">\n<p><span>El Papa Francisco saluda desde su poblaci\u00f3n despu\u00e9s de las oraciones semanales de Angelus, en la Plaza de San Pedro en el Vaticano el 20 de octubre de 2024.<\/span> <span>(Filippo Monteforte\/AFP\/Getty)<\/span><\/p>\n<\/div>\n<\/div>\n<\/div>\n<p><strong><u>Haga clic aqu\u00ed para obtener la aplicaci\u00f3n Fox News<\/u><\/strong><strong> <\/strong><\/p>\n<p>El Papa ha lidiado con problemas de salud durante a\u00f1os e incluso necesit\u00f3 que se retirara parte de su pulm\u00f3n en 1957.<\/p>\n<p>El Dr. Siegel tambi\u00e9n toc\u00f3 al Papa que recibi\u00f3 oxigenerapia de alto flujo, explicando que el tratamiento se usa para problemas respiratorios, \u00abpero no es tan agresivo como CPAP (presi\u00f3n de las v\u00edas respiratorias positivas continuas) o ventilaci\u00f3n mec\u00e1nica\u00bb. Se\u00f1al\u00f3 que es una \u00abbuena se\u00f1al\u00bb de que el Papa no est\u00e1 en un ventilador.<\/p>\n<p>\u00abNo subestimes el impacto de una gran atenci\u00f3n m\u00e9dica combinada con el poder de la oraci\u00f3n\u00bb, agrega el Dr. Siegel.<\/p>\n<p><i>Stephen Sorace de Fox News contribuy\u00f3 a este informe.<\/i><\/p>\n<p> <!----> <\/p>\n<div class=\"article-meta\">\n<div class=\"author-bio\">\n<p>Rachel Wolf es una escritora de noticias de Fox News Digital y Fox Business.<\/p>\n<\/div>\n<\/div>\n<\/div>\n\n","protected":false},"excerpt":{"rendered":"<p>Seg\u00fan los informes, la condici\u00f3n del Papa Francisco est\u00e1 \u00abmejorando\u00bb a medida que recibe oxigenerapia y terapia de alto flujo con un Ventimask, seg\u00fan un comunicado del Vaticano. \u00abDada la complejidad de su condici\u00f3n, son necesarios m\u00e1s d\u00edas de estabilidad cl\u00ednica para resolver el pron\u00f3stico\u00bb, dec\u00eda la declaraci\u00f3n del Vaticano. Los globos se adjuntan en &hellip;<\/p>\n","protected":false},"author":1,"featured_media":16518,"comment_status":"open","ping_status":"open","sticky":false,"template":"","format":"standard","meta":{"fifu_image_url":"https:\/\/static.foxnews.com\/foxnews.com\/content\/uploads\/2025\/02\/gettyimages-2200800109.jpg","fifu_image_alt":"","footnotes":""},"categories":[13],"tags":[],"class_list":["post-16516","post","type-post","status-publish","format-standard","has-post-thumbnail","","category-mundo"],"_links":{"self":[{"href":"https:\/\/noticiasveraces.com\/index.php?rest_route=\/wp\/v2\/posts\/16516","targetHints":{"allow":["GET"]}}],"collection":[{"href":"https:\/\/noticiasveraces.com\/index.php?rest_route=\/wp\/v2\/posts"}],"about":[{"href":"https:\/\/noticiasveraces.com\/index.php?rest_route=\/wp\/v2\/types\/post"}],"author":[{"embeddable":true,"href":"https:\/\/noticiasveraces.com\/index.php?rest_route=\/wp\/v2\/users\/1"}],"replies":[{"embeddable":true,"href":"https:\/\/noticiasveraces.com\/index.php?rest_route=%2Fwp%2Fv2%2Fcomments&post=16516"}],"version-history":[{"count":0,"href":"https:\/\/noticiasveraces.com\/index.php?rest_route=\/wp\/v2\/posts\/16516\/revisions"}],"wp:featuredmedia":[{"embeddable":true,"href":"https:\/\/noticiasveraces.com\/index.php?rest_route=\/wp\/v2\/media\/16518"}],"wp:attachment":[{"href":"https:\/\/noticiasveraces.com\/index.php?rest_route=%2Fwp%2Fv2%2Fmedia&parent=16516"}],"wp:term":[{"taxonomy":"category","embeddable":true,"href":"https:\/\/noticiasveraces.com\/index.php?rest_route=%2Fwp%2Fv2%2Fcategories&post=16516"},{"taxonomy":"post_tag","embeddable":true,"href":"https:\/\/noticiasveraces.com\/index.php?rest_route=%2Fwp%2Fv2%2Ftags&post=16516"}],"curies":[{"name":"wp","href":"https:\/\/api.w.org\/{rel}","templated":true}]}}