{"id":16513,"date":"2025-02-27T15:23:40","date_gmt":"2025-02-27T19:23:40","guid":{"rendered":"https:\/\/noticiasveraces.com\/?p=16513"},"modified":"2025-02-27T15:23:40","modified_gmt":"2025-02-27T19:23:40","slug":"la-onu-corta-el-hablante-estadounidense-la-acusa-de-usar-el-lenguaje-mas-alla-de-los-limites-de-la-tolerancia-y-el-respeto","status":"publish","type":"post","link":"https:\/\/noticiasveraces.com\/?p=16513","title":{"rendered":"La ONU corta el hablante estadounidense, la acusa de usar el lenguaje m\u00e1s all\u00e1 de &#8216;los l\u00edmites de la tolerancia y el respeto&#8217;"},"content":{"rendered":"<p> \n<\/p>\n<div>\n<p class=\"speakable\"><strong>Primero en Fox <\/strong>&#8211; El Consejo de Derechos Humanos de las Naciones Unidas (ANHRC) cort\u00f3 abruptamente una declaraci\u00f3n de video cuando el orador mencion\u00f3 el destino de Ariel y Kfir Bibas.<\/p>\n<p class=\"speakable\">El incidente tuvo lugar durante un \u00abdi\u00e1logo interactivo\u00bb con respecto a la consideraci\u00f3n de la UNHRC del Alto Comisionado de los Derechos Humanos de la ONU para el informe de Volker T\u00fcrk sobre \u00abla situaci\u00f3n de los derechos humanos en el territorio palestino ocupado y la obligaci\u00f3n de garantizar la responsabilidad y la justicia\u00bb. <\/p>\n<p>Durante un \u00abdi\u00e1logo interactivo\u00bb, a los expertos pueden hablar con el consejo sobre los problemas de derechos humanos que se discuten durante la sesi\u00f3n regular.<\/p>\n<p><strong>El embajador de la ONU de Israel golpea los ata\u00fades de Hamas &#8216;malvada y depravada&#8217; de rehenes &#8216;<\/strong><\/p>\n<div class=\"image-ct inline\">\n<div class=\"m\"><picture><source media=\"(max-width: 767px)\" srcset=\"https:\/\/a57.foxnews.com\/static.foxnews.com\/foxnews.com\/content\/uploads\/2025\/02\/343\/192\/un-human-rights.jpg?ve=1&amp;tl=1, https:\/\/a57.foxnews.com\/static.foxnews.com\/foxnews.com\/content\/uploads\/2025\/02\/686\/384\/un-human-rights.jpg?ve=1&amp;tl=1 2x\" height=\"192\" width=\"343\"><source media=\"(min-width: 768px) and (max-width: 1023px)\" srcset=\"https:\/\/a57.foxnews.com\/static.foxnews.com\/foxnews.com\/content\/uploads\/2025\/02\/672\/378\/un-human-rights.jpg?ve=1&amp;tl=1, https:\/\/a57.foxnews.com\/static.foxnews.com\/foxnews.com\/content\/uploads\/2025\/02\/1344\/756\/un-human-rights.jpg?ve=1&amp;tl=1 2x\" height=\"378\" width=\"672\"><source media=\"(min-width: 1024px) and (max-width: 1279px)\" srcset=\"https:\/\/a57.foxnews.com\/static.foxnews.com\/foxnews.com\/content\/uploads\/2025\/02\/931\/523\/un-human-rights.jpg?ve=1&amp;tl=1, https:\/\/a57.foxnews.com\/static.foxnews.com\/foxnews.com\/content\/uploads\/2025\/02\/1862\/1046\/un-human-rights.jpg?ve=1&amp;tl=1 2x\" height=\"523\" width=\"931\"><source media=\"(min-width: 1280px)\" srcset=\"https:\/\/a57.foxnews.com\/static.foxnews.com\/foxnews.com\/content\/uploads\/2025\/02\/720\/405\/un-human-rights.jpg?ve=1&amp;tl=1, https:\/\/a57.foxnews.com\/static.foxnews.com\/foxnews.com\/content\/uploads\/2025\/02\/1440\/810\/un-human-rights.jpg?ve=1&amp;tl=1 2x\" height=\"405\" width=\"720\"><img loading=\"lazy\" decoding=\"async\" src=\"https:\/\/a57.foxnews.com\/static.foxnews.com\/foxnews.com\/content\/uploads\/2025\/02\/1200\/675\/un-human-rights.jpg?ve=1&amp;tl=1\" alt=\"Consejo de Derechos Humanos de la ONU en Ginebra\" width=\"1200\" height=\"675\"\/><\/source><\/source><\/source><\/source><\/picture><\/div>\n<div class=\"info\">\n<div class=\"caption\">\n<p><span>Consejo de Derechos Humanos en las Naciones Unidas en Ginebra, Suiza, 26 de febrero de 2025.<\/span> <span>(Reuters\/Denis Balibouse)<\/span><\/p>\n<\/div>\n<\/div>\n<\/div>\n<p>El Instituto de Derechos Humanos de Touro y la directora de Holocausto, Anne Bayefsky, dice que present\u00f3 una declaraci\u00f3n de video a la UNHRC, pero fue cortado despu\u00e9s de unos segundos. El presidente del Consejo de Derechos Humanos de la ONU, J\u00fcrg Lauber, detuvo el video y declar\u00f3 que Bayefsky hab\u00eda usado un lenguaje inapropiado.<\/p>\n<p>Bayefsky comienza diciendo \u00abEl mundo ahora sabe que los salvajes palestinos asesinaron a Baby Kfir, de 9 meses,\u00bb y es casi de inmediato interrumpido por Lauber.<\/p>\n<p>\u00abLo siento, tengo que interrumpir\u00bb, dijo Lauber abruptamente cuando el video de Bayefsky fue detenido. Lauber se opuso brevemente al \u00ablenguaje\u00bb utilizado en el video, pero luego permiti\u00f3 que continuara. Despu\u00e9s de unos segundos m\u00e1s, el video se apag\u00f3 por completo. Lauber reiter\u00f3 que \u00abel lenguaje que usa el hablante no puede ser tolerado\u00bb, y agreg\u00f3 que \u00abexcede claramente los l\u00edmites de tolerancia y respeto\u00bb.<\/p>\n<p><strong>&#8216;Ning\u00fan pa\u00eds sensato representar\u00eda esto&#8217;: los legisladores lanzan un esfuerzo para retirarnos de la ONU<\/strong><\/p>\n<p>Bayefsky dijo exclusivamente a Fox News Digital que las ONG no acreditadas se requieren para dar transcripciones y videos un d\u00eda antes del \u00abdi\u00e1logo interactivo\u00bb. Ella cree que la ONU \u00abgestion\u00f3\u00bb el incidente, ya que el consejo hab\u00eda avanzado el acceso a su video y una transcripci\u00f3n y sab\u00eda lo que dir\u00eda.<\/p>\n<p>La Oficina de la ONU del Alto Comisionado para los Derechos Humanos (OHCHR), Pascal Sim, no respondi\u00f3 de inmediato a la solicitud de comentarios de Fox News Digital sobre las acusaciones de Bayefsky.<\/p>\n<p>\u00abEs una farsa total. No hay libertad de expresi\u00f3n en la ONU para cualquier ONG que llame al antisemitismo de la ONU. Esta no es una censura inofensiva. Esta es una guerra que la ONU ha declarado contra los jud\u00edos, contra los estadounidenses y contra la libertad de expresi\u00f3n\u00bb, dijo Bayefsky a Fox News Digital.<\/p>\n<p>Bayefsky le explic\u00f3 a Fox News Digital que comenz\u00f3 su video de esta manera porque fue asignada 1 minuto y 30 segundos para dirigirse al consejo y quer\u00eda \u00abllegar al grano\u00bb.<\/p>\n<div class=\"image-ct inline\">\n<div class=\"m\"><picture><source media=\"(max-width: 767px)\" srcset=\"https:\/\/a57.foxnews.com\/static.foxnews.com\/foxnews.com\/content\/uploads\/2025\/02\/343\/192\/un-officials.jpg?ve=1&amp;tl=1, https:\/\/a57.foxnews.com\/static.foxnews.com\/foxnews.com\/content\/uploads\/2025\/02\/686\/384\/un-officials.jpg?ve=1&amp;tl=1 2x\" height=\"192\" width=\"343\"><source media=\"(min-width: 768px) and (max-width: 1023px)\" srcset=\"https:\/\/a57.foxnews.com\/static.foxnews.com\/foxnews.com\/content\/uploads\/2025\/02\/672\/378\/un-officials.jpg?ve=1&amp;tl=1, https:\/\/a57.foxnews.com\/static.foxnews.com\/foxnews.com\/content\/uploads\/2025\/02\/1344\/756\/un-officials.jpg?ve=1&amp;tl=1 2x\" height=\"378\" width=\"672\"><source media=\"(min-width: 1024px) and (max-width: 1279px)\" srcset=\"https:\/\/a57.foxnews.com\/static.foxnews.com\/foxnews.com\/content\/uploads\/2025\/02\/931\/523\/un-officials.jpg?ve=1&amp;tl=1, https:\/\/a57.foxnews.com\/static.foxnews.com\/foxnews.com\/content\/uploads\/2025\/02\/1862\/1046\/un-officials.jpg?ve=1&amp;tl=1 2x\" height=\"523\" width=\"931\"><source media=\"(min-width: 1280px)\" srcset=\"https:\/\/a57.foxnews.com\/static.foxnews.com\/foxnews.com\/content\/uploads\/2025\/02\/720\/405\/un-officials.jpg?ve=1&amp;tl=1, https:\/\/a57.foxnews.com\/static.foxnews.com\/foxnews.com\/content\/uploads\/2025\/02\/1440\/810\/un-officials.jpg?ve=1&amp;tl=1 2x\" height=\"405\" width=\"720\"><img loading=\"lazy\" decoding=\"async\" src=\"https:\/\/a57.foxnews.com\/static.foxnews.com\/foxnews.com\/content\/uploads\/2025\/02\/1200\/675\/un-officials.jpg?ve=1&amp;tl=1\" alt=\"El presidente del Consejo de Derechos Humanos, Jurg Lauber, el Secretario General de la ONU, Antonio Guterres, y el Alto Comisionado de los Derechos Humanos Volker Turk en Ginebra\" width=\"1200\" height=\"675\"\/><\/source><\/source><\/source><\/source><\/picture><\/div>\n<div class=\"info\">\n<div class=\"caption\">\n<p><span>El presidente del Consejo de Derechos Humanos de la ONU, Jurg Lauber, el Secretario General de la ONU, Antonio Guterres, y el Alto Comisionado de los Derechos Humanos, Volker Turk, representan un minuto de silencio en homenaje a las v\u00edctimas de violaciones de los derechos humanos, en la apertura de la 58\u00aa sesi\u00f3n del Consejo de Derechos Humanos de las Naciones Unidas en Ginebra, el 24 de febrero de 2025. <\/span> <span>(Fabrice Coffrini\/AFP a trav\u00e9s de Getty Images)<\/span><\/p>\n<\/div>\n<\/div>\n<\/div>\n<p>\u00abLos horrores reales del exterminio de los beb\u00e9s de Bibas por parte de los palestinos estaban fuera de los l\u00edmites y se\u00f1alar la responsabilidad de la ONU por su asesinato y tortura era\u00bb inapropiado \u00ab, dijo Bayefsky.<\/p>\n<p>Bayefsky tambi\u00e9n sostiene que otra parte de su video puede haber sido la culpa de la censura.<\/p>\n<p>\u00abLo que los funcionarios de la ONU sab\u00edan, y la audiencia no, fue que en mi declaraci\u00f3n exig\u00ed responsabilidad para el mismo comisionado T\u00fcrk, uno de los principales impulsores del mundo del terrorismo palestino y el antisemitismo a escala global\u00bb, dijo Bayefsky a Fox News Digital.<\/p>\n<p>En una transcripci\u00f3n del video bloqueado compartido con Fox News Digital, Bayefsky llama a T\u00fcrk un \u00abAlto Comisionado para Human Irrugs\u00bb y dice que tiene \u00abla sangre de los inocentes jud\u00edos en sus manos\u00bb.<\/p>\n<p>Los cr\u00edticos, incluido Bayefsky, han criticado a T\u00fcrk por presentar una declaraci\u00f3n el 7 de octubre de 2023, que parec\u00eda equiparar los ataques de Hamas con la respuesta de Israel. En la declaraci\u00f3n, T\u00fcrk dice que estaba \u00abconmocionado y horrorizado\u00bb por los violentos ataques antes de condenar a Israel.<\/p>\n<p>En respuesta a una solicitud digital de Fox News para hacer comentarios sobre el video de Bayefsky, Sim dijo que \u00ablas palabras del Presidente del Consejo de Derechos Humanos hablan por s\u00ed mismos\u00bb.<\/p>\n<p>Durante la misma audiencia, a Qatar se le permiti\u00f3 acusar a Israel de ser un \u00abtorturador\u00bb, usar \u00abcastigo colectivo\u00bb e intentar \u00abimponer el juda\u00edsmo\u00bb en Cisjordania y Gaza sin ninguna evidencia o interrupci\u00f3n. Tambi\u00e9n se permiti\u00f3 a m\u00faltiples oradores acusar a Israel de llevar a cabo un genocidio, tambi\u00e9n sin objeciones de Lauber.<\/p>\n<p>Adem\u00e1s, Defense for Children International, que se describe a s\u00ed mismo como una \u00aborganizaci\u00f3n local de derechos infantiles palestinos\u00bb, afirm\u00f3 que \u00ablos soldados israel\u00edes saben que pueden matar a los ni\u00f1os palestinos con impunidad y no enfrentar ninguna consecuencia profesional o legal\u00bb. No se ofrecieron evidencia, y el consejo no se opuso a las acusaciones. <\/p>\n<div class=\"image-ct inline\">\n<div class=\"m\"><picture><source media=\"(max-width: 767px)\" srcset=\"https:\/\/a57.foxnews.com\/static.foxnews.com\/foxnews.com\/content\/uploads\/2023\/08\/343\/192\/United-Nations-Human-Rights-Council.jpg?ve=1&amp;tl=1, https:\/\/a57.foxnews.com\/static.foxnews.com\/foxnews.com\/content\/uploads\/2023\/08\/686\/384\/United-Nations-Human-Rights-Council.jpg?ve=1&amp;tl=1 2x\" height=\"192\" width=\"343\"><source media=\"(min-width: 768px) and (max-width: 1023px)\" srcset=\"https:\/\/a57.foxnews.com\/static.foxnews.com\/foxnews.com\/content\/uploads\/2023\/08\/672\/378\/United-Nations-Human-Rights-Council.jpg?ve=1&amp;tl=1, https:\/\/a57.foxnews.com\/static.foxnews.com\/foxnews.com\/content\/uploads\/2023\/08\/1344\/756\/United-Nations-Human-Rights-Council.jpg?ve=1&amp;tl=1 2x\" height=\"378\" width=\"672\"><source media=\"(min-width: 1024px) and (max-width: 1279px)\" srcset=\"https:\/\/a57.foxnews.com\/static.foxnews.com\/foxnews.com\/content\/uploads\/2023\/08\/931\/523\/United-Nations-Human-Rights-Council.jpg?ve=1&amp;tl=1, https:\/\/a57.foxnews.com\/static.foxnews.com\/foxnews.com\/content\/uploads\/2023\/08\/1862\/1046\/United-Nations-Human-Rights-Council.jpg?ve=1&amp;tl=1 2x\" height=\"523\" width=\"931\"><source media=\"(min-width: 1280px)\" srcset=\"https:\/\/a57.foxnews.com\/static.foxnews.com\/foxnews.com\/content\/uploads\/2023\/08\/720\/405\/United-Nations-Human-Rights-Council.jpg?ve=1&amp;tl=1, https:\/\/a57.foxnews.com\/static.foxnews.com\/foxnews.com\/content\/uploads\/2023\/08\/1440\/810\/United-Nations-Human-Rights-Council.jpg?ve=1&amp;tl=1 2x\" height=\"405\" width=\"720\"><img loading=\"lazy\" decoding=\"async\" src=\"https:\/\/a57.foxnews.com\/static.foxnews.com\/foxnews.com\/content\/uploads\/2023\/08\/1200\/675\/United-Nations-Human-Rights-Council.jpg?ve=1&amp;tl=1\" alt=\"Consejo de Derechos Humanos de la ONU\" width=\"1200\" height=\"675\"\/><\/source><\/source><\/source><\/source><\/picture><\/div>\n<div class=\"info\">\n<div class=\"caption\">\n<p><span>Ver dentro de la C\u00e1mara del Consejo de Derechos Humanos de la ONU en Ginebra, Suiza.<\/span> <span>(Getty Images)<\/span><\/p>\n<\/div>\n<\/div>\n<\/div>\n<p><strong><u>Haga clic aqu\u00ed para obtener la aplicaci\u00f3n Fox News<\/u><\/strong><\/p>\n<p>\u00abSabemos exactamente por qu\u00e9 me censuraron sabiendo lo que la ONU no censur\u00f3 durante este mismo &#8216;di\u00e1logo'\u00bb, dijo Bayefsky a Fox News Digital. \u00abNo hubo censura, ni micr\u00f3fonos cortados, no hay problema para decir que Israel estaba cometiendo &#8216;genocidio contra los palestinos&#8217; &#8230; las libras de sangre e incitaci\u00f3n al odio y m\u00e1s violencia era voluminosa. Y todo estaba bien con la ONU\u00bb<\/p>\n<p>Bayefsky dice que es hora de que Estados Unidos corte los fondos para el OHCHR.<\/p>\n<p>Si bien el presidente Donald Trump emiti\u00f3 una orden ejecutiva que proh\u00edbe a los Estados Unidos participar en ANHRC, no abord\u00f3 la financiaci\u00f3n de OHCHR, explic\u00f3 Bayefsky.<\/p>\n<p>\u00abLa mayor parte del financiamiento estadounidense para la ONU en este contexto es para T\u00fcrk y su reino en la &#8216;Oficina de la ONU del Alto Comisionado para los Derechos Humanos&#8217; &#8230; Si alguna vez los estadounidenses necesitaban una raz\u00f3n m\u00e1s para no pagar otro centavo por el antisemitismo letal no impulsado, esto es todo\u00bb.<\/p>\n<p> <!----> <\/p>\n<div class=\"article-meta\">\n<div class=\"author-bio\">\n<p>Rachel Wolf es una escritora de noticias de Fox News Digital y Fox Business.<\/p>\n<\/div>\n<\/div>\n<\/div>\n\n","protected":false},"excerpt":{"rendered":"<p>Primero en Fox &#8211; El Consejo de Derechos Humanos de las Naciones Unidas (ANHRC) cort\u00f3 abruptamente una declaraci\u00f3n de video cuando el orador mencion\u00f3 el destino de Ariel y Kfir Bibas. El incidente tuvo lugar durante un \u00abdi\u00e1logo interactivo\u00bb con respecto a la consideraci\u00f3n de la UNHRC del Alto Comisionado de los Derechos Humanos de &hellip;<\/p>\n","protected":false},"author":1,"featured_media":16515,"comment_status":"open","ping_status":"open","sticky":false,"template":"","format":"standard","meta":{"fifu_image_url":"https:\/\/static.foxnews.com\/foxnews.com\/content\/uploads\/2025\/02\/un-human-rights.jpg","fifu_image_alt":"","footnotes":""},"categories":[13],"tags":[],"class_list":["post-16513","post","type-post","status-publish","format-standard","has-post-thumbnail","","category-mundo"],"_links":{"self":[{"href":"https:\/\/noticiasveraces.com\/index.php?rest_route=\/wp\/v2\/posts\/16513","targetHints":{"allow":["GET"]}}],"collection":[{"href":"https:\/\/noticiasveraces.com\/index.php?rest_route=\/wp\/v2\/posts"}],"about":[{"href":"https:\/\/noticiasveraces.com\/index.php?rest_route=\/wp\/v2\/types\/post"}],"author":[{"embeddable":true,"href":"https:\/\/noticiasveraces.com\/index.php?rest_route=\/wp\/v2\/users\/1"}],"replies":[{"embeddable":true,"href":"https:\/\/noticiasveraces.com\/index.php?rest_route=%2Fwp%2Fv2%2Fcomments&post=16513"}],"version-history":[{"count":0,"href":"https:\/\/noticiasveraces.com\/index.php?rest_route=\/wp\/v2\/posts\/16513\/revisions"}],"wp:featuredmedia":[{"embeddable":true,"href":"https:\/\/noticiasveraces.com\/index.php?rest_route=\/wp\/v2\/media\/16515"}],"wp:attachment":[{"href":"https:\/\/noticiasveraces.com\/index.php?rest_route=%2Fwp%2Fv2%2Fmedia&parent=16513"}],"wp:term":[{"taxonomy":"category","embeddable":true,"href":"https:\/\/noticiasveraces.com\/index.php?rest_route=%2Fwp%2Fv2%2Fcategories&post=16513"},{"taxonomy":"post_tag","embeddable":true,"href":"https:\/\/noticiasveraces.com\/index.php?rest_route=%2Fwp%2Fv2%2Ftags&post=16513"}],"curies":[{"name":"wp","href":"https:\/\/api.w.org\/{rel}","templated":true}]}}