{"id":16511,"date":"2025-02-27T14:19:36","date_gmt":"2025-02-27T18:19:36","guid":{"rendered":"https:\/\/noticiasveraces.com\/?p=16511"},"modified":"2025-02-27T14:19:36","modified_gmt":"2025-02-27T18:19:36","slug":"friedrich-merz-quiere-revitalizar-lazos-con-paris-y-varsovia-dw-27-02-2025","status":"publish","type":"post","link":"https:\/\/noticiasveraces.com\/?p=16511","title":{"rendered":"Friedrich Merz Quiere Revitalizar Lazos Con Par\u00eds y Varsovia &#8211; DW &#8211; 27\/02\/2025"},"content":{"rendered":"<p> \n<\/p>\n<div>\n<p>Friedrich Merz Se Reuni\u00f3 con el Presidente Emmanuel Macron en una cena confidencial en par\u00eds, Apenas Tres dias desespu\u00e9s de la Victoria del Conservador en Las Elecciones Almasas. Sin embargo, Merz a\u00fan no Canciller; El Socialdem\u00f3crata Olaf Scholz Sigue en El Poder.<\/p>\n<p>Hay una Raz\u00f3n para Las Prisas: El Presidente Estadounidense Donald Trump Podr\u00eda estar un Punto de Negociar la Paz en Ucrania con el Presidente Ruso Vladimir Putin, Una Paz Dictada. Porque nicrania ni la ue se -sientan a la mesa de negociaciones. Trump Quiere Dejar en Manos de los Europeos Cualquier Garant\u00eda de Seguridad PARA UCRANIA Y HACER PAGAR CARA LA AYUDA MILITAR ESTADOUNDENSE PRESTADA HASTA AHORA, CON LOS RECURSOS UCRANIANOS.<\/p>\n<h2>Merz Quiere Convertir A Alemania en una \u00abPotencia L\u00edder\u00bb<\/h2>\n<p>Macron Fue El Primer Europa que visit\u00f3 un Trump en Washington Esta Semana, Pero no Pudo Conseguir Nada Sobre El Tema de Ucrania. Tambi\u00e9n Sigue en pastel la amenaza de aranceles estadounidenses a la importaci\u00f3n de productos europeos. Trump Ha Llegado un Sobre El Tema del Comercio que la Ue se fund\u00f3 \u00abpara fastidiar a Estados Unidos\u00bb.<\/p>\n<p>Merz Ha Acusado al Real Gobierno Alem\u00e1n de Ser DemaSiudo Pasivo en Materia de Pol\u00edtica Exterior. Como jefe de gobierno, dar\u00eda prioridad una revitalizar las relaceses con francia y polonia. JUNTOS FORMAN EL Llamado Tri\u00e1ngulo de Weimar, Que Antra\u00f1o Desempe\u00f1\u00f3 Un Papel. Hoy, es S\u00f3lo una Sombra de Lo que Fue.<\/p>\n<p><span data-slot-id=\"Article_InContent-1\" class=\"rich-text-ad\"\/><\/p>\n<h2>Noticias esperanzoras desde Varsovia<\/h2>\n<p>Durante el Mandato de Scholz, Que Form\u00f3 Coalici\u00f3non con los Verdes y -Hasta Finales del A\u00f1o Pasado- Tambi\u00e9n con el Liberal FDP, se Repitieron las tensiones tanto con francia como con polonia. Por Ejemplo, El Gobierno Alem\u00e1n de Centro-Lizquierda Ten\u00eda Ideas completas Diferentes A Las del Gobierno Polaco Sobre Migracia y muchas cuestiones sociales. Este ha mejorado desde que el liberal Primer Ministro Polaco Donald Tusk Asumi\u00f3 El Cargo.<\/p>\n<p>Polonia es Especialmente IMPORTANTE para alemania este semestre, ya que ostenta la presidencia rotatoria del consejo de la ue y, por tanto, puede fijar sus propias prioridades en pol\u00edta europea. \u00abEl Lema M\u00e1s IMPORTANTE DE LA PRESIDENCIA POLACA DEL CONSEJO ES LA SEGURIDAD EN Europa\u00bb, Declar\u00f3 a dw la viceministra polaca de asuntos europeos, magdalena sobkowiak-czarnecka, en relaci\u00f3n con la situaci\u00f3n en Ucrania. No se trata de una cuestio de rutina. Pa\u00edses como hungr\u00eda y eslovaquia est\u00e1n m\u00e1s en l\u00ednea con donald trump y quieren una normalizaci\u00f3n de las relatos con Mosc\u00fa, inclusi\u00f3n a Costa de Ucrania.<\/p>\n<figure class=\"placeholder-image master_landscape big\"><img data-format=\"MASTER_LANDSCAPE\" data-id=\"69340947\" data-url=\"https:\/\/static.dw.com\/image\/69340947_${formatId}.jpg\" data-aspect-ratio=\"16\/9\" alt=\"Primer Ministro de Polonia, Donald Tusk, El Presidente de Francia, Emmanuel Macron, Y El Canciller de Alemania, Olaf Scholz.\" style=\"padding-bottom: 56.25%; height: 0; max-height: 0;\"\/><figcaption class=\"img-caption\">En Marzo de 2024, El Tri\u00e1ngulo de Weimar Volvi\u00f3 una reuni\u00f3n tras una Larga Pausa: El Primer Ministro de Polonia, Donald Tusk, El Presidente de Francia, Emmanuel Macron, y El Canciller de Alemania, Olaf Scholz.<small class=\"copyright\">Imagen: Christoph Soeder\/DPA\/Picture Alliance<\/small><\/figcaption><\/figure>\n<h2>Un Motor Franco-Alem\u00e1n No es Universalmento Popular<\/h2>\n<p>LAS Relaciones Con Francia, El Socio Europa M\u00e1s Cercano de Alemania, SE Han Enfriado Considerable. ESTO TIENE QUE VER CON LOS DESACUERdos en el Seno del Gobierno de Coalici\u00f3 Alem\u00e1n, Pero tambi\u00e9n con las Diferentes personalidadas de Olaf Scholz y Emmanuel Macron.<\/p>\n<p>Ahora Merz y Macron Quieren Empezar de Nuevo. Pero Aqu\u00ed Tambi\u00e9n Hay Obst\u00e1culos. Hasta que se forme gobierno en berl\u00edn, el cancillero en funciones es Olaf Scholz. Adem\u00e1s, Macron Tiene Problemas A Nivel Internto y Debe Preocuparse Constantement por Su Mayor\u00eda Parlamentaria.<\/p>\n<p>Por \u00daltimo, Aunque Merz y Macron Comarten la Idea de un Motor Franco-Alem\u00e1n que impulse a Toda la Ue, no Todos los Pa\u00edses de la Ue Quieren Ser Dirigidos por Los dos Grandes. Y Con la Jefa de Gobierno Italiana de Derecha, Giorgia meloni, Aliada de Donald Trump, Ha Surgido una especialmente de competidor intraeuropoeo. Por tanto, la ue no puede havlar con una sola Voz.<\/p>\n<h2>\u00bfHabr\u00e1 un \u00abMercron\u00bb?<\/h2>\n<p>En la \u00e9poca de la cangiler Alemana Angela Merkel, Los Medios de Comunicaci\u00f3n Acu\u00f1aon El T\u00e9rmino \u00abMerkron\u00bb para describir un Merkel y Macron. La Simbiosis pretend\u00eda significativa una Asociaci\u00f3n personal personal de Merkere y \u00abMerkerca y\u00bb Merkermon \u00bb Era probablentse m\u00e1s una ilusi\u00f3n.<\/p>\n<p>Si en el Futuro Friedrich Merz y Emmanuel Macron se Llevaran de Maravilla, S\u00f3lo Habr\u00eda Que Cambiar una letra y tenderro \u00abMercron\u00bb. Los Pr\u00f3xos Meses Demostar\u00e1n si este Suceder\u00e1.<\/p>\n<p>(MN\/ER)<\/p>\n<\/p>\n<\/div>\n\n","protected":false},"excerpt":{"rendered":"<p>Friedrich Merz Se Reuni\u00f3 con el Presidente Emmanuel Macron en una cena confidencial en par\u00eds, Apenas Tres dias desespu\u00e9s de la Victoria del Conservador en Las Elecciones Almasas. Sin embargo, Merz a\u00fan no Canciller; El Socialdem\u00f3crata Olaf Scholz Sigue en El Poder. Hay una Raz\u00f3n para Las Prisas: El Presidente Estadounidense Donald Trump Podr\u00eda estar &hellip;<\/p>\n","protected":false},"author":1,"featured_media":16512,"comment_status":"open","ping_status":"open","sticky":false,"template":"","format":"standard","meta":{"fifu_image_url":"https:\/\/static.dw.com\/image\/71763942_6.jpg","fifu_image_alt":"","footnotes":""},"categories":[13],"tags":[],"class_list":["post-16511","post","type-post","status-publish","format-standard","has-post-thumbnail","","category-mundo"],"_links":{"self":[{"href":"https:\/\/noticiasveraces.com\/index.php?rest_route=\/wp\/v2\/posts\/16511","targetHints":{"allow":["GET"]}}],"collection":[{"href":"https:\/\/noticiasveraces.com\/index.php?rest_route=\/wp\/v2\/posts"}],"about":[{"href":"https:\/\/noticiasveraces.com\/index.php?rest_route=\/wp\/v2\/types\/post"}],"author":[{"embeddable":true,"href":"https:\/\/noticiasveraces.com\/index.php?rest_route=\/wp\/v2\/users\/1"}],"replies":[{"embeddable":true,"href":"https:\/\/noticiasveraces.com\/index.php?rest_route=%2Fwp%2Fv2%2Fcomments&post=16511"}],"version-history":[{"count":0,"href":"https:\/\/noticiasveraces.com\/index.php?rest_route=\/wp\/v2\/posts\/16511\/revisions"}],"wp:featuredmedia":[{"embeddable":true,"href":"https:\/\/noticiasveraces.com\/index.php?rest_route=\/wp\/v2\/media\/16512"}],"wp:attachment":[{"href":"https:\/\/noticiasveraces.com\/index.php?rest_route=%2Fwp%2Fv2%2Fmedia&parent=16511"}],"wp:term":[{"taxonomy":"category","embeddable":true,"href":"https:\/\/noticiasveraces.com\/index.php?rest_route=%2Fwp%2Fv2%2Fcategories&post=16511"},{"taxonomy":"post_tag","embeddable":true,"href":"https:\/\/noticiasveraces.com\/index.php?rest_route=%2Fwp%2Fv2%2Ftags&post=16511"}],"curies":[{"name":"wp","href":"https:\/\/api.w.org\/{rel}","templated":true}]}}