{"id":16492,"date":"2025-02-27T12:24:38","date_gmt":"2025-02-27T16:24:38","guid":{"rendered":"https:\/\/noticiasveraces.com\/?p=16492"},"modified":"2025-02-27T12:24:38","modified_gmt":"2025-02-27T16:24:38","slug":"muere-javier-dorado-exfutbolista-del-real-madrid-un-los-48-anos","status":"publish","type":"post","link":"https:\/\/noticiasveraces.com\/?p=16492","title":{"rendered":"Muere Javier Dorado, Exfutbolista del Real Madrid, un Los 48 A\u00f1os"},"content":{"rendered":"<p> \n<\/p>\n<div id=\"intext\">\n<p>Javier Dorado Bielsa (Talavera de la Reina, 1977), Exfutbolista de Real Madrid, Mallorca O Sporting de Gij\u00f3n, Entre oTros Clubes Espa\u00f1oles, Ha Muerto Este Jueves Tras Una Lomba Lucha Conta la Leucemia.<\/p>\n<p>Empez\u00f3 Su Carrera Futbol\u00edstica en la Cantera del Real Madrid, Llegando un debutar con el Primer Equipo en 1999 en un Partido de Copa del Rey Ante El Valencia.<\/p>\n<p>La Siguiente Temporada, LA 1999-2000, Jug\u00f3 7 Partidos y M\u00e1s de 400 Minutos A las \u00f3rdenes de Vicente del Bosque y Se Acab\u00f3 Proclamando Campa\u00f3n de Europa en Par\u00eds Contra El Valencia.<\/p>\n<p>Tras Marcharse El Conjunto Blanco, El Defensa Prob\u00f3 con dos cesiones al Salamanca y Al Sporting de Gij\u00f3n, en la Divisi\u00f3n, Antes de Acabar Recalando en El Rayo Vallecano en El Verano del A\u00f1o 2002.<\/p>\n<p>Una temporada despoos volvi\u00f3 al deportista y tras militar en el \u00faito asturiano durante tres campa\u00f1as fue contratado por el el mallorca, lo que supuso su vuelta a la m\u00e1xima categor\u00eda del f\u00fatbol espa\u00f1ol.<\/p>\n<p>SE Retir\u00f3 del f\u00fatbol en 2009, Aunque Regr\u00e9s\u00f3 en 2011 Firmando por una temporada Con el Atl\u00e9tico Baleares en Segunda B, Donde un a\u00f1o desespu\u00e9s termin\u00f3 colgando definititivamamento las botas a los 35 a\u00f1os.<\/p>\n<h2 class=\"title-h2\">Leucemia desde 2022<\/h2>\n<p>Dorado Llevaba Desde 2022 Luchando Contra El C\u00e1ncer y en Mayo de 2024 Recibi\u00f3 un Trasplante de M\u00e9dula \u00d3sea Donada por su propia Hermana, Seg\u00fan el Diario de Mallorca.<\/p>\n<p>Hace Tan Solo unos Meses, en una Entrevista Concedida en &#8216;El Comercio&#8217;, Dijo este: \u00abLlevo ya un Tiempo y Espero que est\u00e1 esta Vez Termine TODA ESTA PESADILLA, QUE PODAMOS SALIR Y ESTAR TRANQUILOS. LLEVO AROS PELOS PELEANDO Y LOS DELESTROS TRATAMOS TRATAMOS TRATAMOS, SOCEN MAILOS, LLEVO. TODO CUANDO SE Termina Porque Me Deja un Poco m\u00e1s Cansado y un poco m\u00e1s toCado, Pero intento hacer hacer normal \u00ab.<\/p>\n<h2 class=\"title-h2\">El Adi\u00f3s del Real Madrid<\/h2>\n<p><i>\u00abEl Conjunto Blanco Ha emitido Hoy un Comunicado Oficial de la despidiosa del que Fuera Jugador de su Cantera y de la Primera Plantilla.<\/i><\/p>\n<p><i>\u00abEl Real Madrid CF, Su Presidenta y Su Junta Directiva Profundamento El Fallecimiento de Javier Dorado, Canterano del Real Madrid y Jugador de Nuestro Primer Equipo Entre 1999 y El A\u00f1o 2000.<\/i><\/p>\n<p><i>El Real Madrid Quiere Expresar sus Condolencias y Su Cari\u00f1o a sus familiares, un sus compresheros, un Todos sus seres Queridos ya Todos los clubes de los que form\u00f3 parte.<\/i><\/p>\n<p><i>Durante las dos temporadas que defendi\u00f3 la Camiseta del Real Madrid, Javier Dorado Gan\u00f3 1 Copa de Europa, La Octava en Par\u00eds (2000).<\/i><\/p>\n<p><i>Javier Dorado Ha Fallecido A LOS 48 A\u00f1os de Edad. Descanse en Paz \u00ab<\/i>.<\/p>\n<p>Por Su Parte, El RCD Mallorca Tambi\u00e9n Lament\u00f3 \u00abProfundamento la P\u00e9rdida de Javier Dorado\u00bb, Que Defendi\u00f3 La Camiseta del Club Bermell\u00f3n Entre 2006 y 2009. \u00abMandamos nuestro P\u00e9ships a su familia y Seres Queridos\u00bb, Dijo el Comunicado de la Entidad Balear.<\/p>\n<p>Tambi\u00e9n Lament\u00f3 El Deceso del Jugador El Rayo Vallecano, Su Equipeo Entre 2002 y 2003, As\u00ed Como El Sporting de Gij\u00f3n. \u00abEl Real Sporting de Gij\u00f3n MaSestra Su Pesar Por El Fallecimiento del Exjugador Javier Dorado. El Club Se Une Al Dolor de Sus Familiares y Seras Queridos, un que env\u00eda su m\u00c1s Sentido P\u00e9same\u00bb, Rez\u00f3 el Comunicado del Club Asuuriano.<\/p>\n<p><i>S\u00edguenos en nuestro canal de whatsapp y no te Pierdas la \u00daLtima Hora y Toda la actualidad de antena3noticias.com<\/i><\/p>\n<div class=\"recirculation-video\" data-mod=\"a3mod_recirculation_video\">\n<div class=\"recirculation-video-wrapper\">\n<div>\n<div class=\"video-wrapper\">\n  <picture class=\"video-main-picture\"><source media=\"(min-width: 481px)\" srcset=\"https:\/\/fotografias.antena3.com\/clipping\/cmsimages01\/2025\/02\/26\/D804C357-34D0-456A-AE89-57A528271DA4\/antony-camiseta-real-betis_94.jpg?crop=2667,1500,x0,y119&amp;width=800&amp;height=450&amp;optimize=medium&amp;format=webply\" width=\"800\" height=\"450\"><source media=\"(min-width: 391px) and (max-width: 480px)\" srcset=\"https:\/\/fotografias.antena3.com\/clipping\/cmsimages01\/2025\/02\/26\/D804C357-34D0-456A-AE89-57A528271DA4\/antony-camiseta-real-betis_70.jpg?crop=2667,1500,x0,y119&amp;width=480&amp;height=270&amp;optimize=high&amp;format=webply\" width=\"480\" height=\"270\"><source media=\"(min-width: 321px) and (max-width: 390px)\" srcset=\"https:\/\/fotografias.antena3.com\/clipping\/cmsimages01\/2025\/02\/26\/D804C357-34D0-456A-AE89-57A528271DA4\/antony-camiseta-real-betis_92.jpg?crop=2667,1498,x0,y120&amp;width=390&amp;height=219&amp;optimize=high&amp;format=webply\" width=\"390\" height=\"219\"><source media=\"(max-width: 320px)\" srcset=\"https:\/\/fotografias.antena3.com\/clipping\/cmsimages01\/2025\/02\/26\/D804C357-34D0-456A-AE89-57A528271DA4\/antony-camiseta-real-betis_52.jpg?crop=2667,1500,x0,y119&amp;width=320&amp;height=180&amp;optimize=high&amp;format=webply\" width=\"320\" height=\"180\"><img decoding=\"async\" title=\"Antony Con la Camiseta del Real Betis\" alt=\"Antony Con la Camiseta del Real Betis\" width=\"480\" height=\"270\" src=\"https:\/\/fotografias.antena3.com\/clipping\/cmsimages01\/2025\/02\/26\/D804C357-34D0-456A-AE89-57A528271DA4\/antony-camiseta-real-betis_70.jpg?crop=2667,1500,x0,y119&amp;width=480&amp;height=270&amp;optimize=high&amp;format=webply\" loading=\"lazy\" class=\"lazy\"\/><br \/>\n  <\/source><\/source><\/source><\/source><\/picture>\n <\/div>\n<\/div><\/div>\n<\/p><\/div>\n<\/div>\n\n","protected":false},"excerpt":{"rendered":"<p>Javier Dorado Bielsa (Talavera de la Reina, 1977), Exfutbolista de Real Madrid, Mallorca O Sporting de Gij\u00f3n, Entre oTros Clubes Espa\u00f1oles, Ha Muerto Este Jueves Tras Una Lomba Lucha Conta la Leucemia. Empez\u00f3 Su Carrera Futbol\u00edstica en la Cantera del Real Madrid, Llegando un debutar con el Primer Equipo en 1999 en un Partido de &hellip;<\/p>\n","protected":false},"author":1,"featured_media":16494,"comment_status":"open","ping_status":"open","sticky":false,"template":"","format":"standard","meta":{"fifu_image_url":"https:\/\/fotografias.antena3.com\/clipping\/cmsimages01\/2025\/02\/27\/FFA2E0E8-89C3-426D-9621-B0D4828A1CF1\/exfutbolista-manchego-javier-dorado_69.jpg?crop=1419,798,x6,y0&width=1280&height=720&optimize=low&format=jpg","fifu_image_alt":"","footnotes":""},"categories":[6],"tags":[],"class_list":["post-16492","post","type-post","status-publish","format-standard","has-post-thumbnail","","category-deportes"],"_links":{"self":[{"href":"https:\/\/noticiasveraces.com\/index.php?rest_route=\/wp\/v2\/posts\/16492","targetHints":{"allow":["GET"]}}],"collection":[{"href":"https:\/\/noticiasveraces.com\/index.php?rest_route=\/wp\/v2\/posts"}],"about":[{"href":"https:\/\/noticiasveraces.com\/index.php?rest_route=\/wp\/v2\/types\/post"}],"author":[{"embeddable":true,"href":"https:\/\/noticiasveraces.com\/index.php?rest_route=\/wp\/v2\/users\/1"}],"replies":[{"embeddable":true,"href":"https:\/\/noticiasveraces.com\/index.php?rest_route=%2Fwp%2Fv2%2Fcomments&post=16492"}],"version-history":[{"count":0,"href":"https:\/\/noticiasveraces.com\/index.php?rest_route=\/wp\/v2\/posts\/16492\/revisions"}],"wp:featuredmedia":[{"embeddable":true,"href":"https:\/\/noticiasveraces.com\/index.php?rest_route=\/wp\/v2\/media\/16494"}],"wp:attachment":[{"href":"https:\/\/noticiasveraces.com\/index.php?rest_route=%2Fwp%2Fv2%2Fmedia&parent=16492"}],"wp:term":[{"taxonomy":"category","embeddable":true,"href":"https:\/\/noticiasveraces.com\/index.php?rest_route=%2Fwp%2Fv2%2Fcategories&post=16492"},{"taxonomy":"post_tag","embeddable":true,"href":"https:\/\/noticiasveraces.com\/index.php?rest_route=%2Fwp%2Fv2%2Ftags&post=16492"}],"curies":[{"name":"wp","href":"https:\/\/api.w.org\/{rel}","templated":true}]}}