{"id":16483,"date":"2025-02-27T11:14:17","date_gmt":"2025-02-27T15:14:17","guid":{"rendered":"https:\/\/noticiasveraces.com\/?p=16483"},"modified":"2025-02-27T11:14:17","modified_gmt":"2025-02-27T15:14:17","slug":"bayern-munich-retira-oferta-para-renovar-con-joshua-kimmich-dw-27-02-2025","status":"publish","type":"post","link":"https:\/\/noticiasveraces.com\/?p=16483","title":{"rendered":"Bayern M\u00fanich Retira oferta para Renovar Con Joshua Kimmich &#8211; DW &#8211; 27\/02\/2025"},"content":{"rendered":"<p> \n<\/p>\n<div>\n<p>Seg\u00fan Informa Bild, El Bayern M\u00fanich ha retirado su oferta de prolongaci\u00f3n de contrato a joshua kimmich. As\u00ed reaccion\u00f3 el \u00faito de m\u00fanich a la fala de una decisi\u00f3n por parte del capit\u00e1n de la selecci\u00f3n nacional, trases de negociaciones, inform\u00f3 el peri\u00f3dico. El Jugador de 30 A\u00f1os Fue Informado A Principios de Semana de Que una Oferta Para Ampliar Su Contrato, Que Expiraba al final de la Temporada, ya no es una v\u00e1lida.<\/p>\n<p>El Peri\u00f3dico \u00abAbendzeitung\u00bb Ya Hab\u00eda informado que los B\u00e1varos que no Quer\u00eda mejorar las Condiciones de su oferta a Joshua Kimmich. Hasta el Momento, no se informa las declaraciones de heno de Usiciales, ni de parte del Bayern Ni de Kimmich.<\/p>\n<h2>Kimmich es una de las dudas del Bayern<\/h2>\n<p>DESPU\u00c9S DE QUE LA LA ESTRella Ofensiva Jamal Musiala, El lateral Alphonso Davies y El Capit\u00e1n Manuel Neuer Extendieran Recientse Sus Contratos, El Futuro de Kimmich y Del Veterano Thomas M\u00fcller A\u00fan Est\u00e1 Abierto. Ambos Tienen Contrato Con El Club B\u00e1varo \u00danicamme Hasta El Final de la Temporada.<\/p>\n<p>Seg\u00fan el Diario \u00abBild\u00bb, El Equipo Muniqu\u00e9s exige a Kimmich Que tome una decisi\u00f3n Pronta Sobre si Quiere quedarse o no. Sin embargo, la retirada de la oficina del bayern no implica necesariae una separaaci\u00f3n en verano: club y elan el eLubador, real mentalidad, no implica necesaria, una separa -enever en verano: el club y elane, el alambador de la mentalidad, la mentalidad, no implica. conversaciones.<\/p>\n<p>El (DPA, Bild)<\/p>\n<\/div>\n\n","protected":false},"excerpt":{"rendered":"<p>Seg\u00fan Informa Bild, El Bayern M\u00fanich ha retirado su oferta de prolongaci\u00f3n de contrato a joshua kimmich. As\u00ed reaccion\u00f3 el \u00faito de m\u00fanich a la fala de una decisi\u00f3n por parte del capit\u00e1n de la selecci\u00f3n nacional, trases de negociaciones, inform\u00f3 el peri\u00f3dico. El Jugador de 30 A\u00f1os Fue Informado A Principios de Semana de &hellip;<\/p>\n","protected":false},"author":1,"featured_media":16484,"comment_status":"open","ping_status":"open","sticky":false,"template":"","format":"standard","meta":{"fifu_image_url":"https:\/\/static.dw.com\/image\/70992007_6.jpg","fifu_image_alt":"","footnotes":""},"categories":[13],"tags":[],"class_list":["post-16483","post","type-post","status-publish","format-standard","has-post-thumbnail","","category-mundo"],"_links":{"self":[{"href":"https:\/\/noticiasveraces.com\/index.php?rest_route=\/wp\/v2\/posts\/16483","targetHints":{"allow":["GET"]}}],"collection":[{"href":"https:\/\/noticiasveraces.com\/index.php?rest_route=\/wp\/v2\/posts"}],"about":[{"href":"https:\/\/noticiasveraces.com\/index.php?rest_route=\/wp\/v2\/types\/post"}],"author":[{"embeddable":true,"href":"https:\/\/noticiasveraces.com\/index.php?rest_route=\/wp\/v2\/users\/1"}],"replies":[{"embeddable":true,"href":"https:\/\/noticiasveraces.com\/index.php?rest_route=%2Fwp%2Fv2%2Fcomments&post=16483"}],"version-history":[{"count":0,"href":"https:\/\/noticiasveraces.com\/index.php?rest_route=\/wp\/v2\/posts\/16483\/revisions"}],"wp:featuredmedia":[{"embeddable":true,"href":"https:\/\/noticiasveraces.com\/index.php?rest_route=\/wp\/v2\/media\/16484"}],"wp:attachment":[{"href":"https:\/\/noticiasveraces.com\/index.php?rest_route=%2Fwp%2Fv2%2Fmedia&parent=16483"}],"wp:term":[{"taxonomy":"category","embeddable":true,"href":"https:\/\/noticiasveraces.com\/index.php?rest_route=%2Fwp%2Fv2%2Fcategories&post=16483"},{"taxonomy":"post_tag","embeddable":true,"href":"https:\/\/noticiasveraces.com\/index.php?rest_route=%2Fwp%2Fv2%2Ftags&post=16483"}],"curies":[{"name":"wp","href":"https:\/\/api.w.org\/{rel}","templated":true}]}}