{"id":16460,"date":"2025-02-27T06:15:54","date_gmt":"2025-02-27T10:15:54","guid":{"rendered":"https:\/\/noticiasveraces.com\/?p=16460"},"modified":"2025-02-27T06:15:54","modified_gmt":"2025-02-27T10:15:54","slug":"el-arbitro-paro-el-partido-por-canticos-de-asencio-muerete-estaba-afectado","status":"publish","type":"post","link":"https:\/\/noticiasveraces.com\/?p=16460","title":{"rendered":"El \u00c1rbitro Par\u00f3 El Partido por C\u00e1nticos de &#8216;Asencio Mu\u00e9rete&#8217;: \u00abEstaba Afectado\u00bb"},"content":{"rendered":"<p> \n<\/p>\n<div id=\"intext\">\n<p>Jos\u00e9 Mar\u00eda S\u00e1nchez Mart\u00ednez, \u00c1rbitro Director Del <b>Partido entre Real Sociedad y Real Madrid<\/b>Par\u00f3 el Partido en el TIempo de prolongaci\u00f3n de la Primera Mitad de la Semifinal de Copa del Rey Al Informe C\u00e1nnticos de &#8216;Asencio, Mu\u00e9re&#8217; Desde la Grada del Reale Arena.<\/p>\n<p>El Colegiado Habl\u00f3 con Los Capitanes de Ambos Equipos, Mikel Oyarzabal en Los Locales y Vin\u00edcius Junior en Los Visitantes, Antes de Dirigirse A Los Abrenadores, Imanol Alguacil y Carlo Ancelotti, Respectivamete, Junto al Delegado de Camp\u00f3n de la Real Sociedade ya un Efectivio de la \u00datza de la LA.<\/p>\n<p>Con El Juego Parado Durante Varios Minutos, El Partido se Reanud\u00f3 Tras emitir un Mensaje en Los Videomarcadores, en Castellano y en Euskera: \u00abNo un Los C\u00e1nnticos racistas, Xen\u00f3fobos e intolerantes e intolerantes. Anima y apoya al equipo respetando al rival\u00bb, se proyect\u00f3.<\/p>\n<h2 class=\"title-h2\">Acta arbitral<\/h2>\n<p>Y Tras el Encuentro, El -\u00e1lbitro explic\u00f3 lo ocurrido en el acta: \u00abEn el Minuto 46, El Dorsal 7 D. Vinicius Jos\u00e9 de Oliveira do Nascimento, Capit\u00e1n del Real Madrid Cf, me transmite que A a su Compa\u00f1ero El Dorsal 35 D. RaUnl Asencio Del Rosario le Est\u00e1n Insuficiente Ins\u00fadico detr\u00e1s de una de las porter\u00edas donde se Sit\u00faa P\u00fablico que Porta Objetas del Club Local \u00ab, Inicia.<\/p>\n<p>\u00abDichos insultos que se estaban Realizando en ise Momento Fueron Escuchados por M\u00ed Al Grito de:\u00bb \u00a1ASENCIO MU\u00c9RO Partido, y Sido TODO Comunicado por megafon\u00eda para que Cesaran Dichos insultos, sin volver un productor incidente ninguno \u00ab, escrita el Colegiado en el Acta.<\/p>\n<h2 class=\"title-h2\">\u00ab\u00c9l prefiere quitarle\u00bb<\/h2>\n<p>Adem\u00e1s, Tras el Duelo, Carlo Ancelotti, Agrenador del Real Madrid, Asegur\u00f3 que Sustituy\u00f3 A Asencio Al Descanso Debido a Estos c\u00f3dicos y C\u00d3MO LE Hab\u00eda Afectado A Su Futbolista. \u00abA NADIE LE GUTA QUE EN UN CAMPO SE LE &#8216;MU\u00e9rete&#8217;. Estaba Afectado y el preferido quitarlo porque su sentimiento pod\u00eda afectarle en el partido \u00ab, explic\u00f3 el italiano en rueda de prensa.<\/p>\n<h2 class=\"title-h2\">Condena de Mikel Oyarzabal<\/h2>\n<p>El Capit\u00e1n de la Real Sociedad, Mikel Oyarzabal, Conden\u00f3 los C\u00e1nnticos de Parte de la Grada Conta Asencio: \u00abComo en muchos estadios, lo que unes unos pocos c\u00e1nticos no empa\u00f1a al resta de la afi\u00f3n. Condenar Los Hechos o los Actos que alguno Haya Podido Hacer, Pero Creo que no es la Manera Adecuada.<\/p>\n<h2 class=\"title-h2\">C\u00e1nticos racistas en el estadio RCD<\/h2>\n<p>Esta es la segunda Vez en cuatro d\u00eda que se activa la protocolo de actuaci\u00f3n acerca de incidentes en las gradas en el f\u00fatbol espa\u00f1ol, desprendos de que el \u00e1rbitro cuadra fern\u00e1ndez hiciese lo propio durante durante Despu\u00e9s de que i\u00f1aki Williams le informa C\u00e1nticos racistas.<\/p>\n<p>\u00abI\u00f1aki Williams Me Comunic\u00f3 un Incidente Racista desde Uno de los Fondos del Estadio Donde se Encontraban los aficionados de los RCD Espanyol (IdentificAdos como tal por indumentaria) que se hab\u00eda, dirigido al jugador con dorsal n\u00ba21, D. maroan sannadi, en los sigulos t\u00e9minos: &#8216;\u00a1PuTo Moro!&#8217; \u00ab, Recogi\u00f3 El Colegiado en el Acta del Encuentro.<\/p>\n<p><i>S\u00edguenos en nuestro canal de whatsapp y no te Pierdas la \u00daLtima Hora y Toda la actualidad de antena3noticias.com<\/i><\/p>\n<div class=\"recirculation-video\" data-mod=\"a3mod_recirculation_video\">\n<div class=\"recirculation-video-wrapper\">\n<div>\n<div class=\"video-wrapper\">\n  <picture class=\"video-main-picture\"><source media=\"(min-width: 481px)\" srcset=\"https:\/\/fotografias.antena3.com\/clipping\/cmsimages01\/2025\/02\/26\/298AE713-82AD-48AF-8BA4-20477A306733\/batalla-campal-malaga_94.jpg?crop=1920,1080,x0,y0&amp;width=800&amp;height=450&amp;optimize=medium&amp;format=webply\" width=\"800\" height=\"450\"><source media=\"(min-width: 391px) and (max-width: 480px)\" srcset=\"https:\/\/fotografias.antena3.com\/clipping\/cmsimages01\/2025\/02\/26\/298AE713-82AD-48AF-8BA4-20477A306733\/batalla-campal-malaga_70.jpg?crop=1920,1080,x0,y0&amp;width=480&amp;height=270&amp;optimize=high&amp;format=webply\" width=\"480\" height=\"270\"><source media=\"(min-width: 321px) and (max-width: 390px)\" srcset=\"https:\/\/fotografias.antena3.com\/clipping\/cmsimages01\/2025\/02\/26\/298AE713-82AD-48AF-8BA4-20477A306733\/batalla-campal-malaga_92.jpg?crop=1920,1078,x0,y1&amp;width=390&amp;height=219&amp;optimize=high&amp;format=webply\" width=\"390\" height=\"219\"><source media=\"(max-width: 320px)\" srcset=\"https:\/\/fotografias.antena3.com\/clipping\/cmsimages01\/2025\/02\/26\/298AE713-82AD-48AF-8BA4-20477A306733\/batalla-campal-malaga_52.jpg?crop=1920,1080,x0,y0&amp;width=320&amp;height=180&amp;optimize=high&amp;format=webply\" width=\"320\" height=\"180\"><img decoding=\"async\" title=\"Batalla Campal M\u00e1laga\" alt=\"Batalla Campal M\u00e1laga\" width=\"480\" height=\"270\" src=\"https:\/\/fotografias.antena3.com\/clipping\/cmsimages01\/2025\/02\/26\/298AE713-82AD-48AF-8BA4-20477A306733\/batalla-campal-malaga_70.jpg?crop=1920,1080,x0,y0&amp;width=480&amp;height=270&amp;optimize=high&amp;format=webply\" loading=\"lazy\" class=\"lazy\"\/><br \/>\n  <\/source><\/source><\/source><\/source><\/picture>\n <\/div>\n<\/div><\/div>\n<\/p><\/div>\n<\/div>\n\n","protected":false},"excerpt":{"rendered":"<p>Jos\u00e9 Mar\u00eda S\u00e1nchez Mart\u00ednez, \u00c1rbitro Director Del Partido entre Real Sociedad y Real MadridPar\u00f3 el Partido en el TIempo de prolongaci\u00f3n de la Primera Mitad de la Semifinal de Copa del Rey Al Informe C\u00e1nnticos de &#8216;Asencio, Mu\u00e9re&#8217; Desde la Grada del Reale Arena. El Colegiado Habl\u00f3 con Los Capitanes de Ambos Equipos, Mikel Oyarzabal &hellip;<\/p>\n","protected":false},"author":1,"featured_media":16462,"comment_status":"open","ping_status":"open","sticky":false,"template":"","format":"standard","meta":{"fifu_image_url":"https:\/\/fotografias.antena3.com\/clipping\/cmsimages01\/2025\/02\/27\/6A052412-FD54-4F65-8D28-0825FDE70297\/asencio-cartulina-amarilla-reale-arena_69.jpg?crop=2677,1506,x0,y0&width=1280&height=720&optimize=low&format=jpg","fifu_image_alt":"","footnotes":""},"categories":[6],"tags":[],"class_list":["post-16460","post","type-post","status-publish","format-standard","has-post-thumbnail","","category-deportes"],"_links":{"self":[{"href":"https:\/\/noticiasveraces.com\/index.php?rest_route=\/wp\/v2\/posts\/16460","targetHints":{"allow":["GET"]}}],"collection":[{"href":"https:\/\/noticiasveraces.com\/index.php?rest_route=\/wp\/v2\/posts"}],"about":[{"href":"https:\/\/noticiasveraces.com\/index.php?rest_route=\/wp\/v2\/types\/post"}],"author":[{"embeddable":true,"href":"https:\/\/noticiasveraces.com\/index.php?rest_route=\/wp\/v2\/users\/1"}],"replies":[{"embeddable":true,"href":"https:\/\/noticiasveraces.com\/index.php?rest_route=%2Fwp%2Fv2%2Fcomments&post=16460"}],"version-history":[{"count":0,"href":"https:\/\/noticiasveraces.com\/index.php?rest_route=\/wp\/v2\/posts\/16460\/revisions"}],"wp:featuredmedia":[{"embeddable":true,"href":"https:\/\/noticiasveraces.com\/index.php?rest_route=\/wp\/v2\/media\/16462"}],"wp:attachment":[{"href":"https:\/\/noticiasveraces.com\/index.php?rest_route=%2Fwp%2Fv2%2Fmedia&parent=16460"}],"wp:term":[{"taxonomy":"category","embeddable":true,"href":"https:\/\/noticiasveraces.com\/index.php?rest_route=%2Fwp%2Fv2%2Fcategories&post=16460"},{"taxonomy":"post_tag","embeddable":true,"href":"https:\/\/noticiasveraces.com\/index.php?rest_route=%2Fwp%2Fv2%2Ftags&post=16460"}],"curies":[{"name":"wp","href":"https:\/\/api.w.org\/{rel}","templated":true}]}}