{"id":16453,"date":"2025-02-27T05:05:12","date_gmt":"2025-02-27T09:05:12","guid":{"rendered":"https:\/\/noticiasveraces.com\/?p=16453"},"modified":"2025-02-27T05:05:12","modified_gmt":"2025-02-27T09:05:12","slug":"acuerdo-de-gobierno-sin-la-extreme-derecha-dw-27-02-2025","status":"publish","type":"post","link":"https:\/\/noticiasveraces.com\/?p=16453","title":{"rendered":"Acuerdo de Gobierno Sin la Extreme Derecha &#8211; DW &#8211; 27\/02\/2025"},"content":{"rendered":"<p> \n<\/p>\n<div>\n<p>Los Tres Principales Partidos Centristas de Austria en El Parlamento Llegaron Este Jueves (27.02.2025) Un acuerdo para formar Coalici\u00f3n Sin el Ultraderechista Partido de la Libertad (FP\u00f6).<\/p>\n<p>El Conservador Partido Popular (\u00d6vp), Los Socialdem\u00f3cratas (Sp\u00f6) y el liberal neos dijeron en un comunicado que har\u00eda p\u00fablico su programa de gobierno de coalici\u00f3nico en una conferencia de prensa a las 11:00 de la madana, horra local.<\/p>\n<p><em>Noticia en Desarrollo<\/em><\/p>\n<p>CP (RTR, AFP, DPA)<\/p>\n<\/p>\n<\/div>\n\n","protected":false},"excerpt":{"rendered":"<p>Los Tres Principales Partidos Centristas de Austria en El Parlamento Llegaron Este Jueves (27.02.2025) Un acuerdo para formar Coalici\u00f3n Sin el Ultraderechista Partido de la Libertad (FP\u00f6). El Conservador Partido Popular (\u00d6vp), Los Socialdem\u00f3cratas (Sp\u00f6) y el liberal neos dijeron en un comunicado que har\u00eda p\u00fablico su programa de gobierno de coalici\u00f3nico en una conferencia &hellip;<\/p>\n","protected":false},"author":1,"featured_media":16454,"comment_status":"open","ping_status":"open","sticky":false,"template":"","format":"standard","meta":{"fifu_image_url":"https:\/\/static.dw.com\/image\/71228393_6.jpg","fifu_image_alt":"","footnotes":""},"categories":[13],"tags":[],"class_list":["post-16453","post","type-post","status-publish","format-standard","has-post-thumbnail","","category-mundo"],"_links":{"self":[{"href":"https:\/\/noticiasveraces.com\/index.php?rest_route=\/wp\/v2\/posts\/16453","targetHints":{"allow":["GET"]}}],"collection":[{"href":"https:\/\/noticiasveraces.com\/index.php?rest_route=\/wp\/v2\/posts"}],"about":[{"href":"https:\/\/noticiasveraces.com\/index.php?rest_route=\/wp\/v2\/types\/post"}],"author":[{"embeddable":true,"href":"https:\/\/noticiasveraces.com\/index.php?rest_route=\/wp\/v2\/users\/1"}],"replies":[{"embeddable":true,"href":"https:\/\/noticiasveraces.com\/index.php?rest_route=%2Fwp%2Fv2%2Fcomments&post=16453"}],"version-history":[{"count":0,"href":"https:\/\/noticiasveraces.com\/index.php?rest_route=\/wp\/v2\/posts\/16453\/revisions"}],"wp:featuredmedia":[{"embeddable":true,"href":"https:\/\/noticiasveraces.com\/index.php?rest_route=\/wp\/v2\/media\/16454"}],"wp:attachment":[{"href":"https:\/\/noticiasveraces.com\/index.php?rest_route=%2Fwp%2Fv2%2Fmedia&parent=16453"}],"wp:term":[{"taxonomy":"category","embeddable":true,"href":"https:\/\/noticiasveraces.com\/index.php?rest_route=%2Fwp%2Fv2%2Fcategories&post=16453"},{"taxonomy":"post_tag","embeddable":true,"href":"https:\/\/noticiasveraces.com\/index.php?rest_route=%2Fwp%2Fv2%2Ftags&post=16453"}],"curies":[{"name":"wp","href":"https:\/\/api.w.org\/{rel}","templated":true}]}}