{"id":16437,"date":"2025-02-27T03:50:10","date_gmt":"2025-02-27T07:50:10","guid":{"rendered":"https:\/\/noticiasveraces.com\/?p=16437"},"modified":"2025-02-27T03:50:10","modified_gmt":"2025-02-27T07:50:10","slug":"primera-muerte-de-sarampion-en-texas-brote-ademas-de-sorprendentes-conductores-de-demencia","status":"publish","type":"post","link":"https:\/\/noticiasveraces.com\/?p=16437","title":{"rendered":"Primera muerte de sarampi\u00f3n en Texas Brote, adem\u00e1s de sorprendentes conductores de demencia"},"content":{"rendered":"<p> \n<\/p>\n<div>\n<h3><strong>El bolet\u00edn de salud de Fox News le brinda historias sobre los \u00faltimos desarrollos en atenci\u00f3n m\u00e9dica, bienestar, enfermedades, salud mental y m\u00e1s.<\/strong><\/h3>\n<h2><strong>Top 3:<\/strong><\/h2>\n<h3>&#8211; Primer sarampi\u00f3n La muerte informada en medio de un brote de Texas<\/h3>\n<h3>&#8211; Comentarios del m\u00e9dico sobre la condici\u00f3n del Papa Francisco<\/h3>\n<h3>&#8211; Los bajos niveles de vitamina esencial podr\u00edan aumentar el riesgo de demencia<\/h3>\n<div class=\"image-ct inline\">\n<div class=\"m\"><picture><source media=\"(max-width: 767px)\" srcset=\"https:\/\/a57.foxnews.com\/static.foxnews.com\/foxnews.com\/content\/uploads\/2025\/02\/343\/192\/health-nl-split-2-26.jpg?ve=1&amp;tl=1, https:\/\/a57.foxnews.com\/static.foxnews.com\/foxnews.com\/content\/uploads\/2025\/02\/686\/384\/health-nl-split-2-26.jpg?ve=1&amp;tl=1 2x\" height=\"192\" width=\"343\"><source media=\"(min-width: 768px) and (max-width: 1023px)\" srcset=\"https:\/\/a57.foxnews.com\/static.foxnews.com\/foxnews.com\/content\/uploads\/2025\/02\/672\/378\/health-nl-split-2-26.jpg?ve=1&amp;tl=1, https:\/\/a57.foxnews.com\/static.foxnews.com\/foxnews.com\/content\/uploads\/2025\/02\/1344\/756\/health-nl-split-2-26.jpg?ve=1&amp;tl=1 2x\" height=\"378\" width=\"672\"><source media=\"(min-width: 1024px) and (max-width: 1279px)\" srcset=\"https:\/\/a57.foxnews.com\/static.foxnews.com\/foxnews.com\/content\/uploads\/2025\/02\/931\/523\/health-nl-split-2-26.jpg?ve=1&amp;tl=1, https:\/\/a57.foxnews.com\/static.foxnews.com\/foxnews.com\/content\/uploads\/2025\/02\/1862\/1046\/health-nl-split-2-26.jpg?ve=1&amp;tl=1 2x\" height=\"523\" width=\"931\"><source media=\"(min-width: 1280px)\" srcset=\"https:\/\/a57.foxnews.com\/static.foxnews.com\/foxnews.com\/content\/uploads\/2025\/02\/720\/405\/health-nl-split-2-26.jpg?ve=1&amp;tl=1, https:\/\/a57.foxnews.com\/static.foxnews.com\/foxnews.com\/content\/uploads\/2025\/02\/1440\/810\/health-nl-split-2-26.jpg?ve=1&amp;tl=1 2x\" height=\"405\" width=\"720\"><img loading=\"lazy\" decoding=\"async\" src=\"https:\/\/a57.foxnews.com\/static.foxnews.com\/foxnews.com\/content\/uploads\/2025\/02\/1200\/675\/health-nl-split-2-26.jpg?ve=1&amp;tl=1\" alt=\"Salud NL Split 2-26\" width=\"1200\" height=\"675\"\/><\/source><\/source><\/source><\/source><\/picture><\/div>\n<div class=\"info\">\n<div class=\"caption\">\n<p><span>Las principales noticias de salud de esta semana incluyeron una actualizaci\u00f3n sobre la salud del Papa Francisco, el posible enlace de una vitamina con la demencia y la primera muerte del sarampi\u00f3n en medio del brote de Texas.<\/span> <span>(Istock; Getty)<\/span><\/p>\n<\/div>\n<\/div>\n<\/div>\n<h2>M\u00e1s en salud<\/h2>\n<p class=\"speakable\"><strong>Amor de toda la vida &#8211;<\/strong> Una pareja rompi\u00f3 el r\u00e9cord del matrimonio m\u00e1s antiguo. <i><strong>Continuar leyendo &#8230;<\/strong><\/i><\/p>\n<div class=\"ad-container tablet ad-h-50 ad-w-300\"> <!----> <!----><\/div>\n<div class=\"ad-container mobile ad-h-250 ad-w-300 ad-placeholder-load\"><!---->  <\/div>\n<p class=\"speakable\"><strong>Riesgos de vacuna <\/strong>&#8211; Un estudio de Yale revela por qu\u00e9 algunas personas reciben s\u00edntomas cr\u00f3nicos despu\u00e9s del disparo covid. <i><strong>Continuar leyendo &#8230;<\/strong><\/i><\/p>\n<p><strong>Ayudantes de salud<\/strong> &#8211; Estas 6 herramientas pr\u00e1cticas pueden ayudarlo a mantenerse al tanto de la salud del coraz\u00f3n. <\/p>\n<h3><strong>Sigue a Fox News en las redes sociales<\/strong><\/h3>\n<div class=\"ad-container desktop ad-h-50 ad-w-300\"> <!----> <!----><\/div>\n<p><u>Facebook<\/u><\/p>\n<div class=\"ad-container mobile ad-h-250 ad-w-300 ad-placeholder-load\"><!---->  <\/div>\n<p><u>Instagram<\/u><\/p>\n<div class=\"ad-container tablet ad-h-50 ad-w-300\"> <!----> <!----><\/div>\n<p><u>YouTube<\/u><\/p>\n<p><a href=\"https:\/\/twitter.com\/FoxNews\" target=\"_blank\" rel=\"noopener\"><u>Gorjeo<\/u><\/a><\/p>\n<div class=\"ad-container mobile ad-h-250 ad-w-300 ad-placeholder-load\"><!---->  <\/div>\n<p><u>LinkedIn<\/u><\/p>\n<h3><strong>Reg\u00edstrese en nuestros boletines<\/strong><\/h3>\n<p><u>Fox News primero<\/u><\/p>\n<div class=\"ad-container tablet ad-h-50 ad-w-300\"> <!----> <!----><\/div>\n<p><u>Opini\u00f3n de Fox News<\/u><\/p>\n<div class=\"ad-container desktop ad-h-50 ad-w-300\"> <!----> <!----><\/div>\n<div class=\"ad-container mobile ad-h-250 ad-w-300 ad-placeholder-load\"><!---->  <\/div>\n<p><u>Estilo de vida de Fox News<\/u><\/p>\n<p><u>Fox News Health<\/u><\/p>\n<p>Auto de Fox News<\/p>\n<p><u>Fox News Entertainment (Fox411)<\/u><\/p>\n<h3><strong>Descarga nuestras aplicaciones<\/strong><\/h3>\n<div class=\"ad-container tablet ad-h-50 ad-w-300\"> <!----> <!----><\/div>\n<div class=\"ad-container mobile ad-h-250 ad-w-300 ad-placeholder-load\"><!---->  <\/div>\n<p><u>Fox News<\/u><\/p>\n<p><u>Negocio de zorro<\/u><\/p>\n<p><u>Clima de zorro<\/u><\/p>\n<div class=\"ad-container mobile ad-h-250 ad-w-300 ad-placeholder-load\"><!---->  <\/div>\n<p><u>Fox Sports<\/u><\/p>\n<div class=\"ad-container desktop ad-h-50 ad-w-300\"> <!----> <!----><\/div>\n<div class=\"ad-container tablet ad-h-50 ad-w-300\"> <!----> <!----><\/div>\n<p><u>Tubi<\/u><\/p>\n<h3><strong>Mira Fox News Online<\/strong><\/h3>\n<p><u>Fox News Go<\/u><\/p>\n<h3><strong>Stream Fox Nation<\/strong><\/h3>\n<div class=\"ad-container mobile ad-h-250 ad-w-300 ad-placeholder-load\"><!---->  <\/div>\n<p><u>Naci\u00f3n zorro<\/u><\/p>\n<p> <!----> <\/p>\n<div class=\"article-meta\">\n<div class=\"author-bio\">\n<p>Este art\u00edculo fue escrito por el personal de Fox News.<\/p>\n<\/div>\n<\/div>\n<\/div>\n<p><script async src=\"https:\/\/platform.twitter.com\/widgets.js\" charset=\"utf-8\"><\/script><script async src=\"\/\/www.instagram.com\/embed.js\"><\/script><br \/>\n<br \/>\n","protected":false},"excerpt":{"rendered":"<p>El bolet\u00edn de salud de Fox News le brinda historias sobre los \u00faltimos desarrollos en atenci\u00f3n m\u00e9dica, bienestar, enfermedades, salud mental y m\u00e1s. Top 3: &#8211; Primer sarampi\u00f3n La muerte informada en medio de un brote de Texas &#8211; Comentarios del m\u00e9dico sobre la condici\u00f3n del Papa Francisco &#8211; Los bajos niveles de vitamina esencial &hellip;<\/p>\n","protected":false},"author":1,"featured_media":16439,"comment_status":"open","ping_status":"open","sticky":false,"template":"","format":"standard","meta":{"fifu_image_url":"https:\/\/a57.foxnews.com\/static.foxnews.com\/foxnews.com\/content\/uploads\/2025\/02\/1200\/675\/health-nl-split-2-26.jpg?ve=1&tl=1","fifu_image_alt":"","footnotes":""},"categories":[8],"tags":[],"class_list":["post-16437","post","type-post","status-publish","format-standard","has-post-thumbnail","","category-salud"],"_links":{"self":[{"href":"https:\/\/noticiasveraces.com\/index.php?rest_route=\/wp\/v2\/posts\/16437","targetHints":{"allow":["GET"]}}],"collection":[{"href":"https:\/\/noticiasveraces.com\/index.php?rest_route=\/wp\/v2\/posts"}],"about":[{"href":"https:\/\/noticiasveraces.com\/index.php?rest_route=\/wp\/v2\/types\/post"}],"author":[{"embeddable":true,"href":"https:\/\/noticiasveraces.com\/index.php?rest_route=\/wp\/v2\/users\/1"}],"replies":[{"embeddable":true,"href":"https:\/\/noticiasveraces.com\/index.php?rest_route=%2Fwp%2Fv2%2Fcomments&post=16437"}],"version-history":[{"count":0,"href":"https:\/\/noticiasveraces.com\/index.php?rest_route=\/wp\/v2\/posts\/16437\/revisions"}],"wp:featuredmedia":[{"embeddable":true,"href":"https:\/\/noticiasveraces.com\/index.php?rest_route=\/wp\/v2\/media\/16439"}],"wp:attachment":[{"href":"https:\/\/noticiasveraces.com\/index.php?rest_route=%2Fwp%2Fv2%2Fmedia&parent=16437"}],"wp:term":[{"taxonomy":"category","embeddable":true,"href":"https:\/\/noticiasveraces.com\/index.php?rest_route=%2Fwp%2Fv2%2Fcategories&post=16437"},{"taxonomy":"post_tag","embeddable":true,"href":"https:\/\/noticiasveraces.com\/index.php?rest_route=%2Fwp%2Fv2%2Ftags&post=16437"}],"curies":[{"name":"wp","href":"https:\/\/api.w.org\/{rel}","templated":true}]}}