{"id":16421,"date":"2025-02-27T00:15:08","date_gmt":"2025-02-27T04:15:08","guid":{"rendered":"https:\/\/noticiasveraces.com\/?p=16421"},"modified":"2025-02-27T00:15:08","modified_gmt":"2025-02-27T04:15:08","slug":"batalla-campal-en-partido-de-futbol-en-malaga-tras-una-brutal-agresion-a-artrenador","status":"publish","type":"post","link":"https:\/\/noticiasveraces.com\/?p=16421","title":{"rendered":"Batalla Campal en Partido de f\u00fatbol en M\u00e1laga Tras una brutal AGRESI\u00d3N A ARTRENADOR"},"content":{"rendered":"<p> \n<\/p>\n<div id=\"intext\">\n<p>En M\u00e1laga Han Sido testigos de una violenta Pelea este Pasado Domingo. El Partido de f\u00fatbol que Enfrentaba al Ban\u00fas f\u00fatbol y Miraflores Ciudad Acab\u00f3 con una brutal <b>Batalla Campal<\/b> Que Ha DeJado Un detenido y un Herido. TODO COMENZ\u00d3 TRAS LA EXPULSI\u00d3N DE UNO JUGADOR, LO QUE DESAT\u00d3 UNA DISCUSI\u00d3N DE PRONTO SE Convirti\u00f3 en una agresi\u00f3n Multitudinaria. En Medio del Caos, El Abrenador del Ban\u00fas f\u00fatbol Fue Derribado y Recibi\u00f3 Un Pu\u00f1etazo, Adem\u00e1s de Varias Patadas en El Suelo.<\/p>\n<p>La Polic\u00eda Nacional Tuvo que intervenir para el controlar la situaci\u00f3n y Detuvo a Uno de los implicados. Mientras Tanto, El T\u00e9cnico Agredido Recibi\u00f3 Atenti\u00f3n M\u00e9dica en El Propio Campo Debido A Los Golpes y Cortes Sufridos. ESTE LAMENTABLE ESPISODIO SE SUMA A OTROS INFIDENES DE VIOLENCIA EN EL FUTBOL BASE, REAVIVANDO EL DEBATE SOBRE LA SEGURIDAD EN LOS PARTIDOS Y LA NECESIDAD DE SANCIONES M\u00c1S SEVERAS CONTRA LOS AGRESORES.<\/p>\n<h2 class=\"title-h2\">Pelea multitudinaria en un partido en lanzarote<\/h2>\n<p>Este Mismo fin de semana se vivio <b>OTRO Episodio de Violencia en El Futbol<\/b>en concreto en el un partido Juvenil. Esta Vez, Ocurri\u00f3 en Canarias, concretamento en Lanzarote, Durante un partido en Arrecife Entre El Orientaci\u00f3n Mar\u00edtima y El Victoria.<\/p>\n<p>El Enfentamiento Tuvo Lugo en El Campo Municipal Puerto del Arrecife y TODO SE DESAT\u00d3 EN EL MINUTO 79. UNA DISCUSI\u00d3N Entre aficionados Fue Escalando Hasta involucrando a Los Jugadores de Ambos Equipos. Seg\u00fan El Acta Arbitral, El Conflmo Comenz\u00f3 Despu\u00e9s de Que El Equipo Visitante, El Victoria, <b>Celebra Su Gol del Empate de Manera Provocativa<\/b>.<\/p>\n<p>Las Im\u00e1genes Grabadas desde la Grada por una aficionada<b> AGRESIONES F\u00cdSICAS Entre Jugadores y Un Insulto Racista<\/b> por parte de un futbolista visitante a otro. En Medio del Caos, Un Espectador Grit\u00f3 Ironicamete: \u00ab\u00a1Se\u00f1ores, Viva el F\u00fatbol!\u00bb. Debido a la Gravedad de Los Hechos, El \u00c1rbitro <b>Decidi\u00f3 el suspender el Encuentro para evitar que la Pelea Fuera A m\u00e1s<\/b>. La concejal\u00eda de deportes de arrecife ha mostrado Su apoyo Jur\u00eddico al orientaci\u00f3n mar\u00edtima, en caso de que decida tomar medidas legals. Adem\u00e1s, ha extendido su respaldo a Cualquier oTro Club que sufra incidentes de racismo o xenofobia. Curiosam\u00e9, este suceso tuvo lugar tan solo un d\u00eda desespu\u00e9s del inicio de una campa\u00f1a contra la violencia en el deporte.<\/p>\n<p><i>Esguenos en nuestro <b>Canal de whatsapp<\/b> y no te Pierdas la \u00daltima Hora y Toda la actualidad de antena3noticias.com<\/i><\/p>\n<div class=\"recirculation-video\" data-mod=\"a3mod_recirculation_video\">\n<div class=\"recirculation-video-wrapper\">\n<div>\n<div class=\"video-wrapper\">\n  <picture class=\"video-main-picture\"><source media=\"(min-width: 481px)\" srcset=\"https:\/\/fotografias.antena3.com\/clipping\/cmsimages01\/2025\/02\/26\/45930035-1EAE-41EC-9FFA-A53011DA55B3\/graves-altercados-montjuic-lluvia-objetos-autobus-atletico-mossos_94.jpg?crop=640,360,x0,y0&amp;width=800&amp;height=450&amp;optimize=medium&amp;format=webply\" width=\"800\" height=\"450\"><source media=\"(min-width: 391px) and (max-width: 480px)\" srcset=\"https:\/\/fotografias.antena3.com\/clipping\/cmsimages01\/2025\/02\/26\/45930035-1EAE-41EC-9FFA-A53011DA55B3\/graves-altercados-montjuic-lluvia-objetos-autobus-atletico-mossos_70.jpg?crop=640,360,x0,y0&amp;width=480&amp;height=270&amp;optimize=high&amp;format=webply\" width=\"480\" height=\"270\"><source media=\"(min-width: 321px) and (max-width: 390px)\" srcset=\"https:\/\/fotografias.antena3.com\/clipping\/cmsimages01\/2025\/02\/26\/45930035-1EAE-41EC-9FFA-A53011DA55B3\/graves-altercados-montjuic-lluvia-objetos-autobus-atletico-mossos_92.jpg?crop=640,359,x0,y0&amp;width=390&amp;height=219&amp;optimize=high&amp;format=webply\" width=\"390\" height=\"219\"><source media=\"(max-width: 320px)\" srcset=\"https:\/\/fotografias.antena3.com\/clipping\/cmsimages01\/2025\/02\/26\/45930035-1EAE-41EC-9FFA-A53011DA55B3\/graves-altercados-montjuic-lluvia-objetos-autobus-atletico-mossos_52.jpg?crop=640,360,x0,y0&amp;width=320&amp;height=180&amp;optimize=high&amp;format=webply\" width=\"320\" height=\"180\"><img decoding=\"async\" title=\"Graves altercados en Montjuic: Lluvia de Objetos al Autob\u00fas del Atl\u00e9tico Ya los Mossos\" alt=\"Graves altercados en Montjuic: Lluvia de Objetos al Autob\u00fas del Atl\u00e9tico Ya los Mossos\" width=\"480\" height=\"270\" src=\"https:\/\/fotografias.antena3.com\/clipping\/cmsimages01\/2025\/02\/26\/45930035-1EAE-41EC-9FFA-A53011DA55B3\/graves-altercados-montjuic-lluvia-objetos-autobus-atletico-mossos_70.jpg?crop=640,360,x0,y0&amp;width=480&amp;height=270&amp;optimize=high&amp;format=webply\" loading=\"lazy\" class=\"lazy\"\/><br \/>\n  <\/source><\/source><\/source><\/source><\/picture>\n <\/div>\n<\/div><\/div>\n<\/p><\/div>\n<\/div>\n\n","protected":false},"excerpt":{"rendered":"<p>En M\u00e1laga Han Sido testigos de una violenta Pelea este Pasado Domingo. El Partido de f\u00fatbol que Enfrentaba al Ban\u00fas f\u00fatbol y Miraflores Ciudad Acab\u00f3 con una brutal Batalla Campal Que Ha DeJado Un detenido y un Herido. TODO COMENZ\u00d3 TRAS LA EXPULSI\u00d3N DE UNO JUGADOR, LO QUE DESAT\u00d3 UNA DISCUSI\u00d3N DE PRONTO SE Convirti\u00f3 &hellip;<\/p>\n","protected":false},"author":1,"featured_media":16423,"comment_status":"open","ping_status":"open","sticky":false,"template":"","format":"standard","meta":{"fifu_image_url":"https:\/\/fotografias.antena3.com\/clipping\/cmsimages01\/2025\/02\/26\/298AE713-82AD-48AF-8BA4-20477A306733\/batalla-campal-malaga_69.jpg?crop=1920,1080,x0,y0&width=1280&height=720&optimize=low&format=jpg","fifu_image_alt":"","footnotes":""},"categories":[6],"tags":[],"class_list":["post-16421","post","type-post","status-publish","format-standard","has-post-thumbnail","","category-deportes"],"_links":{"self":[{"href":"https:\/\/noticiasveraces.com\/index.php?rest_route=\/wp\/v2\/posts\/16421","targetHints":{"allow":["GET"]}}],"collection":[{"href":"https:\/\/noticiasveraces.com\/index.php?rest_route=\/wp\/v2\/posts"}],"about":[{"href":"https:\/\/noticiasveraces.com\/index.php?rest_route=\/wp\/v2\/types\/post"}],"author":[{"embeddable":true,"href":"https:\/\/noticiasveraces.com\/index.php?rest_route=\/wp\/v2\/users\/1"}],"replies":[{"embeddable":true,"href":"https:\/\/noticiasveraces.com\/index.php?rest_route=%2Fwp%2Fv2%2Fcomments&post=16421"}],"version-history":[{"count":0,"href":"https:\/\/noticiasveraces.com\/index.php?rest_route=\/wp\/v2\/posts\/16421\/revisions"}],"wp:featuredmedia":[{"embeddable":true,"href":"https:\/\/noticiasveraces.com\/index.php?rest_route=\/wp\/v2\/media\/16423"}],"wp:attachment":[{"href":"https:\/\/noticiasveraces.com\/index.php?rest_route=%2Fwp%2Fv2%2Fmedia&parent=16421"}],"wp:term":[{"taxonomy":"category","embeddable":true,"href":"https:\/\/noticiasveraces.com\/index.php?rest_route=%2Fwp%2Fv2%2Fcategories&post=16421"},{"taxonomy":"post_tag","embeddable":true,"href":"https:\/\/noticiasveraces.com\/index.php?rest_route=%2Fwp%2Fv2%2Ftags&post=16421"}],"curies":[{"name":"wp","href":"https:\/\/api.w.org\/{rel}","templated":true}]}}