{"id":16382,"date":"2025-02-26T18:14:36","date_gmt":"2025-02-26T22:14:36","guid":{"rendered":"https:\/\/noticiasveraces.com\/?p=16382"},"modified":"2025-02-26T18:14:36","modified_gmt":"2025-02-26T22:14:36","slug":"real-sociedad-real-madrid-partido-de-semifininales-de-la-copa-del-rey-en-direto","status":"publish","type":"post","link":"https:\/\/noticiasveraces.com\/?p=16382","title":{"rendered":"Real Sociedad &#8211; Real Madrid: Partido de Semifininales de la Copa del Rey, en Direto"},"content":{"rendered":"<p> \n<\/p>\n<div id=\"intext\">\n<p>El Reale Arena se Vista de Gala para la la Segunda semifinal semifinal de la Copa del Rey 2025 Entre <b>Real Sociedad y Real Madrid<\/b>. Tras Su Hist\u00f3rica Victoria EN 2020, Los de Imanol Buscan Repetir la Haza\u00f1a y Volver A UNA Final que no Pisan desde Entonces. Llega en Gran Forma, Con Cinco Victorias Seguidas en Casa, y Con la Ilusi\u00f3n de Tumbar al Vigente Campe\u00f3n de Liga y Campeones. El Madrid, Por Su Parte, Viene en Su mejor Momento Tras Su Recenthe Clasificaci\u00f3n A Octavos de Champions Eliminando Al Manchester City y Su Triunfo Ante El Girona. Los de Ancelotti Buscan Volver A UNA Copera Tras Quedarse en Octavos el A\u00f1o Pasado.<\/p>\n<p>En Copa, la Real Elimin\u00f3 a Jove Espa\u00f1ol, Conquense, Ponferradina, Rayo y Osasuna, Mientras que el Madrid Super\u00f3 a Minera, Celta y Legan\u00e9s. Los Vascos Tienen Buen Recuerdo del \u00datimo Partido Copero Entre Ambos Equipos EN 2020 Que Acab\u00f3 3-4, A\u00f1o en que Ganaron El T\u00cdtulo. Interno <b>Cuanto a Bajas,<\/b> La Real Solo Cuenta Con Las Ausencias de Traor\u00e9, Sucic y Pacheco, Mientras que en El Madrid no Estar\u00e1n Carvajal, Militao, Mbapp\u00e9, Valverde ni Courthois.<\/p>\n<p><i>Esguenos en nuestro <b>Canal de whatsapp<\/b> y no te Pierdas la \u00daltima Hora y Toda la actualidad de antena3noticias.com<\/i><\/p>\n<div class=\"recirculation-video\" data-mod=\"a3mod_recirculation_video\">\n<div class=\"recirculation-video-wrapper\">\n<div>\n<div class=\"video-wrapper\">\n  <picture class=\"video-main-picture\"><source media=\"(min-width: 481px)\" srcset=\"https:\/\/fotografias.antena3.com\/clipping\/cmsimages01\/2025\/02\/24\/2C83D11A-AB95-4308-BAAC-FC79E98DBCCE\/tragedia-sobrevuela-nazare-espeluznante-wipeout-will-santana-rescatador-jet-ski_94.jpg?crop=3264,1836,x0,y7&amp;width=800&amp;height=450&amp;optimize=medium&amp;format=webply\" width=\"800\" height=\"450\"><source media=\"(min-width: 391px) and (max-width: 480px)\" srcset=\"https:\/\/fotografias.antena3.com\/clipping\/cmsimages01\/2025\/02\/24\/2C83D11A-AB95-4308-BAAC-FC79E98DBCCE\/tragedia-sobrevuela-nazare-espeluznante-wipeout-will-santana-rescatador-jet-ski_70.jpg?crop=3264,1836,x0,y7&amp;width=480&amp;height=270&amp;optimize=high&amp;format=webply\" width=\"480\" height=\"270\"><source media=\"(min-width: 321px) and (max-width: 390px)\" srcset=\"https:\/\/fotografias.antena3.com\/clipping\/cmsimages01\/2025\/02\/24\/2C83D11A-AB95-4308-BAAC-FC79E98DBCCE\/tragedia-sobrevuela-nazare-espeluznante-wipeout-will-santana-rescatador-jet-ski_92.jpg?crop=3264,1833,x0,y9&amp;width=390&amp;height=219&amp;optimize=high&amp;format=webply\" width=\"390\" height=\"219\"><source media=\"(max-width: 320px)\" srcset=\"https:\/\/fotografias.antena3.com\/clipping\/cmsimages01\/2025\/02\/24\/2C83D11A-AB95-4308-BAAC-FC79E98DBCCE\/tragedia-sobrevuela-nazare-espeluznante-wipeout-will-santana-rescatador-jet-ski_52.jpg?crop=3264,1836,x0,y7&amp;width=320&amp;height=180&amp;optimize=high&amp;format=webply\" width=\"320\" height=\"180\"><img decoding=\"async\" title=\"La tragedia Sobrevuela Nazar\u00e9: Espeluznante Wipeout de Will Santana y Su Rescatador en Jet-Ski\" alt=\"La tragedia Sobrevuela Nazar\u00e9: Espeluznante Wipeout de Will Santana y Su Rescatador en Jet-Ski\" width=\"480\" height=\"270\" src=\"https:\/\/fotografias.antena3.com\/clipping\/cmsimages01\/2025\/02\/24\/2C83D11A-AB95-4308-BAAC-FC79E98DBCCE\/tragedia-sobrevuela-nazare-espeluznante-wipeout-will-santana-rescatador-jet-ski_70.jpg?crop=3264,1836,x0,y7&amp;width=480&amp;height=270&amp;optimize=high&amp;format=webply\" loading=\"lazy\" class=\"lazy\"\/><br \/>\n  <\/source><\/source><\/source><\/source><\/picture>\n <\/div>\n<\/div><\/div>\n<\/p><\/div>\n<\/div>\n\n","protected":false},"excerpt":{"rendered":"<p>El Reale Arena se Vista de Gala para la la Segunda semifinal semifinal de la Copa del Rey 2025 Entre Real Sociedad y Real Madrid. Tras Su Hist\u00f3rica Victoria EN 2020, Los de Imanol Buscan Repetir la Haza\u00f1a y Volver A UNA Final que no Pisan desde Entonces. Llega en Gran Forma, Con Cinco Victorias &hellip;<\/p>\n","protected":false},"author":1,"featured_media":16384,"comment_status":"open","ping_status":"open","sticky":false,"template":"","format":"standard","meta":{"fifu_image_url":"https:\/\/fotografias.antena3.com\/clipping\/cmsimages01\/2025\/02\/26\/5E7B296D-6D87-4D2F-990D-164C4AEC73EE\/real-sociedad-real-madrid_69.jpg?crop=1920,1080,x0,y0&width=1280&height=720&optimize=low&format=jpg","fifu_image_alt":"","footnotes":""},"categories":[6],"tags":[],"class_list":["post-16382","post","type-post","status-publish","format-standard","has-post-thumbnail","","category-deportes"],"_links":{"self":[{"href":"https:\/\/noticiasveraces.com\/index.php?rest_route=\/wp\/v2\/posts\/16382","targetHints":{"allow":["GET"]}}],"collection":[{"href":"https:\/\/noticiasveraces.com\/index.php?rest_route=\/wp\/v2\/posts"}],"about":[{"href":"https:\/\/noticiasveraces.com\/index.php?rest_route=\/wp\/v2\/types\/post"}],"author":[{"embeddable":true,"href":"https:\/\/noticiasveraces.com\/index.php?rest_route=\/wp\/v2\/users\/1"}],"replies":[{"embeddable":true,"href":"https:\/\/noticiasveraces.com\/index.php?rest_route=%2Fwp%2Fv2%2Fcomments&post=16382"}],"version-history":[{"count":0,"href":"https:\/\/noticiasveraces.com\/index.php?rest_route=\/wp\/v2\/posts\/16382\/revisions"}],"wp:featuredmedia":[{"embeddable":true,"href":"https:\/\/noticiasveraces.com\/index.php?rest_route=\/wp\/v2\/media\/16384"}],"wp:attachment":[{"href":"https:\/\/noticiasveraces.com\/index.php?rest_route=%2Fwp%2Fv2%2Fmedia&parent=16382"}],"wp:term":[{"taxonomy":"category","embeddable":true,"href":"https:\/\/noticiasveraces.com\/index.php?rest_route=%2Fwp%2Fv2%2Fcategories&post=16382"},{"taxonomy":"post_tag","embeddable":true,"href":"https:\/\/noticiasveraces.com\/index.php?rest_route=%2Fwp%2Fv2%2Ftags&post=16382"}],"curies":[{"name":"wp","href":"https:\/\/api.w.org\/{rel}","templated":true}]}}