{"id":16365,"date":"2025-02-26T14:31:35","date_gmt":"2025-02-26T18:31:35","guid":{"rendered":"https:\/\/noticiasveraces.com\/?p=16365"},"modified":"2025-02-26T14:31:35","modified_gmt":"2025-02-26T18:31:35","slug":"el-papa-francisco-continua-mejorando-pero-los-retornos-de-insuficiencia-renal-leve-vaticano","status":"publish","type":"post","link":"https:\/\/noticiasveraces.com\/?p=16365","title":{"rendered":"El Papa Francisco contin\u00faa mejorando, pero los retornos de &#8216;insuficiencia renal leve&#8217;: Vaticano"},"content":{"rendered":"<p> \n<\/p>\n<div>\n<p class=\"speakable\">El Papa Francisco ha mostrado una mejora \u00ableve\u00bb en las \u00faltimas 24 horas, pero permanece en estado cr\u00edtico, anunci\u00f3 el Vaticano el mi\u00e9rcoles.<\/p>\n<p class=\"speakable\">Francis, de 88 a\u00f1os, ha sido hospitalizado en Roma durante casi dos semanas, ya que su pron\u00f3stico permanece sin revelar. Regres\u00f3 a sus primeras actividades laborales a principios de esta semana, y la actualizaci\u00f3n del mi\u00e9rcoles dice que tambi\u00e9n llev\u00f3 a cabo algunas de sus deberes.<\/p>\n<p>\u00abLas condiciones cl\u00ednicas del Santo Padre en las \u00faltimas 24 horas han mostrado una mejora m\u00e1s ligera. La leve insuficiencia renal encontrada en los \u00faltimos d\u00edas ha regresado. La tomograf\u00eda computarizada del cofre, realizada anoche, mostr\u00f3 una evoluci\u00f3n normal de la imagen flog\u00edstica pulmonar . La qu\u00edmica de la sangre y los an\u00e1lisis de sangre confirmaron la mejora de ayer \u00ab, dijo el Vaticano en un comunicado.<\/p>\n<p>\u00abEl Santo Padre contin\u00faa con oxigenerapia de alto flujo; incluso hoy no ha presentado crisis respiratorias. Contin\u00faa la fisioterapia respiratoria. A pesar de registrar una ligera mejora, el pron\u00f3stico permanece confidencial. Durante la ma\u00f1ana, el Santo Padre recibi\u00f3 la Eucarist\u00eda. La tarde fue dedicada para actividades laborales \u00ab, continu\u00f3 la declaraci\u00f3n.<\/p>\n<p><strong><u>El Papa Francisco comparte un mensaje escrito mientras contin\u00faa la hospitalizaci\u00f3n<\/u><\/strong><\/p>\n<div class=\"image-ct inline\">\n<div class=\"m\"><picture><source media=\"(max-width: 767px)\" srcset=\"https:\/\/a57.foxnews.com\/static.foxnews.com\/foxnews.com\/content\/uploads\/2025\/02\/343\/192\/pope-francis-health-update_002-.jpg?ve=1&amp;tl=1, https:\/\/a57.foxnews.com\/static.foxnews.com\/foxnews.com\/content\/uploads\/2025\/02\/686\/384\/pope-francis-health-update_002-.jpg?ve=1&amp;tl=1 2x\" height=\"192\" width=\"343\"><source media=\"(min-width: 768px) and (max-width: 1023px)\" srcset=\"https:\/\/a57.foxnews.com\/static.foxnews.com\/foxnews.com\/content\/uploads\/2025\/02\/672\/378\/pope-francis-health-update_002-.jpg?ve=1&amp;tl=1, https:\/\/a57.foxnews.com\/static.foxnews.com\/foxnews.com\/content\/uploads\/2025\/02\/1344\/756\/pope-francis-health-update_002-.jpg?ve=1&amp;tl=1 2x\" height=\"378\" width=\"672\"><source media=\"(min-width: 1024px) and (max-width: 1279px)\" srcset=\"https:\/\/a57.foxnews.com\/static.foxnews.com\/foxnews.com\/content\/uploads\/2025\/02\/931\/523\/pope-francis-health-update_002-.jpg?ve=1&amp;tl=1, https:\/\/a57.foxnews.com\/static.foxnews.com\/foxnews.com\/content\/uploads\/2025\/02\/1862\/1046\/pope-francis-health-update_002-.jpg?ve=1&amp;tl=1 2x\" height=\"523\" width=\"931\"><source media=\"(min-width: 1280px)\" srcset=\"https:\/\/a57.foxnews.com\/static.foxnews.com\/foxnews.com\/content\/uploads\/2025\/02\/720\/405\/pope-francis-health-update_002-.jpg?ve=1&amp;tl=1, https:\/\/a57.foxnews.com\/static.foxnews.com\/foxnews.com\/content\/uploads\/2025\/02\/1440\/810\/pope-francis-health-update_002-.jpg?ve=1&amp;tl=1 2x\" height=\"405\" width=\"720\"><img loading=\"lazy\" decoding=\"async\" src=\"https:\/\/a57.foxnews.com\/static.foxnews.com\/foxnews.com\/content\/uploads\/2025\/02\/1200\/675\/pope-francis-health-update_002-.jpg?ve=1&amp;tl=1\" alt=\"Una foto del Papa Francisco en mejor salud\" width=\"1200\" height=\"675\"\/><\/source><\/source><\/source><\/source><\/picture><\/div>\n<div class=\"info\">\n<div class=\"caption\">\n<p><span>El Papa Francisco ha sido hospitalizado desde el 14 de febrero.<\/span> <span>(Simon Wohlfahrt\/AFP\/Getty)<\/span><\/p>\n<\/div>\n<\/div>\n<\/div>\n<p>Francis fue ingresado en el hospital el 14 de febrero despu\u00e9s de que un episodio de bronquitis de una semana empeor\u00f3. Los m\u00e9dicos primero diagnosticaron la compleja infecci\u00f3n del tracto respiratorio viral, bacteriano y f\u00fangico y, posteriormente, el inicio de neumon\u00eda en ambos pulmones.<\/p>\n<p><strong><u>El Papa Francisco de descanso pac\u00edfico en el hospital despu\u00e9s de la crisis respiratoria, dice el Vaticano<\/u><\/strong><\/p>\n<p>El domingo por la noche, los m\u00e9dicos dijeron que los an\u00e1lisis de sangre revelaron \u00abinsuficiencia renal temprana y leve\u00bb, pero que permaneci\u00f3 bajo control. Los m\u00e9dicos dijeron que Francis permaneci\u00f3 en <u>condici\u00f3n cr\u00edtica<\/u> pero no hab\u00eda experimentado m\u00e1s crisis respiratorias desde el s\u00e1bado por la noche.<\/p>\n<div class=\"image-ct inline\">\n<div class=\"m\"><picture><source media=\"(max-width: 767px)\" srcset=\"https:\/\/a57.foxnews.com\/static.foxnews.com\/foxnews.com\/content\/uploads\/2025\/02\/343\/192\/pope-hospital.jpg?ve=1&amp;tl=1, https:\/\/a57.foxnews.com\/static.foxnews.com\/foxnews.com\/content\/uploads\/2025\/02\/686\/384\/pope-hospital.jpg?ve=1&amp;tl=1 2x\" height=\"192\" width=\"343\"><source media=\"(min-width: 768px) and (max-width: 1023px)\" srcset=\"https:\/\/a57.foxnews.com\/static.foxnews.com\/foxnews.com\/content\/uploads\/2025\/02\/672\/378\/pope-hospital.jpg?ve=1&amp;tl=1, https:\/\/a57.foxnews.com\/static.foxnews.com\/foxnews.com\/content\/uploads\/2025\/02\/1344\/756\/pope-hospital.jpg?ve=1&amp;tl=1 2x\" height=\"378\" width=\"672\"><source media=\"(min-width: 1024px) and (max-width: 1279px)\" srcset=\"https:\/\/a57.foxnews.com\/static.foxnews.com\/foxnews.com\/content\/uploads\/2025\/02\/931\/523\/pope-hospital.jpg?ve=1&amp;tl=1, https:\/\/a57.foxnews.com\/static.foxnews.com\/foxnews.com\/content\/uploads\/2025\/02\/1862\/1046\/pope-hospital.jpg?ve=1&amp;tl=1 2x\" height=\"523\" width=\"931\"><source media=\"(min-width: 1280px)\" srcset=\"https:\/\/a57.foxnews.com\/static.foxnews.com\/foxnews.com\/content\/uploads\/2025\/02\/720\/405\/pope-hospital.jpg?ve=1&amp;tl=1, https:\/\/a57.foxnews.com\/static.foxnews.com\/foxnews.com\/content\/uploads\/2025\/02\/1440\/810\/pope-hospital.jpg?ve=1&amp;tl=1 2x\" height=\"405\" width=\"720\"><img loading=\"lazy\" decoding=\"async\" src=\"https:\/\/a57.foxnews.com\/static.foxnews.com\/foxnews.com\/content\/uploads\/2025\/02\/1200\/675\/pope-hospital.jpg?ve=1&amp;tl=1\" alt=\"La persona reza fuera del hospital donde el Papa Francisco est\u00e1 siendo tratado\" width=\"1200\" height=\"675\"\/><\/source><\/source><\/source><\/source><\/picture><\/div>\n<div class=\"info\">\n<div class=\"caption\">\n<p><span>Una mujer coloca un rosario en la estatua del difunto Papa Juan Pablo II fuera del Hospital Gemelli, donde el Papa Francisco es ingresado para recibir tratamiento, en Roma, Italia, el 22 de febrero de 2025. <\/span> <span>(Reuters\/Vincenzo Livieri)<\/span><\/p>\n<\/div>\n<\/div>\n<\/div>\n<p>Francis, que se quit\u00f3 una parte de un pulm\u00f3n cuando era m\u00e1s joven, recib\u00eda altos flujos de ox\u00edgeno suplementario y recibi\u00f3 dos transfusiones de sangre el domingo para aumentar los niveles de hemoglobina. Los m\u00e9dicos dijeron que su pron\u00f3stico estaba vigilado.<\/p>\n<p>El Papa estaba alerta y respondi\u00f3 el domingo y asisti\u00f3 a la misa.<\/p>\n<p>La condici\u00f3n de Francis es delicada, dada su edad, fragilidad y enfermedad pulmonar preexistente, dijeron los m\u00e9dicos. La principal amenaza para Francis, advirti\u00f3 los m\u00e9dicos, es la sepsis, una infecci\u00f3n grave de la sangre que puede surgir como una complicaci\u00f3n de la neumon\u00eda.<\/p>\n<div class=\"image-ct inline\">\n<div class=\"m\"><picture><source media=\"(max-width: 767px)\" srcset=\"https:\/\/a57.foxnews.com\/static.foxnews.com\/foxnews.com\/content\/uploads\/2025\/02\/343\/192\/0067e126-gettyimages-2199736730-scaled.jpg?ve=1&amp;tl=1, https:\/\/a57.foxnews.com\/static.foxnews.com\/foxnews.com\/content\/uploads\/2025\/02\/686\/384\/0067e126-gettyimages-2199736730-scaled.jpg?ve=1&amp;tl=1 2x\" height=\"192\" width=\"343\"><source media=\"(min-width: 768px) and (max-width: 1023px)\" srcset=\"https:\/\/a57.foxnews.com\/static.foxnews.com\/foxnews.com\/content\/uploads\/2025\/02\/672\/378\/0067e126-gettyimages-2199736730-scaled.jpg?ve=1&amp;tl=1, https:\/\/a57.foxnews.com\/static.foxnews.com\/foxnews.com\/content\/uploads\/2025\/02\/1344\/756\/0067e126-gettyimages-2199736730-scaled.jpg?ve=1&amp;tl=1 2x\" height=\"378\" width=\"672\"><source media=\"(min-width: 1024px) and (max-width: 1279px)\" srcset=\"https:\/\/a57.foxnews.com\/static.foxnews.com\/foxnews.com\/content\/uploads\/2025\/02\/931\/523\/0067e126-gettyimages-2199736730-scaled.jpg?ve=1&amp;tl=1, https:\/\/a57.foxnews.com\/static.foxnews.com\/foxnews.com\/content\/uploads\/2025\/02\/1862\/1046\/0067e126-gettyimages-2199736730-scaled.jpg?ve=1&amp;tl=1 2x\" height=\"523\" width=\"931\"><source media=\"(min-width: 1280px)\" srcset=\"https:\/\/a57.foxnews.com\/static.foxnews.com\/foxnews.com\/content\/uploads\/2025\/02\/720\/405\/0067e126-gettyimages-2199736730-scaled.jpg?ve=1&amp;tl=1, https:\/\/a57.foxnews.com\/static.foxnews.com\/foxnews.com\/content\/uploads\/2025\/02\/1440\/810\/0067e126-gettyimages-2199736730-scaled.jpg?ve=1&amp;tl=1 2x\" height=\"405\" width=\"720\"><img loading=\"lazy\" decoding=\"async\" src=\"https:\/\/a57.foxnews.com\/static.foxnews.com\/foxnews.com\/content\/uploads\/2025\/02\/1200\/675\/0067e126-gettyimages-2199736730-scaled.jpg?ve=1&amp;tl=1\" alt=\"Velas del Papa Francisco\" width=\"1200\" height=\"675\"\/><\/source><\/source><\/source><\/source><\/picture><\/div>\n<div class=\"info\">\n<div class=\"caption\">\n<p><span>Un fiel de Bolivia tiene velas del Papa Francisco cerca de una estatua del Papa Juan Pablo II fuera del Hospital Gemelli, donde el Papa Francisco es hospitalizado por pruebas y tratamiento para la bronquitis en Roma, el 18 de febrero de 2025.<\/span> <!----><\/p>\n<\/div>\n<\/div>\n<\/div>\n<p><strong><u>Haga clic aqu\u00ed para obtener la aplicaci\u00f3n Fox News<\/u><\/strong><\/p>\n<p>El martes es el d\u00eda 11 de Francis en el hospital, superando la hospitalizaci\u00f3n m\u00e1s larga de su papado. Pas\u00f3 10 d\u00edas en el Hospital Gemelli en 2021 despu\u00e9s de que le quitaron 13 pulgadas de colon.<\/p>\n<p>El cardenal Timothy Dolan dijo el domingo en Nueva York que el <u>Fiel cat\u00f3lico<\/u> estaban unidos \u00abal lado de un padre moribundo\u00bb, un reconocimiento del corto tiempo de Francis que dej\u00f3 que los l\u00edderes de la iglesia en Roma no han dicho p\u00fablicamente.<\/p>\n<p><i>Landon Mion de Fox News contribuy\u00f3 a este informe.<\/i><\/p>\n<p> <!----> <\/p>\n<div class=\"article-meta\">\n<div class=\"author-bio\">\n<p>Anders Hagstrom es un reportero de Fox News Digital que cubre la pol\u00edtica nacional y los principales eventos de noticias de \u00faltima hora. Env\u00ede consejos a Anders.hagstrom@fox.com, o en Twitter: @hagstrom_anders.<\/p>\n<\/div>\n<\/div>\n<\/div>\n\n","protected":false},"excerpt":{"rendered":"<p>El Papa Francisco ha mostrado una mejora \u00ableve\u00bb en las \u00faltimas 24 horas, pero permanece en estado cr\u00edtico, anunci\u00f3 el Vaticano el mi\u00e9rcoles. Francis, de 88 a\u00f1os, ha sido hospitalizado en Roma durante casi dos semanas, ya que su pron\u00f3stico permanece sin revelar. Regres\u00f3 a sus primeras actividades laborales a principios de esta semana, y &hellip;<\/p>\n","protected":false},"author":1,"featured_media":16367,"comment_status":"open","ping_status":"open","sticky":false,"template":"","format":"standard","meta":{"fifu_image_url":"https:\/\/static.foxnews.com\/foxnews.com\/content\/uploads\/2025\/02\/pope-francis-health-update_002-.jpg","fifu_image_alt":"","footnotes":""},"categories":[13],"tags":[],"class_list":["post-16365","post","type-post","status-publish","format-standard","has-post-thumbnail","","category-mundo"],"_links":{"self":[{"href":"https:\/\/noticiasveraces.com\/index.php?rest_route=\/wp\/v2\/posts\/16365","targetHints":{"allow":["GET"]}}],"collection":[{"href":"https:\/\/noticiasveraces.com\/index.php?rest_route=\/wp\/v2\/posts"}],"about":[{"href":"https:\/\/noticiasveraces.com\/index.php?rest_route=\/wp\/v2\/types\/post"}],"author":[{"embeddable":true,"href":"https:\/\/noticiasveraces.com\/index.php?rest_route=\/wp\/v2\/users\/1"}],"replies":[{"embeddable":true,"href":"https:\/\/noticiasveraces.com\/index.php?rest_route=%2Fwp%2Fv2%2Fcomments&post=16365"}],"version-history":[{"count":0,"href":"https:\/\/noticiasveraces.com\/index.php?rest_route=\/wp\/v2\/posts\/16365\/revisions"}],"wp:featuredmedia":[{"embeddable":true,"href":"https:\/\/noticiasveraces.com\/index.php?rest_route=\/wp\/v2\/media\/16367"}],"wp:attachment":[{"href":"https:\/\/noticiasveraces.com\/index.php?rest_route=%2Fwp%2Fv2%2Fmedia&parent=16365"}],"wp:term":[{"taxonomy":"category","embeddable":true,"href":"https:\/\/noticiasveraces.com\/index.php?rest_route=%2Fwp%2Fv2%2Fcategories&post=16365"},{"taxonomy":"post_tag","embeddable":true,"href":"https:\/\/noticiasveraces.com\/index.php?rest_route=%2Fwp%2Fv2%2Ftags&post=16365"}],"curies":[{"name":"wp","href":"https:\/\/api.w.org\/{rel}","templated":true}]}}