{"id":16362,"date":"2025-02-26T13:30:09","date_gmt":"2025-02-26T17:30:09","guid":{"rendered":"https:\/\/noticiasveraces.com\/?p=16362"},"modified":"2025-02-26T13:30:09","modified_gmt":"2025-02-26T17:30:09","slug":"pelantador-presidencial-rumano-detenido-despues-de-que-vance-condeno-las-democracias-europeas-de-la-era-sovietica","status":"publish","type":"post","link":"https:\/\/noticiasveraces.com\/?p=16362","title":{"rendered":"Pelantador presidencial rumano detenido despu\u00e9s de que Vance conden\u00f3 las democracias europeas de la era \u00absovi\u00e9tica\u00bb"},"content":{"rendered":"<p> \n<\/p>\n<div>\n<p class=\"speakable\">Calin Georgescu, un candidato populista de extrema derecha que gan\u00f3 la primera ronda de las elecciones presidenciales canceladas de Rumania el a\u00f1o pasado, fue detenido por los principales fiscales del pa\u00eds el mi\u00e9rcoles.<\/p>\n<p class=\"speakable\">Su equipo de comunicaciones dijo en Facebook que Georgescu fue detenido en el tr\u00e1fico en su camino para presentar su nueva candidatura para la presidencia cuando fue \u00abasustado a interrogar en la oficina del fiscal general\u00bb. <\/p>\n<p>Los fiscales del pa\u00eds dijeron el mi\u00e9rcoles que las autoridades allanaron 47 direcciones de personas y asociaciones relacionadas con Georgescu, inform\u00f3 Reuters. Los fiscales dijeron que las acusaciones en su contra inclu\u00edan \u00abdeclaraciones falsas con respecto a las fuentes de financiamiento\u00bb de una campa\u00f1a electoral, posesi\u00f3n ilegal de armas e iniciar o establecer una organizaci\u00f3n \u00abcon un personaje fascista, racista o xen\u00f3fobo\u00bb. Las autoridades registraron la casa del gerente de campa\u00f1a de Georgescu a principios de este mes. <\/p>\n<p>Georgescu dijo en Facebook que las autoridades \u00abest\u00e1n buscando inventar evidencia para justificar el robo de las elecciones y hacer cualquier cosa para bloquear mi nueva candidatura para la presidencia\u00bb. Pidi\u00f3 a los seguidores que asistieran a una protesta el s\u00e1bado en Bucarest.<\/p>\n<p><strong>La censura europea de estilo sovi\u00e9tica de Vance en el discurso de la Conferencia de Seguridad de Munich<\/strong><\/p>\n<div class=\"image-ct inline\">\n<div class=\"m\"><picture><source media=\"(max-width: 767px)\" srcset=\"https:\/\/a57.foxnews.com\/static.foxnews.com\/foxnews.com\/content\/uploads\/2025\/02\/343\/192\/ap25057420140823.jpg?ve=1&amp;tl=1, https:\/\/a57.foxnews.com\/static.foxnews.com\/foxnews.com\/content\/uploads\/2025\/02\/686\/384\/ap25057420140823.jpg?ve=1&amp;tl=1 2x\" height=\"192\" width=\"343\"><source media=\"(min-width: 768px) and (max-width: 1023px)\" srcset=\"https:\/\/a57.foxnews.com\/static.foxnews.com\/foxnews.com\/content\/uploads\/2025\/02\/672\/378\/ap25057420140823.jpg?ve=1&amp;tl=1, https:\/\/a57.foxnews.com\/static.foxnews.com\/foxnews.com\/content\/uploads\/2025\/02\/1344\/756\/ap25057420140823.jpg?ve=1&amp;tl=1 2x\" height=\"378\" width=\"672\"><source media=\"(min-width: 1024px) and (max-width: 1279px)\" srcset=\"https:\/\/a57.foxnews.com\/static.foxnews.com\/foxnews.com\/content\/uploads\/2025\/02\/931\/523\/ap25057420140823.jpg?ve=1&amp;tl=1, https:\/\/a57.foxnews.com\/static.foxnews.com\/foxnews.com\/content\/uploads\/2025\/02\/1862\/1046\/ap25057420140823.jpg?ve=1&amp;tl=1 2x\" height=\"523\" width=\"931\"><source media=\"(min-width: 1280px)\" srcset=\"https:\/\/a57.foxnews.com\/static.foxnews.com\/foxnews.com\/content\/uploads\/2025\/02\/720\/405\/ap25057420140823.jpg?ve=1&amp;tl=1, https:\/\/a57.foxnews.com\/static.foxnews.com\/foxnews.com\/content\/uploads\/2025\/02\/1440\/810\/ap25057420140823.jpg?ve=1&amp;tl=1 2x\" height=\"405\" width=\"720\"><img loading=\"lazy\" decoding=\"async\" src=\"https:\/\/a57.foxnews.com\/static.foxnews.com\/foxnews.com\/content\/uploads\/2025\/02\/1200\/675\/ap25057420140823.jpg?ve=1&amp;tl=1\" alt=\"Georgescu saluda a los seguidores\" width=\"1200\" height=\"675\"\/><\/source><\/source><\/source><\/source><\/picture><\/div>\n<div class=\"info\">\n<div class=\"caption\">\n<p><span>Calin Georgescu, el ganador de la primera ronda de las elecciones presidenciales de Rumania, anulada por el Tribunal Constitucional, olas a los partidarios reunidos para una protesta fuera del Parlamento rumano en Bucarest, Rumania, el s\u00e1bado 22 de febrero de 2025.<\/span> <span>(Photo AP\/Alexandru Dobre, archivo)<\/span><\/p>\n<\/div>\n<\/div>\n<\/div>\n<p>El primer ministro rumano Marcel Ciolacu dijo en X: \u00abEl poder judicial es independiente y la ley debe aplicarse independientemente de las personas\u00bb.<\/p>\n<p>Elon Musk, el multimillonario tecnol\u00f3gico involucrado con el Departamento de Eficiencia del Gobierno de la Administraci\u00f3n Trump, intervino.<\/p>\n<p>\u00abSimplemente arrestaron a la persona que gan\u00f3 la mayor cantidad de votos en las elecciones presidenciales rumanas. Esto est\u00e1 en mal estado\u00bb, escribi\u00f3 Musk. <\/p>\n<p>Musk ha criticado previamente al jefe de la corte superior rumana, el juez Marian Enache, quien vot\u00f3 para anular la primera ronda de las elecciones, como un \u00abtirano\u00bb. <\/p>\n<p>El Tribunal Constitucional de Rumania hizo el movimiento sin precedentes para anular las elecciones dos d\u00edas antes de la escorrent\u00eda del 8 de diciembre despu\u00e9s de la victoria de Georgescu en la primera ronda. Hab\u00eda encuestado en un solo d\u00edgito y declar\u00f3 cero gasto de campa\u00f1a, seg\u00fan Associated Press. R\u00e1pidamente surgieron acusaciones de interferencia rusa y violaciones electorales. Despu\u00e9s de la cancelaci\u00f3n de las elecciones, los fiscales iniciaron una investigaci\u00f3n sobre el presunto fraude de financiaci\u00f3n de la campa\u00f1a, as\u00ed como un presunto antisemitismo y discurso de odio. <\/p>\n<p>La administraci\u00f3n Trump ha criticado a Rumania por cancelar las elecciones presidenciales del a\u00f1o pasado, con el vicepresidente JD Vance alegando que el fallo del tribunal se bas\u00f3 en \u00absospechas endeble\u00bb y \u00abenorme presi\u00f3n\u00bb de los vecinos de Rumania.<\/p>\n<p>En la Conferencia de Seguridad de M\u00fanich, Vance dijo que la amenaza que m\u00e1s le preocupaba con respecto a Europa no era Rusia, China u otro factor externo. <\/p>\n<p>\u00abLo que me preocupa es la amenaza desde adentro: la retirada de Europa de algunos de sus valores m\u00e1s fundamentales, valores compartidos con los Estados Unidos de Am\u00e9rica\u00bb, dijo Vance. \u00abAhora, me sorprendi\u00f3 que un ex comisionado europeo saliera a la televisi\u00f3n recientemente y parec\u00eda encantado de que el gobierno rumano acababa de anular una elecci\u00f3n completa. Advirti\u00f3 que si las cosas no salen seg\u00fan lo planeado, lo mismo podr\u00eda suceder en Alemania tambi\u00e9n \u00bb  <\/p>\n<div class=\"image-ct inline\">\n<div class=\"m\"><picture><source media=\"(max-width: 767px)\" srcset=\"https:\/\/a57.foxnews.com\/static.foxnews.com\/foxnews.com\/content\/uploads\/2025\/02\/343\/192\/8f1d0b36-ap25045514841147.jpg?ve=1&amp;tl=1, https:\/\/a57.foxnews.com\/static.foxnews.com\/foxnews.com\/content\/uploads\/2025\/02\/686\/384\/8f1d0b36-ap25045514841147.jpg?ve=1&amp;tl=1 2x\" height=\"192\" width=\"343\"><source media=\"(min-width: 768px) and (max-width: 1023px)\" srcset=\"https:\/\/a57.foxnews.com\/static.foxnews.com\/foxnews.com\/content\/uploads\/2025\/02\/672\/378\/8f1d0b36-ap25045514841147.jpg?ve=1&amp;tl=1, https:\/\/a57.foxnews.com\/static.foxnews.com\/foxnews.com\/content\/uploads\/2025\/02\/1344\/756\/8f1d0b36-ap25045514841147.jpg?ve=1&amp;tl=1 2x\" height=\"378\" width=\"672\"><source media=\"(min-width: 1024px) and (max-width: 1279px)\" srcset=\"https:\/\/a57.foxnews.com\/static.foxnews.com\/foxnews.com\/content\/uploads\/2025\/02\/931\/523\/8f1d0b36-ap25045514841147.jpg?ve=1&amp;tl=1, https:\/\/a57.foxnews.com\/static.foxnews.com\/foxnews.com\/content\/uploads\/2025\/02\/1862\/1046\/8f1d0b36-ap25045514841147.jpg?ve=1&amp;tl=1 2x\" height=\"523\" width=\"931\"><source media=\"(min-width: 1280px)\" srcset=\"https:\/\/a57.foxnews.com\/static.foxnews.com\/foxnews.com\/content\/uploads\/2025\/02\/720\/405\/8f1d0b36-ap25045514841147.jpg?ve=1&amp;tl=1, https:\/\/a57.foxnews.com\/static.foxnews.com\/foxnews.com\/content\/uploads\/2025\/02\/1440\/810\/8f1d0b36-ap25045514841147.jpg?ve=1&amp;tl=1 2x\" height=\"405\" width=\"720\"><img loading=\"lazy\" decoding=\"async\" src=\"https:\/\/a57.foxnews.com\/static.foxnews.com\/foxnews.com\/content\/uploads\/2025\/02\/1200\/675\/8f1d0b36-ap25045514841147.jpg?ve=1&amp;tl=1\" alt=\"Vance se dirige a la conferencia de seguridad de Munich\" width=\"1200\" height=\"675\"\/><\/source><\/source><\/source><\/source><\/picture><\/div>\n<div class=\"info\">\n<div class=\"caption\">\n<p><span>El vicepresidente JD Vance se dirige a la Conferencia de Seguridad de Munich en el Hotel Bayerischer HOF en Munich el viernes 14 de febrero de 2025.<\/span> <span>(AP Photo\/Matthias Schrader)<\/span><\/p>\n<\/div>\n<\/div>\n<\/div>\n<p>\u00abAhora, estas declaraciones Cavalier son impactantes para los o\u00eddos estadounidenses\u00bb, dijo. \u00abDurante a\u00f1os, se nos ha dicho que todo lo que financiamos y el apoyo est\u00e1 en nombre de nuestros valores democr\u00e1ticos compartidos. Todo, desde nuestra pol\u00edtica de Ucrania hasta la censura digital, se anuncia como una defensa de la democracia. Pero cuando vemos a los tribunales europeos cancelando las elecciones y Altos funcionarios que amenazan con cancelar a otros, debemos preguntarnos si nos estamos manteniendo en un est\u00e1ndar apropiadamente alto \u00ab. <\/p>\n<p>Vance dijo en diciembre: \u00abRumania directamente cancel\u00f3 los resultados de una elecci\u00f3n presidencial basada en las endeble sospechas de una agencia de inteligencia y una enorme presi\u00f3n de sus vecinos continentales\u00bb. <\/p>\n<p><strong>Oligarca rumano pag\u00f3 a Hunter Biden para influir en la pol\u00edtica de los Estados Unidos, alega DOJ<\/strong><\/p>\n<p>\u00abEl argumento era que la desinformaci\u00f3n rusa hab\u00eda infectado las elecciones rumanas. Pero les hab\u00eda pedido a mis amigos europeos que tuvieran algo de perspectiva\u00bb, dijo Vance. \u00abPuedes creer que es incorrecto que Rusia compre anuncios en las redes sociales para influir en tus elecciones. Ciertamente lo hacemos. Puede condenarlo en el escenario mundial, incluso. Pero si tu democracia puede ser destruida con unos pocos cientos de miles de d\u00f3lares de publicidad digital desde Un pa\u00eds extranjero, entonces no fue muy fuerte para empezar \u00ab. <\/p>\n<p>Vance advirti\u00f3 a los l\u00edderes europeos que no pueden ganar un \u00abmandato democr\u00e1tico\u00bb al \u00abcensurar a sus oponentes o ponerlos en la c\u00e1rcel\u00bb, ni \u00abignorar a su electorado b\u00e1sico en preguntas como qui\u00e9n se trata de ser parte de nuestra sociedad compartida\u00bb. <\/p>\n<p>\u00abPara muchos de nosotros al otro lado del Atl\u00e1ntico, se parece cada vez m\u00e1s a los intereses viejos y arraigados que se esconden detr\u00e1s de las feas palabras de la era sovi\u00e9tica como la informaci\u00f3n err\u00f3nea y la desinformaci\u00f3n, a quienes simplemente no le gusta la idea de que alguien con un punto de vista alternativo pueda Exprese una opini\u00f3n diferente o, Dios no lo permita, vote de una manera diferente, o peor a\u00fan, gane una elecci\u00f3n \u00ab, dijo Vance. <\/p>\n<div class=\"image-ct inline\">\n<div class=\"m\"><picture><source media=\"(max-width: 767px)\" srcset=\"https:\/\/a57.foxnews.com\/static.foxnews.com\/foxnews.com\/content\/uploads\/2025\/02\/343\/192\/gettyimages-2200513922.jpg?ve=1&amp;tl=1, https:\/\/a57.foxnews.com\/static.foxnews.com\/foxnews.com\/content\/uploads\/2025\/02\/686\/384\/gettyimages-2200513922.jpg?ve=1&amp;tl=1 2x\" height=\"192\" width=\"343\"><source media=\"(min-width: 768px) and (max-width: 1023px)\" srcset=\"https:\/\/a57.foxnews.com\/static.foxnews.com\/foxnews.com\/content\/uploads\/2025\/02\/672\/378\/gettyimages-2200513922.jpg?ve=1&amp;tl=1, https:\/\/a57.foxnews.com\/static.foxnews.com\/foxnews.com\/content\/uploads\/2025\/02\/1344\/756\/gettyimages-2200513922.jpg?ve=1&amp;tl=1 2x\" height=\"378\" width=\"672\"><source media=\"(min-width: 1024px) and (max-width: 1279px)\" srcset=\"https:\/\/a57.foxnews.com\/static.foxnews.com\/foxnews.com\/content\/uploads\/2025\/02\/931\/523\/gettyimages-2200513922.jpg?ve=1&amp;tl=1, https:\/\/a57.foxnews.com\/static.foxnews.com\/foxnews.com\/content\/uploads\/2025\/02\/1862\/1046\/gettyimages-2200513922.jpg?ve=1&amp;tl=1 2x\" height=\"523\" width=\"931\"><source media=\"(min-width: 1280px)\" srcset=\"https:\/\/a57.foxnews.com\/static.foxnews.com\/foxnews.com\/content\/uploads\/2025\/02\/720\/405\/gettyimages-2200513922.jpg?ve=1&amp;tl=1, https:\/\/a57.foxnews.com\/static.foxnews.com\/foxnews.com\/content\/uploads\/2025\/02\/1440\/810\/gettyimages-2200513922.jpg?ve=1&amp;tl=1 2x\" height=\"405\" width=\"720\"><img loading=\"lazy\" decoding=\"async\" src=\"https:\/\/a57.foxnews.com\/static.foxnews.com\/foxnews.com\/content\/uploads\/2025\/02\/1200\/675\/gettyimages-2200513922.jpg?ve=1&amp;tl=1\" alt=\"El partidario de Georgescu posee un signo que agradece a JD Vance\" width=\"1200\" height=\"675\"\/><\/source><\/source><\/source><\/source><\/picture><\/div>\n<div class=\"info\">\n<div class=\"caption\">\n<p><span>Un partidario de Calin Georgescu posee un p\u00f3ster que dice \u00abGracias JD Vance por su apoyo\u00bb en una manifestaci\u00f3n y marcha en Bucarest, Rumania, el 22 de febrero de 2025.<\/span> <span>(Daniel Mihailescu\/AFP a trav\u00e9s de Getty Images)<\/span><\/p>\n<\/div>\n<\/div>\n<\/div>\n<p>Vance critic\u00f3 a\u00fan m\u00e1s a la corte principal de Rumania en la Conferencia de Acci\u00f3n Pol\u00edtica conservadora durante el fin de semana. <\/p>\n<p>\u00abNo tienes valores compartidos si cancelas las elecciones porque no te gusta el resultado, y eso sucedi\u00f3 en Rumania, si tienes tanto miedo de tu propia gente, las silencias y las calla\u00bb, dijo Vance. \u00abAs\u00ed que hemos compartido valores. Defendamos la democracia. Tengamos la libre expresi\u00f3n, no solo en los Estados Unidos, sino en todo el mundo occidental. Ese es el camino hacia las alianzas fuertes en Europa\u00bb.<\/p>\n<p>Miles de manifestantes salieron a las calles de Bucarest el s\u00e1bado para apoyar a Georgescu, quien ha negado repetidamente cualquier irregularidad y argument\u00f3 que las elecciones fueron \u00abcanceladas ilegalmente e inconstitucionalmente\u00bb.<\/p>\n<p>La primera ronda de la repetici\u00f3n de las elecciones est\u00e1 programada para el 4 de mayo. Si ning\u00fan candidato obtiene m\u00e1s del 50% de las boletas, una escorrent\u00eda seguir\u00e1 el 18 de mayo. No est\u00e1 claro si Georgescu podr\u00e1 participar en la votaci\u00f3n.<\/p>\n<p><strong><u>Haga clic aqu\u00ed para obtener la aplicaci\u00f3n Fox News<\/u><\/strong><\/p>\n<p>Georgescu, un firme cr\u00edtico de la OTAN y el apoyo occidental para Ucrania, ha provocado controversia en el pasado por describir a los l\u00edderes fascistas y nacionalistas rumanos de las d\u00e9cadas de 1930 y 1940 como h\u00e9roes nacionales, seg\u00fan la AP. <\/p>\n<p>Tambi\u00e9n ha elogiado al presidente ruso Vladimir Putin en el pasado como \u00abun hombre que ama a su pa\u00eds\u00bb, y ha llamado a Ucrania \u00abun estado inventado\u00bb.<\/p>\n<p><i>Associated Press contribuy\u00f3 a este informe.<\/i><\/p>\n<p> <!----> <\/p>\n<div class=\"article-meta\">\n<div class=\"author-bio\">\n<p>Danielle Wallace es reportera de noticias y pol\u00edticas en Fox News Digital. Los consejos de la historia se pueden enviar a danielle.wallace@fox.com y en X: @danimwallace. <\/p>\n<\/div>\n<\/div>\n<\/div>\n\n","protected":false},"excerpt":{"rendered":"<p>Calin Georgescu, un candidato populista de extrema derecha que gan\u00f3 la primera ronda de las elecciones presidenciales canceladas de Rumania el a\u00f1o pasado, fue detenido por los principales fiscales del pa\u00eds el mi\u00e9rcoles. Su equipo de comunicaciones dijo en Facebook que Georgescu fue detenido en el tr\u00e1fico en su camino para presentar su nueva candidatura &hellip;<\/p>\n","protected":false},"author":1,"featured_media":16364,"comment_status":"open","ping_status":"open","sticky":false,"template":"","format":"standard","meta":{"fifu_image_url":"https:\/\/static.foxnews.com\/foxnews.com\/content\/uploads\/2025\/02\/vance-georgescu-romania-front-runner.jpg","fifu_image_alt":"","footnotes":""},"categories":[13],"tags":[],"class_list":["post-16362","post","type-post","status-publish","format-standard","has-post-thumbnail","","category-mundo"],"_links":{"self":[{"href":"https:\/\/noticiasveraces.com\/index.php?rest_route=\/wp\/v2\/posts\/16362","targetHints":{"allow":["GET"]}}],"collection":[{"href":"https:\/\/noticiasveraces.com\/index.php?rest_route=\/wp\/v2\/posts"}],"about":[{"href":"https:\/\/noticiasveraces.com\/index.php?rest_route=\/wp\/v2\/types\/post"}],"author":[{"embeddable":true,"href":"https:\/\/noticiasveraces.com\/index.php?rest_route=\/wp\/v2\/users\/1"}],"replies":[{"embeddable":true,"href":"https:\/\/noticiasveraces.com\/index.php?rest_route=%2Fwp%2Fv2%2Fcomments&post=16362"}],"version-history":[{"count":0,"href":"https:\/\/noticiasveraces.com\/index.php?rest_route=\/wp\/v2\/posts\/16362\/revisions"}],"wp:featuredmedia":[{"embeddable":true,"href":"https:\/\/noticiasveraces.com\/index.php?rest_route=\/wp\/v2\/media\/16364"}],"wp:attachment":[{"href":"https:\/\/noticiasveraces.com\/index.php?rest_route=%2Fwp%2Fv2%2Fmedia&parent=16362"}],"wp:term":[{"taxonomy":"category","embeddable":true,"href":"https:\/\/noticiasveraces.com\/index.php?rest_route=%2Fwp%2Fv2%2Fcategories&post=16362"},{"taxonomy":"post_tag","embeddable":true,"href":"https:\/\/noticiasveraces.com\/index.php?rest_route=%2Fwp%2Fv2%2Ftags&post=16362"}],"curies":[{"name":"wp","href":"https:\/\/api.w.org\/{rel}","templated":true}]}}