{"id":16353,"date":"2025-02-26T12:28:24","date_gmt":"2025-02-26T16:28:24","guid":{"rendered":"https:\/\/noticiasveraces.com\/?p=16353"},"modified":"2025-02-26T12:28:24","modified_gmt":"2025-02-26T16:28:24","slug":"la-enfermera-que-dijo-que-no-trataria-a-los-israelies-ahora-enfrenta-multiples-cargos","status":"publish","type":"post","link":"https:\/\/noticiasveraces.com\/?p=16353","title":{"rendered":"La enfermera que dijo que no tratar\u00eda a los israel\u00edes ahora enfrenta m\u00faltiples cargos"},"content":{"rendered":"<p> \n<\/p>\n<div>\n<p class=\"speakable\">Una enfermera que supuestamente dijo que no tratar\u00eda a los pacientes israel\u00edes ahora enfrenta m\u00faltiples cargos federales en Australia. <\/p>\n<p class=\"speakable\">Sarah Abu Lebdeh, de 26 a\u00f1os, fue detenida el martes despu\u00e9s de que hizo los comentarios en un video publicado en l\u00ednea a principios de este mes, seg\u00fan The Associated Press. <\/p>\n<p>Abu Lebdeh y otra enfermera, Ahmed Rashid Nadir, fueron suspendidos del Hospital Bankstown-Lidcombe cerca de Sydney el 12 de febrero. Abu Lebdeh dijo en un video la noche anterior que no tratar\u00eda a los pacientes israel\u00edes, mientras que Nadir sugiri\u00f3 que hab\u00eda matado a Israelis, el AP inform\u00f3. <\/p>\n<p>Sin embargo, el hospital examin\u00f3 los registros de los pacientes y no encontr\u00f3 evidencia de que las enfermeras hubieran da\u00f1ado a los pacientes. <\/p>\n<p><strong>Los trabajadores de la salud australianos amenazan al hombre israel\u00ed, afirman haber matado a los jud\u00edos bajo su cuidado en la c\u00e1mara<\/strong><strong> <\/strong><\/p>\n<div class=\"image-ct inline\">\n<div class=\"m\"><picture><source media=\"(max-width: 767px)\" srcset=\"https:\/\/a57.foxnews.com\/static.foxnews.com\/foxnews.com\/content\/uploads\/2025\/02\/343\/192\/australian-health-care.jpg?ve=1&amp;tl=1, https:\/\/a57.foxnews.com\/static.foxnews.com\/foxnews.com\/content\/uploads\/2025\/02\/686\/384\/australian-health-care.jpg?ve=1&amp;tl=1 2x\" height=\"192\" width=\"343\"><source media=\"(min-width: 768px) and (max-width: 1023px)\" srcset=\"https:\/\/a57.foxnews.com\/static.foxnews.com\/foxnews.com\/content\/uploads\/2025\/02\/672\/378\/australian-health-care.jpg?ve=1&amp;tl=1, https:\/\/a57.foxnews.com\/static.foxnews.com\/foxnews.com\/content\/uploads\/2025\/02\/1344\/756\/australian-health-care.jpg?ve=1&amp;tl=1 2x\" height=\"378\" width=\"672\"><source media=\"(min-width: 1024px) and (max-width: 1279px)\" srcset=\"https:\/\/a57.foxnews.com\/static.foxnews.com\/foxnews.com\/content\/uploads\/2025\/02\/931\/523\/australian-health-care.jpg?ve=1&amp;tl=1, https:\/\/a57.foxnews.com\/static.foxnews.com\/foxnews.com\/content\/uploads\/2025\/02\/1862\/1046\/australian-health-care.jpg?ve=1&amp;tl=1 2x\" height=\"523\" width=\"931\"><source media=\"(min-width: 1280px)\" srcset=\"https:\/\/a57.foxnews.com\/static.foxnews.com\/foxnews.com\/content\/uploads\/2025\/02\/720\/405\/australian-health-care.jpg?ve=1&amp;tl=1, https:\/\/a57.foxnews.com\/static.foxnews.com\/foxnews.com\/content\/uploads\/2025\/02\/1440\/810\/australian-health-care.jpg?ve=1&amp;tl=1 2x\" height=\"405\" width=\"720\"><img loading=\"lazy\" decoding=\"async\" src=\"https:\/\/a57.foxnews.com\/static.foxnews.com\/foxnews.com\/content\/uploads\/2025\/02\/1200\/675\/australian-health-care.jpg?ve=1&amp;tl=1\" alt=\"Las enfermeras y las parteras se manifestan en Australia\" width=\"1200\" height=\"675\"\/><\/source><\/source><\/source><\/source><\/picture><\/div>\n<div class=\"info\">\n<div class=\"caption\">\n<p><span>Las enfermeras y los profesionales m\u00e9dicos se re\u00fanen durante una manifestaci\u00f3n contra el discurso de odio en Sydney, Australia, el jueves 13 de febrero.<\/span> <span>(Imagen Dean Lewins\/AAP a trav\u00e9s de AP)<\/span><\/p>\n<\/div>\n<\/div>\n<\/div>\n<p>El video publicado en l\u00ednea fue descrito como \u00abantisemita\u00bb por la Fuerza de Polic\u00eda de Nueva Gales del Sur. <\/p>\n<p>Agregaron que fue \u00abfilmado en el Hospital Bankstown y circul\u00f3 ampliamente en las redes sociales\u00bb. <\/p>\n<p>Abu Lebdeh fue acusado de los delitos federales de amenazar la violencia a un grupo, utilizando un servicio de transporte para amenazar con matar y usar un servicio de transporte para amenaza, acosar y ofender, dijo la polic\u00eda.  <\/p>\n<p>Los cargos conllevaron una posible pena m\u00e1xima de 22 a\u00f1os de prisi\u00f3n. <\/p>\n<p>Abu Lebdeh ha sido liberado bajo fianza y se espera que comparezca ante el tribunal el 19 de marzo. <\/p>\n<div class=\"image-ct inline\">\n<div class=\"m\"><picture><source media=\"(max-width: 767px)\" srcset=\"https:\/\/a57.foxnews.com\/static.foxnews.com\/foxnews.com\/content\/uploads\/2025\/02\/343\/192\/bankstown-lidcombe-hospital.jpg?ve=1&amp;tl=1, https:\/\/a57.foxnews.com\/static.foxnews.com\/foxnews.com\/content\/uploads\/2025\/02\/686\/384\/bankstown-lidcombe-hospital.jpg?ve=1&amp;tl=1 2x\" height=\"192\" width=\"343\"><source media=\"(min-width: 768px) and (max-width: 1023px)\" srcset=\"https:\/\/a57.foxnews.com\/static.foxnews.com\/foxnews.com\/content\/uploads\/2025\/02\/672\/378\/bankstown-lidcombe-hospital.jpg?ve=1&amp;tl=1, https:\/\/a57.foxnews.com\/static.foxnews.com\/foxnews.com\/content\/uploads\/2025\/02\/1344\/756\/bankstown-lidcombe-hospital.jpg?ve=1&amp;tl=1 2x\" height=\"378\" width=\"672\"><source media=\"(min-width: 1024px) and (max-width: 1279px)\" srcset=\"https:\/\/a57.foxnews.com\/static.foxnews.com\/foxnews.com\/content\/uploads\/2025\/02\/931\/523\/bankstown-lidcombe-hospital.jpg?ve=1&amp;tl=1, https:\/\/a57.foxnews.com\/static.foxnews.com\/foxnews.com\/content\/uploads\/2025\/02\/1862\/1046\/bankstown-lidcombe-hospital.jpg?ve=1&amp;tl=1 2x\" height=\"523\" width=\"931\"><source media=\"(min-width: 1280px)\" srcset=\"https:\/\/a57.foxnews.com\/static.foxnews.com\/foxnews.com\/content\/uploads\/2025\/02\/720\/405\/bankstown-lidcombe-hospital.jpg?ve=1&amp;tl=1, https:\/\/a57.foxnews.com\/static.foxnews.com\/foxnews.com\/content\/uploads\/2025\/02\/1440\/810\/bankstown-lidcombe-hospital.jpg?ve=1&amp;tl=1 2x\" height=\"405\" width=\"720\"><img loading=\"lazy\" decoding=\"async\" src=\"https:\/\/a57.foxnews.com\/static.foxnews.com\/foxnews.com\/content\/uploads\/2025\/02\/1200\/675\/bankstown-lidcombe-hospital.jpg?ve=1&amp;tl=1\" alt=\"Hospital Bankstown-Lidcombe\" width=\"1200\" height=\"675\"\/><\/source><\/source><\/source><\/source><\/picture><\/div>\n<div class=\"info\">\n<div class=\"caption\">\n<p><span>El Hospital Bankstown-Lidcombe cerca de Sydney, Australia, donde trabajaban las dos enfermeras.<\/span> <span>(Google Maps)<\/span><\/p>\n<\/div>\n<\/div>\n<\/div>\n<p><strong>La comunidad jud\u00eda de Australia alarmada por el creciente antisemitismo<\/strong><strong> <\/strong><\/p>\n<p>En el video, un hombre y una mujer, que dijo que eran m\u00e9dicos, hablaron con otro individuo a trav\u00e9s de Chatrouletka, un sitio web donde los extra\u00f1os se emparejan internacionalmente para tener conversaciones. <\/p>\n<p>Despu\u00e9s de que el hombre israel\u00ed revel\u00f3 su nacionalidad, la trabajadora dijo: \u00abEs el pa\u00eds de Palestina, no su pa\u00eds, usted &#8212;\u00ab, seg\u00fan el video. <\/p>\n<p>Cuando el hombre israel\u00ed pidi\u00f3 paz, la conversaci\u00f3n se intensific\u00f3 y la mujer dijo: \u00abCuando llegue el momento, quiero que recuerdes mi cara, para que puedas entender que morir\u00e1s la muerte m\u00e1s repugnante\u00bb. <\/p>\n<p>La pareja continu\u00f3 diciendo que no tratar\u00edan al hombre y lo matar\u00edan si viniera a su hospital. <\/p>\n<div class=\"image-ct inline\">\n<div class=\"m\"><picture><source media=\"(max-width: 767px)\" srcset=\"https:\/\/a57.foxnews.com\/static.foxnews.com\/foxnews.com\/content\/uploads\/2024\/05\/343\/192\/China-Australia-jet-incident.jpg?ve=1&amp;tl=1, https:\/\/a57.foxnews.com\/static.foxnews.com\/foxnews.com\/content\/uploads\/2024\/05\/686\/384\/China-Australia-jet-incident.jpg?ve=1&amp;tl=1 2x\" height=\"192\" width=\"343\"><source media=\"(min-width: 768px) and (max-width: 1023px)\" srcset=\"https:\/\/a57.foxnews.com\/static.foxnews.com\/foxnews.com\/content\/uploads\/2024\/05\/672\/378\/China-Australia-jet-incident.jpg?ve=1&amp;tl=1, https:\/\/a57.foxnews.com\/static.foxnews.com\/foxnews.com\/content\/uploads\/2024\/05\/1344\/756\/China-Australia-jet-incident.jpg?ve=1&amp;tl=1 2x\" height=\"378\" width=\"672\"><source media=\"(min-width: 1024px) and (max-width: 1279px)\" srcset=\"https:\/\/a57.foxnews.com\/static.foxnews.com\/foxnews.com\/content\/uploads\/2024\/05\/931\/523\/China-Australia-jet-incident.jpg?ve=1&amp;tl=1, https:\/\/a57.foxnews.com\/static.foxnews.com\/foxnews.com\/content\/uploads\/2024\/05\/1862\/1046\/China-Australia-jet-incident.jpg?ve=1&amp;tl=1 2x\" height=\"523\" width=\"931\"><source media=\"(min-width: 1280px)\" srcset=\"https:\/\/a57.foxnews.com\/static.foxnews.com\/foxnews.com\/content\/uploads\/2024\/05\/720\/405\/China-Australia-jet-incident.jpg?ve=1&amp;tl=1, https:\/\/a57.foxnews.com\/static.foxnews.com\/foxnews.com\/content\/uploads\/2024\/05\/1440\/810\/China-Australia-jet-incident.jpg?ve=1&amp;tl=1 2x\" height=\"405\" width=\"720\"><img loading=\"lazy\" decoding=\"async\" src=\"https:\/\/a57.foxnews.com\/static.foxnews.com\/foxnews.com\/content\/uploads\/2024\/05\/1200\/675\/China-Australia-jet-incident.jpg?ve=1&amp;tl=1\" alt=\"Primer ministro australiano Anthony Albanese\" width=\"1200\" height=\"675\"\/><\/source><\/source><\/source><\/source><\/picture><\/div>\n<div class=\"info\">\n<div class=\"caption\">\n<p><span>El primer ministro australiano, Anthony Albanese, describi\u00f3 los comentarios como \u00abviles\u00bb y conden\u00f3 las acciones de los trabajadores de la salud.<\/span> <span>(Joel Carrett\/Pool a trav\u00e9s de Reuters)<\/span><\/p>\n<\/div>\n<\/div>\n<\/div>\n<p><strong>Haga clic aqu\u00ed para obtener la aplicaci\u00f3n Fox News<\/strong><strong> <\/strong><\/p>\n<p>El hombre de Scrubs dijo: \u00abNo tienes idea de cu\u00e1ntos israel\u00edes vinieron a este hospital y &#8230;\u00bb, mientras deslizaba su brazo sobre su cuello en un movimiento de pendiente de la garganta. <\/p>\n<p><i>Alexandra Koch de Fox News, Beth Bailey y The Associated Press contribuyeron a este informe. <\/i><\/p>\n<p> <!----> <\/p>\n<div class=\"article-meta\">\n<div class=\"author-bio\">\n<p>Greg Norman es reportero de Fox News Digital.<\/p>\n<\/div>\n<\/div>\n<\/div>\n\n","protected":false},"excerpt":{"rendered":"<p>Una enfermera que supuestamente dijo que no tratar\u00eda a los pacientes israel\u00edes ahora enfrenta m\u00faltiples cargos federales en Australia. Sarah Abu Lebdeh, de 26 a\u00f1os, fue detenida el martes despu\u00e9s de que hizo los comentarios en un video publicado en l\u00ednea a principios de este mes, seg\u00fan The Associated Press. Abu Lebdeh y otra enfermera, &hellip;<\/p>\n","protected":false},"author":1,"featured_media":16355,"comment_status":"open","ping_status":"open","sticky":false,"template":"","format":"standard","meta":{"fifu_image_url":"https:\/\/static.foxnews.com\/foxnews.com\/content\/uploads\/2025\/02\/australian-health-care.jpg","fifu_image_alt":"","footnotes":""},"categories":[13],"tags":[],"class_list":["post-16353","post","type-post","status-publish","format-standard","has-post-thumbnail","","category-mundo"],"_links":{"self":[{"href":"https:\/\/noticiasveraces.com\/index.php?rest_route=\/wp\/v2\/posts\/16353","targetHints":{"allow":["GET"]}}],"collection":[{"href":"https:\/\/noticiasveraces.com\/index.php?rest_route=\/wp\/v2\/posts"}],"about":[{"href":"https:\/\/noticiasveraces.com\/index.php?rest_route=\/wp\/v2\/types\/post"}],"author":[{"embeddable":true,"href":"https:\/\/noticiasveraces.com\/index.php?rest_route=\/wp\/v2\/users\/1"}],"replies":[{"embeddable":true,"href":"https:\/\/noticiasveraces.com\/index.php?rest_route=%2Fwp%2Fv2%2Fcomments&post=16353"}],"version-history":[{"count":0,"href":"https:\/\/noticiasveraces.com\/index.php?rest_route=\/wp\/v2\/posts\/16353\/revisions"}],"wp:featuredmedia":[{"embeddable":true,"href":"https:\/\/noticiasveraces.com\/index.php?rest_route=\/wp\/v2\/media\/16355"}],"wp:attachment":[{"href":"https:\/\/noticiasveraces.com\/index.php?rest_route=%2Fwp%2Fv2%2Fmedia&parent=16353"}],"wp:term":[{"taxonomy":"category","embeddable":true,"href":"https:\/\/noticiasveraces.com\/index.php?rest_route=%2Fwp%2Fv2%2Fcategories&post=16353"},{"taxonomy":"post_tag","embeddable":true,"href":"https:\/\/noticiasveraces.com\/index.php?rest_route=%2Fwp%2Fv2%2Ftags&post=16353"}],"curies":[{"name":"wp","href":"https:\/\/api.w.org\/{rel}","templated":true}]}}