{"id":16344,"date":"2025-02-26T12:09:39","date_gmt":"2025-02-26T16:09:39","guid":{"rendered":"https:\/\/noticiasveraces.com\/?p=16344"},"modified":"2025-02-26T12:09:39","modified_gmt":"2025-02-26T16:09:39","slug":"muere-vini-desouza-prometector-futbolista-de-19-anos-de-manera-arrepentina","status":"publish","type":"post","link":"https:\/\/noticiasveraces.com\/?p=16344","title":{"rendered":"Muere Vini Desouza, Prometector Futbolista de 19 A\u00f1os, de Manera Arrepentina"},"content":{"rendered":"<p> \n<\/p>\n<div id=\"intext\">\n<p>Vini Desouza, Futbolista Brasile\u00f1o de 19 A\u00f1os que militaba en El Warrington Town FC de la Liga Nacional Norte (Sexta Divisi\u00f3n Inglesa), Ha Muerto de Forma Repentina.<\/p>\n<p>\u00abWarrington Town Lamenta Informar El Fallecimiento del Jugador del Opugo Juvenil Vini Desouza &#8230; Nacido en Brasil, Vini Crecio En Portugal Antes de Mudarse A Walkden, Cerca de Manchester, Hace 10 A\u00f1os\u00bb, informa el Club Ingl\u00e9s Confirmando el Fallecimiento del Jven.<\/p>\n<p>ESTA TEMPORADA VINI DESOUZA LLEVABA 7 Goles en 13 Partidos Con El Sub-21 Del Warrington Town.<\/p>\n<p>El Centrocampista Nacido en Brasil Acumulaba 17 Goles Y 12 Asistencias EN 42 Partidos para el Oquugo Sub-18 y Sub-21 del Club en Las \u00daltimas Dos temporadas y Hab\u00eda Jugado Con El Primer Equipo en La Cheshire Senior Senior Cup de la Temporada Pasada y Durante La pretemporada.<\/p>\n<p>\u00abVini era un Jugador Muy Querido y Valorado en Nuestro EquipO. Lo extra\u00f1ogaremos en el Campo, Pero a\u00fan M\u00e1s en el VestUario y Fuera del F\u00fatbol \u00ab, declar\u00f3 Sam Gill, Compa\u00f1ero del Joven Brasile\u00f1o, Tras Conocer Su Fallecimiento.<\/p>\n<p><i>S\u00edguenos en Nuestro Canal de Whatsapp y No te Pierdas la \u00daLtima Hora y Toda la actualidad de antena3noticias.com<\/i><\/p>\n<div class=\"recirculation-video\" data-mod=\"a3mod_recirculation_video\">\n<div class=\"recirculation-video-wrapper\">\n<div>\n<div class=\"video-wrapper\">\n  <picture class=\"video-main-picture\"><source media=\"(min-width: 481px)\" srcset=\"https:\/\/fotografias.antena3.com\/clipping\/cmsimages01\/2025\/02\/24\/CB54745B-2FB4-43A9-ADD7-0E9C4886A173\/andres-rico-anciano-fallecido-ser-agredido-partido-balonmano-diciembre-2024_94.jpg?crop=1682,946,x132,y0&amp;width=800&amp;height=450&amp;optimize=medium&amp;format=webply\" width=\"800\" height=\"450\"><source media=\"(min-width: 391px) and (max-width: 480px)\" srcset=\"https:\/\/fotografias.antena3.com\/clipping\/cmsimages01\/2025\/02\/24\/CB54745B-2FB4-43A9-ADD7-0E9C4886A173\/andres-rico-anciano-fallecido-ser-agredido-partido-balonmano-diciembre-2024_70.jpg?crop=1682,946,x132,y0&amp;width=480&amp;height=270&amp;optimize=high&amp;format=webply\" width=\"480\" height=\"270\"><source media=\"(min-width: 321px) and (max-width: 390px)\" srcset=\"https:\/\/fotografias.antena3.com\/clipping\/cmsimages01\/2025\/02\/24\/CB54745B-2FB4-43A9-ADD7-0E9C4886A173\/andres-rico-anciano-fallecido-ser-agredido-partido-balonmano-diciembre-2024_92.jpg?crop=1685,946,x129,y0&amp;width=390&amp;height=219&amp;optimize=high&amp;format=webply\" width=\"390\" height=\"219\"><source media=\"(max-width: 320px)\" srcset=\"https:\/\/fotografias.antena3.com\/clipping\/cmsimages01\/2025\/02\/24\/CB54745B-2FB4-43A9-ADD7-0E9C4886A173\/andres-rico-anciano-fallecido-ser-agredido-partido-balonmano-diciembre-2024_52.jpg?crop=1682,946,x132,y0&amp;width=320&amp;height=180&amp;optimize=high&amp;format=webply\" width=\"320\" height=\"180\"><img decoding=\"async\" title=\"Andr\u00e9s Rico, Anciano Fallecido Tras Ser Agredido en Un Partido de Balonmano en Diciembre de 2024\" alt=\"Andr\u00e9s Rico, Anciano Fallecido Tras Ser Agredido en Un Partido de Balonmano en Diciembre de 2024\" width=\"480\" height=\"270\" src=\"https:\/\/fotografias.antena3.com\/clipping\/cmsimages01\/2025\/02\/24\/CB54745B-2FB4-43A9-ADD7-0E9C4886A173\/andres-rico-anciano-fallecido-ser-agredido-partido-balonmano-diciembre-2024_70.jpg?crop=1682,946,x132,y0&amp;width=480&amp;height=270&amp;optimize=high&amp;format=webply\" loading=\"lazy\" class=\"lazy\"\/><br \/>\n  <\/source><\/source><\/source><\/source><\/picture>\n <\/div>\n<\/div><\/div>\n<\/p><\/div>\n<\/div>\n\n","protected":false},"excerpt":{"rendered":"<p>Vini Desouza, Futbolista Brasile\u00f1o de 19 A\u00f1os que militaba en El Warrington Town FC de la Liga Nacional Norte (Sexta Divisi\u00f3n Inglesa), Ha Muerto de Forma Repentina. \u00abWarrington Town Lamenta Informar El Fallecimiento del Jugador del Opugo Juvenil Vini Desouza &#8230; Nacido en Brasil, Vini Crecio En Portugal Antes de Mudarse A Walkden, Cerca de &hellip;<\/p>\n","protected":false},"author":1,"featured_media":16346,"comment_status":"open","ping_status":"open","sticky":false,"template":"","format":"standard","meta":{"fifu_image_url":"https:\/\/fotografias.antena3.com\/clipping\/cmsimages01\/2025\/02\/26\/B8027C0F-0C8C-47A5-B86D-8BC9F45EA07F\/futbolista-brasileno-vini-desouza_69.jpg?crop=900,506,x0,y0&width=1280&height=720&optimize=low&format=jpg","fifu_image_alt":"","footnotes":""},"categories":[6],"tags":[],"class_list":["post-16344","post","type-post","status-publish","format-standard","has-post-thumbnail","","category-deportes"],"_links":{"self":[{"href":"https:\/\/noticiasveraces.com\/index.php?rest_route=\/wp\/v2\/posts\/16344","targetHints":{"allow":["GET"]}}],"collection":[{"href":"https:\/\/noticiasveraces.com\/index.php?rest_route=\/wp\/v2\/posts"}],"about":[{"href":"https:\/\/noticiasveraces.com\/index.php?rest_route=\/wp\/v2\/types\/post"}],"author":[{"embeddable":true,"href":"https:\/\/noticiasveraces.com\/index.php?rest_route=\/wp\/v2\/users\/1"}],"replies":[{"embeddable":true,"href":"https:\/\/noticiasveraces.com\/index.php?rest_route=%2Fwp%2Fv2%2Fcomments&post=16344"}],"version-history":[{"count":0,"href":"https:\/\/noticiasveraces.com\/index.php?rest_route=\/wp\/v2\/posts\/16344\/revisions"}],"wp:featuredmedia":[{"embeddable":true,"href":"https:\/\/noticiasveraces.com\/index.php?rest_route=\/wp\/v2\/media\/16346"}],"wp:attachment":[{"href":"https:\/\/noticiasveraces.com\/index.php?rest_route=%2Fwp%2Fv2%2Fmedia&parent=16344"}],"wp:term":[{"taxonomy":"category","embeddable":true,"href":"https:\/\/noticiasveraces.com\/index.php?rest_route=%2Fwp%2Fv2%2Fcategories&post=16344"},{"taxonomy":"post_tag","embeddable":true,"href":"https:\/\/noticiasveraces.com\/index.php?rest_route=%2Fwp%2Fv2%2Ftags&post=16344"}],"curies":[{"name":"wp","href":"https:\/\/api.w.org\/{rel}","templated":true}]}}