{"id":16303,"date":"2025-02-26T04:30:30","date_gmt":"2025-02-26T08:30:30","guid":{"rendered":"https:\/\/noticiasveraces.com\/?p=16303"},"modified":"2025-02-26T04:30:30","modified_gmt":"2025-02-26T08:30:30","slug":"el-papa-francisco-tiene-una-noche-pacifica-en-el-hospital-en-medio-de-la-batalla-de-salud","status":"publish","type":"post","link":"https:\/\/noticiasveraces.com\/?p=16303","title":{"rendered":"El Papa Francisco tiene una &#8216;noche pac\u00edfica&#8217; en el hospital en medio de la batalla de salud"},"content":{"rendered":"<p> \n<br \/><img decoding=\"async\" src=\"https:\/\/media-cldnry.s-nbcnews.com\/image\/upload\/t_fit_1500w\/rockcms\/2025-02\/250225-pope-mb-0855-f3beab.jpg\" \/><\/p>\n<div>\n<p class=\"body-graf\">El Papa Francisco tuvo otra \u00abnoche pac\u00edfica\u00bb en el Hospital Gemelli de Roma y descansaba el mi\u00e9rcoles por la ma\u00f1ana mientras contin\u00faa recibiendo tratamiento para la neumon\u00eda doble, dijo el Vaticano.<\/p>\n<p class=\"body-graf\">La Santa Sede no proporcion\u00f3 m\u00e1s actualizaciones sobre la condici\u00f3n del pont\u00edfice de 88 a\u00f1os. <\/p>\n<p class=\"body-graf\">El martes, el Vaticano dijo que Francis continu\u00f3 mostrando una ligera mejora, a pesar de permanecer en estado cr\u00edtico. Hab\u00eda reanudado el trabajo y estaba comiendo normalmente, agreg\u00f3 el Vaticano. <\/p>\n<p class=\"body-graf\">Francis fue admitido<strong> <\/strong>al Hospital Gemelli el 14 de febrero y luego fue diagnosticado con neumon\u00eda doble o neumon\u00eda en ambos pulmones. Se orden\u00f3 a escaneos de compasivos computarizados adicionales el martes que monitoreen sus pulmones, mientras que el pron\u00f3stico del Papa permaneci\u00f3 \u00abreservado\u00bb, dijeron funcionarios de la iglesia. <\/p>\n<p class=\"body-graf\">No estaba claro si el pont\u00edfice permaneci\u00f3 en estado cr\u00edtico el mi\u00e9rcoles, y se esperaba que la Santa Sede proporcionara m\u00e1s actualizaciones. <\/p>\n<p class=\"endmark body-graf\">Cientos de personas se unen a una misa nocturna en la Plaza de San Pedro para rezar por el l\u00edder de los 1.400 millones de cat\u00f3licos del mundo. <\/p>\n<\/div>\n\n","protected":false},"excerpt":{"rendered":"<p>El Papa Francisco tuvo otra \u00abnoche pac\u00edfica\u00bb en el Hospital Gemelli de Roma y descansaba el mi\u00e9rcoles por la ma\u00f1ana mientras contin\u00faa recibiendo tratamiento para la neumon\u00eda doble, dijo el Vaticano. La Santa Sede no proporcion\u00f3 m\u00e1s actualizaciones sobre la condici\u00f3n del pont\u00edfice de 88 a\u00f1os. El martes, el Vaticano dijo que Francis continu\u00f3 mostrando &hellip;<\/p>\n","protected":false},"author":1,"featured_media":16305,"comment_status":"open","ping_status":"open","sticky":false,"template":"","format":"standard","meta":{"fifu_image_url":"https:\/\/media-cldnry.s-nbcnews.com\/image\/upload\/t_nbcnews-fp-1200-630,f_auto,q_auto:best\/rockcms\/2025-02\/250225-pope-mb-0855-f3beab.jpg","fifu_image_alt":"","footnotes":""},"categories":[4],"tags":[],"class_list":["post-16303","post","type-post","status-publish","format-standard","has-post-thumbnail","","category-historias-destacadas"],"_links":{"self":[{"href":"https:\/\/noticiasveraces.com\/index.php?rest_route=\/wp\/v2\/posts\/16303","targetHints":{"allow":["GET"]}}],"collection":[{"href":"https:\/\/noticiasveraces.com\/index.php?rest_route=\/wp\/v2\/posts"}],"about":[{"href":"https:\/\/noticiasveraces.com\/index.php?rest_route=\/wp\/v2\/types\/post"}],"author":[{"embeddable":true,"href":"https:\/\/noticiasveraces.com\/index.php?rest_route=\/wp\/v2\/users\/1"}],"replies":[{"embeddable":true,"href":"https:\/\/noticiasveraces.com\/index.php?rest_route=%2Fwp%2Fv2%2Fcomments&post=16303"}],"version-history":[{"count":0,"href":"https:\/\/noticiasveraces.com\/index.php?rest_route=\/wp\/v2\/posts\/16303\/revisions"}],"wp:featuredmedia":[{"embeddable":true,"href":"https:\/\/noticiasveraces.com\/index.php?rest_route=\/wp\/v2\/media\/16305"}],"wp:attachment":[{"href":"https:\/\/noticiasveraces.com\/index.php?rest_route=%2Fwp%2Fv2%2Fmedia&parent=16303"}],"wp:term":[{"taxonomy":"category","embeddable":true,"href":"https:\/\/noticiasveraces.com\/index.php?rest_route=%2Fwp%2Fv2%2Fcategories&post=16303"},{"taxonomy":"post_tag","embeddable":true,"href":"https:\/\/noticiasveraces.com\/index.php?rest_route=%2Fwp%2Fv2%2Ftags&post=16303"}],"curies":[{"name":"wp","href":"https:\/\/api.w.org\/{rel}","templated":true}]}}