{"id":16268,"date":"2025-02-25T22:40:10","date_gmt":"2025-02-26T02:40:10","guid":{"rendered":"https:\/\/noticiasveraces.com\/?p=16268"},"modified":"2025-02-25T22:40:10","modified_gmt":"2025-02-26T02:40:10","slug":"el-papa-francisco-sigue-critico-pero-estable-dw-26-02-2025","status":"publish","type":"post","link":"https:\/\/noticiasveraces.com\/?p=16268","title":{"rendered":"El Papa Francisco Sigue \u00abCr\u00edtico pero estable\u00bb &#8211; DW &#8211; 26\/02\/2025"},"content":{"rendered":"<p> \n<\/p>\n<div>\n<p>El Papa Francisco, Que Padece una Doble Neumon\u00eda, Sigue \u00abCrytico Pero Estable\u00bb, Anunci\u00f3 El Vaticano El Martes (25.02.2025) Por la Noche, en el 12\u00ba D\u00eda de Su Hospitalizaci\u00f3n, Subryando Que el Pont\u00edfice, de 88 aenos, Hab\u00eda Trabajinado Durante El D\u00eda.<\/p>\n<p>\u00abEl Estado Cl\u00ednico del Santo Padre Sigue Sido crytico Pero estable\u00bb, indic\u00f3 la santa sede en un breve comunicado, en el de agreg\u00f3 que \u00abel pron\u00f3stico permanece reservado\u00bb.<\/p>\n<p>La Salud de Jorge Bergoglio Preocupa en TODO El Mundo El Vaticano Precis\u00f3 Que El Jesuita Permanece Activo: \u00abPor la Ma\u00f1ana, Despu\u00e9s de Recibir la Eucarist\u00eda, Reanud\u00f3 Su Trabajo\u00bb.<\/p>\n<p>Adem\u00e1s, se a veces a un \u00abtac [tomograf\u00eda computarizada] De Control Programado Para El Monitoreeo Radiol\u00f3gico de la Neumon\u00eda bilateral \u00ab, una infecciosa del tejido pulmonar potencialmente mortal.<\/p>\n<p>Por la Noche, Decenas de Miembros de la Comunidad Argentina en Roma se Congregaron en su Iglesia \u00abNacional\u00bb, Santa Mar\u00eda Dolorosa, Para Orar Por Su Compatriota.<\/p>\n<p>Ante Una Iglesia, Presidida por la Bandera Argentina y la Virgen de Luj\u00e1n, Su Patrona, El Cardenal Italiano Baldo Reina Recllam\u00f3 una \u00abORACI\u00d3N CORAL\u00bb PARA QUE \u00abEL Se\u00f1or D\u00e9 al Papa Francisco Salud, Fortaleza (&#8230;), Capacidad para Enfrentar Este Momento \u00ab.<\/p>\n<figure class=\"placeholder-image master_landscape big\"><img data-format=\"MASTER_LANDSCAPE\" data-id=\"71750427\" data-url=\"https:\/\/static.dw.com\/image\/71750427_${formatId}.jpg\" data-aspect-ratio=\"16\/9\" alt=\"Numerosos Miembros de la Curia y Cientos de Fieles Asistieron Este Martas Al Rosario por la Salud del Papa Francisco en la Plaza de San Pedro, en la Segunda Noche consecutiva de oraci\u00f3nica por el Pont\u00edfice, Hospitalizado de Permanece.\" style=\"padding-bottom: 56.25%; height: 0; max-height: 0;\"\/><figcaption class=\"img-caption\">Numerosos Miembros de la Curia Este Martes Al Rosario por la Salud del Papa Francisco en la Plaza de San Pedro, en la Sebunda Noche Consecutiva de Oraci\u00f3n Por El Pont\u00edfice, Que Permanece Hospitalizado.<small class=\"copyright\">Imagen: Riccardo de Luca\/Avalon\/Photoshot\/Picture Alliance<\/small><\/figcaption><\/figure>\n<h2>Rezos en la Plaza de San Pedro<\/h2>\n<p>Horas Antes, Pese a la Lluvia, Cientos de Fieles se Congregaron por Segundo d\u00eda Consecutivo en la Plaza de San Pedro Para Rezar para que el Papa se recupere.<\/p>\n<p><span data-slot-id=\"Article_InContent-1\" class=\"rich-text-ad\"\/><\/p>\n<p>La escena registro un las las concentraciones de las hubo antes de que se Muriera Juan Pablo II, EN 2005, Pero el Cardenal Hondure\u00f1o \u00d3Scar Rodr\u00edguez Maradiaga, Quien Coordin\u00f3 El Consejo de Cardenales del Papa, Se\u00f1al\u00f3 que \u00abAUn no MomentO Para de Leo de SE VAYE VAYO VAYO Cielo \u00ab.<\/p>\n<p>\u00abEs alguien que no retrocedan ante las dificultades, no se desanima, no se paraliza no deja de avanzar\u00bb, dijo al diario la repubblica.<\/p>\n<p>Frente al Hospital Gemelli se Congreg\u00f3 una multitud de Fieles de Origen Vietnamita, Rezando y Cantando, Observ\u00f3 Afptv.<\/p>\n<p>ESTA Hospitalizaci\u00f3, La Cuarta y M\u00e1s Larga desde 2021, Est\u00e1 Causando Gran Preocupacia por los Problemas Previos que Han Debilitado La Salud del Papa en Los \u00datimos A\u00f1os. Entre Otras Cosas, se ha surido a las operaciones en el colon y el abdomen y ha tenido Dificultades para caminar.<\/p>\n<p>LA Hospitalizaci\u00f3 del papa, L\u00edder Espiritual de 1.400 Millones de Cat\u00f3licos, Ha Reeberto las Interrogantes Sobre Su Capacidad para Desempe\u00f1a Sus Funciones. El Derecho Can\u00f3nico no Prev\u00e9 ninguna disposici\u00f3n en Casa de un problema tumba que pueda afectar a su lucidez.<\/p>\n<p>Tambi\u00e9n reaviv\u00f3 las Especificaciones Sobre la Posibilidad de que Francisco Renuncie, Aunque Ha Dicho Varias Veces Que Momento a\u00fan no ha lllegado.<\/p>\n<p>JC (AFP, AP, Efe)<\/p>\n<div class=\"vjs-wrapper embed big\">\n<h2 aria-label=\"Video integrado \u2014 Roma preocupada por la salud del Papa\" class=\"headline\"><svg xmlns=\"http:\/\/www.w3.org\/2000\/svg\" viewbox=\"0 0 20 20\"><g fill-rule=\"evenodd\"><path d=\"M14.114 7.599H13.5l.002 4.706h.601l4.582 3.25-.005-11.11zM11.084 4.444l-9.007.002-1.336.797.002 9.514 1.334.793 9.007.006 1.509-.799-.004-9.516z\"\/><\/g><\/svg>Roma preocupada por la Salud del Papa<\/h2>\n<p><video id=\"video-71749857\" controls=\"\" playsinline=\"\" preload=\"none\" poster=\"data:image\/png;base64,iVBORw0KGgoAAAANSUhEUgAAAAEAAAABCAQAAAC1HAwCAAAAC0lEQVR42mNkYAAAAAYAAjCB0C8AAAAASUVORK5CYII=\" data-id=\"71749857\" data-posterurl=\"https:\/\/static.dw.com\/image\/71726378_605.webp\" data-duration=\"01:52\"><source src=\"https:\/\/hlsvod.dw.com\/i\/dwtv_video\/flv\/js\/js20250225_POPEnn19B_,AVC_480x270,AVC_512x288,AVC_640x360,AVC_960x540,AVC_1280x720,AVC_1920x1080,.mp4.csmil\/master.m3u8\" type=\"application\/x-mpegURL\"><source src=\"https:\/\/tvdownloaddw-a.akamaihd.net\/dwtv_video\/flv\/js\/js20250225_POPEnn19B_AVC_1920x1080.mp4\" type=\"video\/mp4\"><p class=\"vjs-no-js\">Para ver este video, habilite JavaScript y considere actualizar a un navegador web que admite el video HTML5<\/p>\n<p><\/source><\/source><\/video><\/div>\n<\/div>\n\n","protected":false},"excerpt":{"rendered":"<p>El Papa Francisco, Que Padece una Doble Neumon\u00eda, Sigue \u00abCrytico Pero Estable\u00bb, Anunci\u00f3 El Vaticano El Martes (25.02.2025) Por la Noche, en el 12\u00ba D\u00eda de Su Hospitalizaci\u00f3n, Subryando Que el Pont\u00edfice, de 88 aenos, Hab\u00eda Trabajinado Durante El D\u00eda. \u00abEl Estado Cl\u00ednico del Santo Padre Sigue Sido crytico Pero estable\u00bb, indic\u00f3 la santa sede &hellip;<\/p>\n","protected":false},"author":1,"featured_media":16269,"comment_status":"open","ping_status":"open","sticky":false,"template":"","format":"standard","meta":{"fifu_image_url":"https:\/\/static.dw.com\/image\/71750443_6.jpg","fifu_image_alt":"","footnotes":""},"categories":[13],"tags":[],"class_list":["post-16268","post","type-post","status-publish","format-standard","has-post-thumbnail","","category-mundo"],"_links":{"self":[{"href":"https:\/\/noticiasveraces.com\/index.php?rest_route=\/wp\/v2\/posts\/16268","targetHints":{"allow":["GET"]}}],"collection":[{"href":"https:\/\/noticiasveraces.com\/index.php?rest_route=\/wp\/v2\/posts"}],"about":[{"href":"https:\/\/noticiasveraces.com\/index.php?rest_route=\/wp\/v2\/types\/post"}],"author":[{"embeddable":true,"href":"https:\/\/noticiasveraces.com\/index.php?rest_route=\/wp\/v2\/users\/1"}],"replies":[{"embeddable":true,"href":"https:\/\/noticiasveraces.com\/index.php?rest_route=%2Fwp%2Fv2%2Fcomments&post=16268"}],"version-history":[{"count":0,"href":"https:\/\/noticiasveraces.com\/index.php?rest_route=\/wp\/v2\/posts\/16268\/revisions"}],"wp:featuredmedia":[{"embeddable":true,"href":"https:\/\/noticiasveraces.com\/index.php?rest_route=\/wp\/v2\/media\/16269"}],"wp:attachment":[{"href":"https:\/\/noticiasveraces.com\/index.php?rest_route=%2Fwp%2Fv2%2Fmedia&parent=16268"}],"wp:term":[{"taxonomy":"category","embeddable":true,"href":"https:\/\/noticiasveraces.com\/index.php?rest_route=%2Fwp%2Fv2%2Fcategories&post=16268"},{"taxonomy":"post_tag","embeddable":true,"href":"https:\/\/noticiasveraces.com\/index.php?rest_route=%2Fwp%2Fv2%2Ftags&post=16268"}],"curies":[{"name":"wp","href":"https:\/\/api.w.org\/{rel}","templated":true}]}}