{"id":16247,"date":"2025-02-25T19:40:13","date_gmt":"2025-02-25T23:40:13","guid":{"rendered":"https:\/\/noticiasveraces.com\/?p=16247"},"modified":"2025-02-25T19:40:13","modified_gmt":"2025-02-25T23:40:13","slug":"el-medico-proporciona-actualizacion-sobre-el-estado-de-salud-y-el-pronostico-del-papa-francisco","status":"publish","type":"post","link":"https:\/\/noticiasveraces.com\/?p=16247","title":{"rendered":"El m\u00e9dico proporciona actualizaci\u00f3n sobre el estado de salud y el pron\u00f3stico del Papa Francisco"},"content":{"rendered":"<p> \n<\/p>\n<div>\n<p class=\"speakable\">\u00bfVivir\u00e1 el Papa Francisco? \u00bfVa a morir? \u00bfPermanecer\u00e1 como Papa? <\/p>\n<p class=\"speakable\">\u00bfCu\u00e1nto se puede aprender de los anuncios del Vaticano diario o dos veces al d\u00eda y de los informes de los medios?<\/p>\n<p>A continuaci\u00f3n se presentan mis respuestas actuales, basadas en mi interpretaci\u00f3n de la informaci\u00f3n disponible (que, por supuesto, est\u00e1 sujeta a cambios).<\/p>\n<p><strong><u>Condici\u00f3n m\u00e9dica del Papa Francisco: qu\u00e9 saber sobre la neumon\u00eda bilateral<\/u><\/strong><\/p>\n<p>El Papa tiene una larga historia de problemas m\u00e9dicos, incluidas las infecciones respiratorias. En 1957, se le quit\u00f3 un pedazo de pulm\u00f3n. <\/p>\n<p>(A pesar de esto, el Papa Francisco no es un fumador, y de hecho orden\u00f3 una prohibici\u00f3n de la venta de cigarrillos en la tienda libre de impuestos del Vaticano a partir de 2018).<\/p>\n<div class=\"image-ct inline\">\n<div class=\"m\"><picture><source media=\"(max-width: 767px)\" srcset=\"https:\/\/a57.foxnews.com\/static.foxnews.com\/foxnews.com\/content\/uploads\/2025\/02\/343\/192\/pope-francis-dead_15.jpg?ve=1&amp;tl=1, https:\/\/a57.foxnews.com\/static.foxnews.com\/foxnews.com\/content\/uploads\/2025\/02\/686\/384\/pope-francis-dead_15.jpg?ve=1&amp;tl=1 2x\" height=\"192\" width=\"343\"><source media=\"(min-width: 768px) and (max-width: 1023px)\" srcset=\"https:\/\/a57.foxnews.com\/static.foxnews.com\/foxnews.com\/content\/uploads\/2025\/02\/672\/378\/pope-francis-dead_15.jpg?ve=1&amp;tl=1, https:\/\/a57.foxnews.com\/static.foxnews.com\/foxnews.com\/content\/uploads\/2025\/02\/1344\/756\/pope-francis-dead_15.jpg?ve=1&amp;tl=1 2x\" height=\"378\" width=\"672\"><source media=\"(min-width: 1024px) and (max-width: 1279px)\" srcset=\"https:\/\/a57.foxnews.com\/static.foxnews.com\/foxnews.com\/content\/uploads\/2025\/02\/931\/523\/pope-francis-dead_15.jpg?ve=1&amp;tl=1, https:\/\/a57.foxnews.com\/static.foxnews.com\/foxnews.com\/content\/uploads\/2025\/02\/1862\/1046\/pope-francis-dead_15.jpg?ve=1&amp;tl=1 2x\" height=\"523\" width=\"931\"><source media=\"(min-width: 1280px)\" srcset=\"https:\/\/a57.foxnews.com\/static.foxnews.com\/foxnews.com\/content\/uploads\/2025\/02\/720\/405\/pope-francis-dead_15.jpg?ve=1&amp;tl=1, https:\/\/a57.foxnews.com\/static.foxnews.com\/foxnews.com\/content\/uploads\/2025\/02\/1440\/810\/pope-francis-dead_15.jpg?ve=1&amp;tl=1 2x\" height=\"405\" width=\"720\"><img loading=\"lazy\" decoding=\"async\" src=\"https:\/\/a57.foxnews.com\/static.foxnews.com\/foxnews.com\/content\/uploads\/2025\/02\/1200\/675\/pope-francis-dead_15.jpg?ve=1&amp;tl=1\" alt=\"Obituario del Papa Francisco, imagen de archivo del pontiff muerto\" width=\"1200\" height=\"675\"\/><\/source><\/source><\/source><\/source><\/picture><\/div>\n<div class=\"info\">\n<div class=\"caption\">\n<p><span>El Papa Francisco sostiene el libro sagrado de las oraciones mientras celebra la misa de la epifan\u00eda el 6 de enero de 2020 en la Bas\u00edlica de San Pedro en el Vaticano. <\/span> <span>(Vincenzo Pinto\/AFP a trav\u00e9s de Getty Images)<\/span><\/p>\n<\/div>\n<\/div>\n<\/div>\n<p>El l\u00edder cat\u00f3lico fue hospitalizado por \u00faltima vez por neumon\u00eda en 2023. Anteriormente se someti\u00f3 a cirug\u00eda abdominal, cuando se elimin\u00f3 parte de su colon.<\/p>\n<p>M\u00e1s recientemente, el Papa fue hospitalizado por una infecci\u00f3n respiratoria el 14 de febrero de 2025, en el Hospital Gemelli, uno de los mejores hospitales de Italia. <\/p>\n<h2>\u00bfCu\u00e1l es la condici\u00f3n m\u00e9dica del Papa?<\/h2>\n<p>La condici\u00f3n del Papa se ha descrito como neumon\u00eda bilateral, que generalmente aparece como consolidaci\u00f3n en una radiograf\u00eda de t\u00f3rax o tomograf\u00eda computarizada.<\/p>\n<p>La neumon\u00eda es una infecci\u00f3n en los sacos de aire del pulm\u00f3n. La neumon\u00eda bilateral es m\u00e1s problem\u00e1tica y dif\u00edcil de recuperarse que la neumon\u00eda unilateral o la neumon\u00eda en un l\u00f3bulo, especialmente en un paciente anciano con cicatrices de cirug\u00edas anteriores y episodios de neumon\u00eda. <\/p>\n<p>Presumiblemente, el Papa se trata con antibi\u00f3ticos de amplio espectro y, seg\u00fan los informes, no es septico. <\/p>\n<p><strong><u>El c\u00e1ncer de pulm\u00f3n aumenta entre los no fumadores: aqu\u00ed est\u00e1 el por qu\u00e9<\/u><\/strong><\/p>\n<p>Aunque la neumon\u00eda es la causa m\u00e1s com\u00fan de sepsis bacteriana en los ancianos, la estad\u00edstica de que uno de cada tres casos conduce a la sepsis es enga\u00f1oso, porque se refiere al per\u00edodo anterior a la era antibi\u00f3tica. <\/p>\n<p>Dado que el Papa probablemente se les ha dado antibi\u00f3ticos durante varios d\u00edas y parece ser estable, las posibilidades de que desarrolle sepsis se reduzcan considerablemente.<\/p>\n<h2>\u00bfQu\u00e9 es la sepsis?<\/h2>\n<p>La sepsis es una condici\u00f3n potencialmente mortal del compromiso hemodin\u00e1mico (donde el cuerpo no est\u00e1 obteniendo suficiente flujo sangu\u00edneo para funcionar correctamente), lo que provoca una ca\u00edda en la presi\u00f3n arterial. <\/p>\n<p>La afecci\u00f3n generalmente causa una fiebre alta, y la producci\u00f3n card\u00edaca y renal puede disminuir. <\/p>\n<blockquote class=\"pull-quote\">\n<p class=\"quote-text\">\u00abAunque el pron\u00f3stico del Papa es actualmente desconocido, no parece que est\u00e9 realmente en estado cr\u00edtico\u00bb.<\/p>\n<p> <!----><\/p><\/blockquote>\n<p>A menudo, un paciente s\u00e9ptico necesita medicamentos especiales (prensadores) para mantener la presi\u00f3n arterial, y las toxinas y el \u00e1cido (lactato) pueden acumularse en la sangre. <\/p>\n<p>Los hemocultivos pueden volverse positivos con un pat\u00f3geno, que en este caso presumiblemente ser\u00eda una bacteria. <\/p>\n<h2>\u00bfPor qu\u00e9 el Papa est\u00e1 en ox\u00edgeno?<\/h2>\n<p>El Papa est\u00e1 recibiendo lo que se conoce como ox\u00edgeno de alto flujo por c\u00e1nula nasal (un dispositivo que proporciona ox\u00edgeno adicional a trav\u00e9s de un tubo y en la nariz), que puede variar en el porcentaje de ox\u00edgeno.<\/p>\n<p>Este es un tratamiento para la descompensaci\u00f3n respiratoria (dificultades respiratorias), pero no es tan agresivo como CPAP (presi\u00f3n positiva continua de las v\u00edas respiratorias) o ventilaci\u00f3n mec\u00e1nica.<\/p>\n<div class=\"image-ct inline\">\n<div class=\"m\"><picture><source media=\"(max-width: 767px)\" srcset=\"https:\/\/a57.foxnews.com\/static.foxnews.com\/foxnews.com\/content\/uploads\/2025\/01\/343\/192\/siegel.png?ve=1&amp;tl=1, https:\/\/a57.foxnews.com\/static.foxnews.com\/foxnews.com\/content\/uploads\/2025\/01\/686\/384\/siegel.png?ve=1&amp;tl=1 2x\" height=\"192\" width=\"343\"><source media=\"(min-width: 768px) and (max-width: 1023px)\" srcset=\"https:\/\/a57.foxnews.com\/static.foxnews.com\/foxnews.com\/content\/uploads\/2025\/01\/672\/378\/siegel.png?ve=1&amp;tl=1, https:\/\/a57.foxnews.com\/static.foxnews.com\/foxnews.com\/content\/uploads\/2025\/01\/1344\/756\/siegel.png?ve=1&amp;tl=1 2x\" height=\"378\" width=\"672\"><source media=\"(min-width: 1024px) and (max-width: 1279px)\" srcset=\"https:\/\/a57.foxnews.com\/static.foxnews.com\/foxnews.com\/content\/uploads\/2025\/01\/931\/523\/siegel.png?ve=1&amp;tl=1, https:\/\/a57.foxnews.com\/static.foxnews.com\/foxnews.com\/content\/uploads\/2025\/01\/1862\/1046\/siegel.png?ve=1&amp;tl=1 2x\" height=\"523\" width=\"931\"><source media=\"(min-width: 1280px)\" srcset=\"https:\/\/a57.foxnews.com\/static.foxnews.com\/foxnews.com\/content\/uploads\/2025\/01\/720\/405\/siegel.png?ve=1&amp;tl=1, https:\/\/a57.foxnews.com\/static.foxnews.com\/foxnews.com\/content\/uploads\/2025\/01\/1440\/810\/siegel.png?ve=1&amp;tl=1 2x\" height=\"405\" width=\"720\"><img loading=\"lazy\" decoding=\"async\" src=\"https:\/\/a57.foxnews.com\/static.foxnews.com\/foxnews.com\/content\/uploads\/2025\/01\/1200\/675\/siegel.png?ve=1&amp;tl=1\" alt=\"dr. Marc Siegel en Fox and Friends\" width=\"1200\" height=\"675\"\/><\/source><\/source><\/source><\/source><\/picture><\/div>\n<div class=\"info\">\n<div class=\"caption\">\n<p><span>\u00abEl hecho de que el Papa no est\u00e9 actualmente en un ventilador es una buena se\u00f1al de que no se descompensa o se s\u00e9ptica y que sus posibilidades de recuperaci\u00f3n son posibles o incluso probables\u00bb, escribe el Dr. Marc Siegel.<\/span> <span>(Fox News)<\/span><\/p>\n<\/div>\n<\/div>\n<\/div>\n<p>El hecho de que el Papa no est\u00e9 actualmente en un ventilador es una buena se\u00f1al de que no se descompensa o septica y que sus posibilidades de recuperaci\u00f3n son posibles o incluso probables.  <\/p>\n<p>Todav\u00eda no est\u00e1 claro por qu\u00e9 necesitaba transfusiones de sangre (aunque mejoran la capacidad de transporte de ox\u00edgeno) o por qu\u00e9 su recuento de plaquetas era baja.<\/p>\n<h2>Informes de complicaciones<\/h2>\n<p>Durante el fin de semana, el s\u00e1bado, el Papa supuestamente experiment\u00f3 un episodio asm\u00e1tico, que presumiblemente fue tratado con ox\u00edgeno y con broncodilatadores para abrir sus v\u00edas respiratorias (que se construyen durante un ataque de la v\u00eda a\u00e9rea).<\/p>\n<p><strong><u>Haga clic aqu\u00ed para registrarse en nuestro bolet\u00edn de salud<\/u><\/strong><\/p>\n<p>Una condici\u00f3n asm\u00e1tica existente puede exacerbarse por neumon\u00eda. En el caso del Papa, parece haber respondido bien al tratamiento.<\/p>\n<p>Los medios de comunicaci\u00f3n tambi\u00e9n han estado en llamas con referencias a \u00abinsuficiencia renal\u00bb, lo que lleva a las personas a armar eso con neumon\u00eda doble e instant\u00e1neamente cree que el Papa ha terminado. <\/p>\n<div class=\"image-ct inline\">\n<div class=\"m\"><picture><source media=\"(max-width: 767px)\" srcset=\"https:\/\/a57.foxnews.com\/static.foxnews.com\/foxnews.com\/content\/uploads\/2025\/02\/343\/192\/pope-francis-dead_14.jpg?ve=1&amp;tl=1, https:\/\/a57.foxnews.com\/static.foxnews.com\/foxnews.com\/content\/uploads\/2025\/02\/686\/384\/pope-francis-dead_14.jpg?ve=1&amp;tl=1 2x\" height=\"192\" width=\"343\"><source media=\"(min-width: 768px) and (max-width: 1023px)\" srcset=\"https:\/\/a57.foxnews.com\/static.foxnews.com\/foxnews.com\/content\/uploads\/2025\/02\/672\/378\/pope-francis-dead_14.jpg?ve=1&amp;tl=1, https:\/\/a57.foxnews.com\/static.foxnews.com\/foxnews.com\/content\/uploads\/2025\/02\/1344\/756\/pope-francis-dead_14.jpg?ve=1&amp;tl=1 2x\" height=\"378\" width=\"672\"><source media=\"(min-width: 1024px) and (max-width: 1279px)\" srcset=\"https:\/\/a57.foxnews.com\/static.foxnews.com\/foxnews.com\/content\/uploads\/2025\/02\/931\/523\/pope-francis-dead_14.jpg?ve=1&amp;tl=1, https:\/\/a57.foxnews.com\/static.foxnews.com\/foxnews.com\/content\/uploads\/2025\/02\/1862\/1046\/pope-francis-dead_14.jpg?ve=1&amp;tl=1 2x\" height=\"523\" width=\"931\"><source media=\"(min-width: 1280px)\" srcset=\"https:\/\/a57.foxnews.com\/static.foxnews.com\/foxnews.com\/content\/uploads\/2025\/02\/720\/405\/pope-francis-dead_14.jpg?ve=1&amp;tl=1, https:\/\/a57.foxnews.com\/static.foxnews.com\/foxnews.com\/content\/uploads\/2025\/02\/1440\/810\/pope-francis-dead_14.jpg?ve=1&amp;tl=1 2x\" height=\"405\" width=\"720\"><img loading=\"lazy\" decoding=\"async\" src=\"https:\/\/a57.foxnews.com\/static.foxnews.com\/foxnews.com\/content\/uploads\/2025\/02\/1200\/675\/pope-francis-dead_14.jpg?ve=1&amp;tl=1\" alt=\"Obituario del Papa Francisco, imagen de archivo del pontiff muerto\" width=\"1200\" height=\"675\"\/><\/source><\/source><\/source><\/source><\/picture><\/div>\n<div class=\"info\">\n<div class=\"caption\">\n<p><span>El Papa Francisco se encuentra con el presidente Donald Trump en la biblioteca privada del Palacio Apost\u00f3lico en la ciudad del Vaticano el 24 de mayo de 2017.<\/span> <span>(Vaticano\/Pool\/Galazka\/Archivio Grzegorz Galazka\/Mondadori a trav\u00e9s de Getty Images)<\/span><\/p>\n<\/div>\n<\/div>\n<\/div>\n<p>Si bien el Papa Francisco ciertamente est\u00e1 lejos del bosque, seg\u00fan los informes del Vaticano, es importante aclarar que la insuficiencia renal leve simplemente significa que el flujo sangu\u00edneo al ri\u00f1\u00f3n se reduce ligeramente, tal vez de bajo volumen o deshidrataci\u00f3n, y podr\u00eda estar mejorando desde Las transfusiones de sangre que est\u00e1 recibiendo. <\/p>\n<p>Mientras su producci\u00f3n de orina se mantenga en el ritmo y su funci\u00f3n renal no empeore, esto no deber\u00eda ser un obst\u00e1culo importante.<\/p>\n<h2>\u00bfCu\u00e1l es el pron\u00f3stico del Papa?<\/h2>\n<p>Aunque actualmente se desconoce el pron\u00f3stico del Papa, no parece que est\u00e9 realmente en estado cr\u00edtico, un t\u00e9rmino m\u00e9dicos tiende a reservar para pacientes mucho m\u00e1s inestables. <\/p>\n<p><strong><u>Haga clic aqu\u00ed para obtener la aplicaci\u00f3n Fox News<\/u><\/strong><strong> <\/strong><\/p>\n<p>Es esperanzado leer en la prensa italiana local (traducida a m\u00ed) que el Papa est\u00e1 una vez m\u00e1s y lee peri\u00f3dicos y tuvo una noche exitosa.<\/p>\n<p><i><strong><u>Para m\u00e1s art\u00edculos de salud, visite <\/u><\/strong><\/i><i><strong><u>www.foxnews.com\/Health<\/u><\/strong><\/i><\/p>\n<p>Seg\u00fan los informes, est\u00e1 considerando posibles sucesores, pero espero que est\u00e9 vivo para elegirlos. <\/p>\n<p>No subestimes el impacto de una gran atenci\u00f3n m\u00e9dica combinada con el poder de la oraci\u00f3n.<\/p>\n<p> <!----> <\/p>\n<div class=\"article-meta\">\n<div class=\"author-bio\">\n<p>Marc Siegel, MD es profesor de medicina y director m\u00e9dico de Doctor Radio en el Centro M\u00e9dico NYU Langone. Es el analista m\u00e9dico senior de Fox News Channel y autor de \u00abCovid: The Politics of Fear and the Power of Science\u00bb. S\u00edguelo en Twitter @drmarcsiegel.<\/p>\n<\/div>\n<\/div>\n<\/div>\n\n","protected":false},"excerpt":{"rendered":"<p>\u00bfVivir\u00e1 el Papa Francisco? \u00bfVa a morir? \u00bfPermanecer\u00e1 como Papa? \u00bfCu\u00e1nto se puede aprender de los anuncios del Vaticano diario o dos veces al d\u00eda y de los informes de los medios? A continuaci\u00f3n se presentan mis respuestas actuales, basadas en mi interpretaci\u00f3n de la informaci\u00f3n disponible (que, por supuesto, est\u00e1 sujeta a cambios). Condici\u00f3n &hellip;<\/p>\n","protected":false},"author":1,"featured_media":16249,"comment_status":"open","ping_status":"open","sticky":false,"template":"","format":"standard","meta":{"fifu_image_url":"https:\/\/a57.foxnews.com\/static.foxnews.com\/foxnews.com\/content\/uploads\/2025\/02\/1200\/675\/pope-francis-dead_15.jpg?ve=1&tl=1","fifu_image_alt":"","footnotes":""},"categories":[8],"tags":[],"class_list":["post-16247","post","type-post","status-publish","format-standard","has-post-thumbnail","","category-salud"],"_links":{"self":[{"href":"https:\/\/noticiasveraces.com\/index.php?rest_route=\/wp\/v2\/posts\/16247","targetHints":{"allow":["GET"]}}],"collection":[{"href":"https:\/\/noticiasveraces.com\/index.php?rest_route=\/wp\/v2\/posts"}],"about":[{"href":"https:\/\/noticiasveraces.com\/index.php?rest_route=\/wp\/v2\/types\/post"}],"author":[{"embeddable":true,"href":"https:\/\/noticiasveraces.com\/index.php?rest_route=\/wp\/v2\/users\/1"}],"replies":[{"embeddable":true,"href":"https:\/\/noticiasveraces.com\/index.php?rest_route=%2Fwp%2Fv2%2Fcomments&post=16247"}],"version-history":[{"count":0,"href":"https:\/\/noticiasveraces.com\/index.php?rest_route=\/wp\/v2\/posts\/16247\/revisions"}],"wp:featuredmedia":[{"embeddable":true,"href":"https:\/\/noticiasveraces.com\/index.php?rest_route=\/wp\/v2\/media\/16249"}],"wp:attachment":[{"href":"https:\/\/noticiasveraces.com\/index.php?rest_route=%2Fwp%2Fv2%2Fmedia&parent=16247"}],"wp:term":[{"taxonomy":"category","embeddable":true,"href":"https:\/\/noticiasveraces.com\/index.php?rest_route=%2Fwp%2Fv2%2Fcategories&post=16247"},{"taxonomy":"post_tag","embeddable":true,"href":"https:\/\/noticiasveraces.com\/index.php?rest_route=%2Fwp%2Fv2%2Ftags&post=16247"}],"curies":[{"name":"wp","href":"https:\/\/api.w.org\/{rel}","templated":true}]}}