{"id":16237,"date":"2025-02-25T18:39:05","date_gmt":"2025-02-25T22:39:05","guid":{"rendered":"https:\/\/noticiasveraces.com\/?p=16237"},"modified":"2025-02-25T18:39:05","modified_gmt":"2025-02-25T22:39:05","slug":"royal-designer-tiene-elogios-de-meghan-markle-a-pesar-de-mudarse-a-los-estados-unidos-real-noticias","status":"publish","type":"post","link":"https:\/\/noticiasveraces.com\/?p=16237","title":{"rendered":"Royal Designer tiene elogios de Meghan Markle a pesar de mudarse a los Estados Unidos | Real | Noticias"},"content":{"rendered":"<p> \n<\/p>\n<div>\n<p>Meghan Markle fue elogiada por un dise\u00f1ador de moda que ha trabajado para la familia real y dijo que est\u00e1 \u00abencantado\u00bb de que la duquesa siga siendo un cliente habitual a pesar de regresar a los Estados Unidos hace cinco a\u00f1os.<\/p>\n<p>La duquesa de Sussex luci\u00f3 varios dise\u00f1adores a lo largo de su corta carrera real, que comenz\u00f3 en 2018 despu\u00e9s de su matrimonio con el Pr\u00edncipe Harry y termin\u00f3 dos a\u00f1os despu\u00e9s despu\u00e9s de que la pareja renunci\u00f3 a realistas de los trabajadores de alto rango y se mud\u00f3 a los Estados Unidos.<\/p>\n<p>Pero hay una casa de moda que est\u00e1 particularmente cerca de su coraz\u00f3n, Dior, que Meghan ha usado varias veces.<\/p>\n<p>En particular, la duquesa opt\u00f3 por la casa de moda francesa para el funeral de la reina fallecida en 2022, las celebraciones del Jubileo de Platino de Elizabeth unos meses antes y tambi\u00e9n en 2018 para asistir a un servicio que conmemora el centenario de la Royal Air Force.<\/p>\n<p>Ahora, el director creativo de Hats de Dior, el molinero de renombre mundial Stephen Jones, ha alabado a la duquesa y ha abierto sobre c\u00f3mo es trabajar con la familia real.<\/p>\n<\/div>\n<div>\n<p>Jones, en una nueva entrevista con el Daily Mail para el d\u00e9cimo aniversario del colectivo de Millinery Royal Ascot, de la cual es uno de los dise\u00f1adores participantes, dijo Meghan \u00absiempre usa el sombrero: el sombrero no la usa\u00bb.<\/p>\n<p>\u00c9l brome\u00f3 sobre la duquesa: \u00abEstoy encantada de que la duquesa sea un cliente habitual.<\/p>\n<p>\u00abElla usa un sombrero con aplomo\u00bb.<\/p>\n<p>El Milliner tambi\u00e9n ha trabajado con la fallecida princesa Diana, la princesa Beatrice y la princesa Eugenie.<\/p>\n<p>\u00a1Describi\u00f3 a Diana, con quien comenz\u00f3 a trabajar despu\u00e9s de su matrimonio con el rey Charles en 1981, como \u00abencantador\u00bb y afirm\u00f3 que ella escuchar\u00eda a Wham Rap! en su walkman durante sus accesorios.<\/p>\n<p>Jones dijo: \u00abPrimero trabaj\u00e9 con ella al comienzo de su matrimonio y se dio cuenta de que usar un sombrero era una parte importante de que ella fuera real y se viera real\u00bb.<\/p>\n<\/div>\n<div>\n<p>Otro moliner de Edimburgo, Sally-Ann Provan, quien tambi\u00e9n es uno de los dise\u00f1adores participantes del colectivo, habl\u00f3 sobre su trabajo con la familia real.<\/p>\n<p>Algunos de sus dise\u00f1os han sido usados \u200b\u200bpor la princesa de Gales y las princesas de York en el pasado.<\/p>\n<p>La Sra. Provan dijo: \u00abEse fue un d\u00eda emocionante [Royal Ascot in 2018]ambas princesas [Beatrice and Eugenie] Parec\u00eda completamente impresionante.<\/p>\n<p>\u00abEstaba tan encantado de que sus dos alteras reales eligieran usar mis sombreros en el D\u00eda de la Copa de Oro (D\u00eda de las Damas) en Royal Ascot, era un momento tan especial\u00bb.<\/p>\n<p>Ambos Milliners participaron en un show en vivo en la Semana de la Moda de Londres esta semana para honrar el d\u00e9cimo aniversario del colectivo, ya que Royal Ascot hizo historia al unirse al British Fashion Council como un patr\u00f3n, convirti\u00e9ndose en el \u00fanico lugar deportivo y evento que lo hac\u00eda.<\/p>\n<p>El director creativo del colectivo, Daniel Fletcher, le dijo a The Outlet: \u00abMi visi\u00f3n para el d\u00e9cimo colectivo de Royal Ascot Millinery se basa en la elegancia atemporal de las casas de alta costura parisina y la artesan\u00eda a medida de Savile Row\u00bb.<\/p>\n<\/div>\n\n","protected":false},"excerpt":{"rendered":"<p>Meghan Markle fue elogiada por un dise\u00f1ador de moda que ha trabajado para la familia real y dijo que est\u00e1 \u00abencantado\u00bb de que la duquesa siga siendo un cliente habitual a pesar de regresar a los Estados Unidos hace cinco a\u00f1os. La duquesa de Sussex luci\u00f3 varios dise\u00f1adores a lo largo de su corta carrera &hellip;<\/p>\n","protected":false},"author":1,"featured_media":16238,"comment_status":"open","ping_status":"open","sticky":false,"template":"","format":"standard","meta":{"fifu_image_url":"https:\/\/cdn.images.express.co.uk\/img\/dynamic\/106\/1200x630\/5983350.jpg","fifu_image_alt":"","footnotes":""},"categories":[10],"tags":[],"class_list":["post-16237","post","type-post","status-publish","format-standard","has-post-thumbnail","","category-moda"],"_links":{"self":[{"href":"https:\/\/noticiasveraces.com\/index.php?rest_route=\/wp\/v2\/posts\/16237","targetHints":{"allow":["GET"]}}],"collection":[{"href":"https:\/\/noticiasveraces.com\/index.php?rest_route=\/wp\/v2\/posts"}],"about":[{"href":"https:\/\/noticiasveraces.com\/index.php?rest_route=\/wp\/v2\/types\/post"}],"author":[{"embeddable":true,"href":"https:\/\/noticiasveraces.com\/index.php?rest_route=\/wp\/v2\/users\/1"}],"replies":[{"embeddable":true,"href":"https:\/\/noticiasveraces.com\/index.php?rest_route=%2Fwp%2Fv2%2Fcomments&post=16237"}],"version-history":[{"count":0,"href":"https:\/\/noticiasveraces.com\/index.php?rest_route=\/wp\/v2\/posts\/16237\/revisions"}],"wp:featuredmedia":[{"embeddable":true,"href":"https:\/\/noticiasveraces.com\/index.php?rest_route=\/wp\/v2\/media\/16238"}],"wp:attachment":[{"href":"https:\/\/noticiasveraces.com\/index.php?rest_route=%2Fwp%2Fv2%2Fmedia&parent=16237"}],"wp:term":[{"taxonomy":"category","embeddable":true,"href":"https:\/\/noticiasveraces.com\/index.php?rest_route=%2Fwp%2Fv2%2Fcategories&post=16237"},{"taxonomy":"post_tag","embeddable":true,"href":"https:\/\/noticiasveraces.com\/index.php?rest_route=%2Fwp%2Fv2%2Ftags&post=16237"}],"curies":[{"name":"wp","href":"https:\/\/api.w.org\/{rel}","templated":true}]}}