{"id":16234,"date":"2025-02-25T18:32:01","date_gmt":"2025-02-25T22:32:01","guid":{"rendered":"https:\/\/noticiasveraces.com\/?p=16234"},"modified":"2025-02-25T18:32:01","modified_gmt":"2025-02-25T22:32:01","slug":"el-apagon-de-chile-dejo-a-millones-sin-electricidad","status":"publish","type":"post","link":"https:\/\/noticiasveraces.com\/?p=16234","title":{"rendered":"El apag\u00f3n de Chile dej\u00f3 a millones sin electricidad"},"content":{"rendered":"<p> \n<\/p>\n<div>\n<p class=\"speakable\">Millones de chilenos perdieron poder el martes, incluidos los de la capital de Santiago, dijo el gobierno.<\/p>\n<p class=\"speakable\">El apag\u00f3n afect\u00f3 a las regiones del norte de Arica y Parinacota al sur de la regi\u00f3n de Los Lagos, seg\u00fan un puesto X por el subsecretario del interior.<\/p>\n<p>Una \u00abinterrupci\u00f3n en el suministro de electricidad\u00bb hab\u00eda provocado un \u00abcorte de energ\u00eda masivo\u00bb en m\u00e1s de una docena de regiones en el pa\u00eds, dijo el servicio nacional de respuesta a desastres de Chile. <\/p>\n<p><strong>Kristi Noem se une a la incursi\u00f3n de inmigraci\u00f3n para atrapar &#8216;Dirtbags&#8217; en la ciudad santuario mayor<\/strong><\/p>\n<div class=\"image-ct inline\">\n<div class=\"m\"><picture><source media=\"(max-width: 767px)\" srcset=\"https:\/\/a57.foxnews.com\/static.foxnews.com\/foxnews.com\/content\/uploads\/2025\/02\/343\/192\/chile1.jpg?ve=1&amp;tl=1, https:\/\/a57.foxnews.com\/static.foxnews.com\/foxnews.com\/content\/uploads\/2025\/02\/686\/384\/chile1.jpg?ve=1&amp;tl=1 2x\" height=\"192\" width=\"343\"><source media=\"(min-width: 768px) and (max-width: 1023px)\" srcset=\"https:\/\/a57.foxnews.com\/static.foxnews.com\/foxnews.com\/content\/uploads\/2025\/02\/672\/378\/chile1.jpg?ve=1&amp;tl=1, https:\/\/a57.foxnews.com\/static.foxnews.com\/foxnews.com\/content\/uploads\/2025\/02\/1344\/756\/chile1.jpg?ve=1&amp;tl=1 2x\" height=\"378\" width=\"672\"><source media=\"(min-width: 1024px) and (max-width: 1279px)\" srcset=\"https:\/\/a57.foxnews.com\/static.foxnews.com\/foxnews.com\/content\/uploads\/2025\/02\/931\/523\/chile1.jpg?ve=1&amp;tl=1, https:\/\/a57.foxnews.com\/static.foxnews.com\/foxnews.com\/content\/uploads\/2025\/02\/1862\/1046\/chile1.jpg?ve=1&amp;tl=1 2x\" height=\"523\" width=\"931\"><source media=\"(min-width: 1280px)\" srcset=\"https:\/\/a57.foxnews.com\/static.foxnews.com\/foxnews.com\/content\/uploads\/2025\/02\/720\/405\/chile1.jpg?ve=1&amp;tl=1, https:\/\/a57.foxnews.com\/static.foxnews.com\/foxnews.com\/content\/uploads\/2025\/02\/1440\/810\/chile1.jpg?ve=1&amp;tl=1 2x\" height=\"405\" width=\"720\"><img loading=\"lazy\" decoding=\"async\" src=\"https:\/\/a57.foxnews.com\/static.foxnews.com\/foxnews.com\/content\/uploads\/2025\/02\/1200\/675\/chile1.jpg?ve=1&amp;tl=1\" alt=\"Apag\u00f3n en Chile\" width=\"1200\" height=\"675\"\/><\/source><\/source><\/source><\/source><\/picture><\/div>\n<div class=\"info\">\n<div class=\"caption\">\n<p><span>Un hombre camina en un estacionamiento durante un apag\u00f3n en Santiago, Chile, el martes.<\/span> <span>(AP Photo\/Matias Basualdo)<\/span><\/p>\n<\/div>\n<\/div>\n<\/div>\n<p>El distribuidor de electricidad del pa\u00eds, Saesa, que atiende a m\u00e1s de un mill\u00f3n de personas en Chile, confirm\u00f3 que una falla de energ\u00eda a nivel nacional hab\u00eda afectado a todos sus clientes. El pa\u00eds alberga a m\u00e1s de 19 millones de personas. <\/p>\n<p>La ministra del Interior, Carolina Toh\u00e1, dijo que estaba convocando a funcionarios y proveedores de electricidad en una carrera para restaurar el servicio.<\/p>\n<p><strong><u>Trump DHS realiza un movimiento clave contra los migrantes permitidos a trav\u00e9s de controvertidos programas de libertad condicional Biden<\/u><\/strong><\/p>\n<div class=\"image-ct inline\">\n<div class=\"m\"><picture><source media=\"(max-width: 767px)\" srcset=\"https:\/\/a57.foxnews.com\/static.foxnews.com\/foxnews.com\/content\/uploads\/2025\/02\/343\/192\/chile2.jpg?ve=1&amp;tl=1, https:\/\/a57.foxnews.com\/static.foxnews.com\/foxnews.com\/content\/uploads\/2025\/02\/686\/384\/chile2.jpg?ve=1&amp;tl=1 2x\" height=\"192\" width=\"343\"><source media=\"(min-width: 768px) and (max-width: 1023px)\" srcset=\"https:\/\/a57.foxnews.com\/static.foxnews.com\/foxnews.com\/content\/uploads\/2025\/02\/672\/378\/chile2.jpg?ve=1&amp;tl=1, https:\/\/a57.foxnews.com\/static.foxnews.com\/foxnews.com\/content\/uploads\/2025\/02\/1344\/756\/chile2.jpg?ve=1&amp;tl=1 2x\" height=\"378\" width=\"672\"><source media=\"(min-width: 1024px) and (max-width: 1279px)\" srcset=\"https:\/\/a57.foxnews.com\/static.foxnews.com\/foxnews.com\/content\/uploads\/2025\/02\/931\/523\/chile2.jpg?ve=1&amp;tl=1, https:\/\/a57.foxnews.com\/static.foxnews.com\/foxnews.com\/content\/uploads\/2025\/02\/1862\/1046\/chile2.jpg?ve=1&amp;tl=1 2x\" height=\"523\" width=\"931\"><source media=\"(min-width: 1280px)\" srcset=\"https:\/\/a57.foxnews.com\/static.foxnews.com\/foxnews.com\/content\/uploads\/2025\/02\/720\/405\/chile2.jpg?ve=1&amp;tl=1, https:\/\/a57.foxnews.com\/static.foxnews.com\/foxnews.com\/content\/uploads\/2025\/02\/1440\/810\/chile2.jpg?ve=1&amp;tl=1 2x\" height=\"405\" width=\"720\"><img loading=\"lazy\" decoding=\"async\" src=\"https:\/\/a57.foxnews.com\/static.foxnews.com\/foxnews.com\/content\/uploads\/2025\/02\/1200\/675\/chile2.jpg?ve=1&amp;tl=1\" alt=\"Apag\u00f3n en Chile\" width=\"1200\" height=\"675\"\/><\/source><\/source><\/source><\/source><\/picture><\/div>\n<div class=\"info\">\n<div class=\"caption\">\n<p><span>Una mujer camina por un centro comercial durante un corte de energ\u00eda en Santiago, Chile, el martes. El pa\u00eds experiment\u00f3 un corte de energ\u00eda generalizado. <\/span> <span>(AP Photo\/Matias Basualdo)<\/span><\/p>\n<\/div>\n<\/div>\n<\/div>\n<p><strong><u>Haga clic aqu\u00ed para obtener la aplicaci\u00f3n Fox News<\/u><\/strong><\/p>\n<p>El Ministerio de Transporte inst\u00f3 a los automovilistas a conducir con precauci\u00f3n ya que los sem\u00e1foros no funcionaban, y agreg\u00f3 que las instrucciones para los pasajeros atrapados en los trenes metropolitanos se presentar\u00edan. <\/p>\n<p>\u00abLa llamada es para la calma y para evitar transferencias para evitar atascos\u00bb, dijo el ministerio en X. <\/p>\n<p><i>Associated Press contribuy\u00f3 a este informe. <\/i> <\/p>\n<p> <!----> <\/div>\n\n","protected":false},"excerpt":{"rendered":"<p>Millones de chilenos perdieron poder el martes, incluidos los de la capital de Santiago, dijo el gobierno. El apag\u00f3n afect\u00f3 a las regiones del norte de Arica y Parinacota al sur de la regi\u00f3n de Los Lagos, seg\u00fan un puesto X por el subsecretario del interior. Una \u00abinterrupci\u00f3n en el suministro de electricidad\u00bb hab\u00eda provocado &hellip;<\/p>\n","protected":false},"author":1,"featured_media":16236,"comment_status":"open","ping_status":"open","sticky":false,"template":"","format":"standard","meta":{"fifu_image_url":"https:\/\/static.foxnews.com\/foxnews.com\/content\/uploads\/2025\/02\/chile2.jpg","fifu_image_alt":"","footnotes":""},"categories":[13],"tags":[],"class_list":["post-16234","post","type-post","status-publish","format-standard","has-post-thumbnail","","category-mundo"],"_links":{"self":[{"href":"https:\/\/noticiasveraces.com\/index.php?rest_route=\/wp\/v2\/posts\/16234","targetHints":{"allow":["GET"]}}],"collection":[{"href":"https:\/\/noticiasveraces.com\/index.php?rest_route=\/wp\/v2\/posts"}],"about":[{"href":"https:\/\/noticiasveraces.com\/index.php?rest_route=\/wp\/v2\/types\/post"}],"author":[{"embeddable":true,"href":"https:\/\/noticiasveraces.com\/index.php?rest_route=\/wp\/v2\/users\/1"}],"replies":[{"embeddable":true,"href":"https:\/\/noticiasveraces.com\/index.php?rest_route=%2Fwp%2Fv2%2Fcomments&post=16234"}],"version-history":[{"count":0,"href":"https:\/\/noticiasveraces.com\/index.php?rest_route=\/wp\/v2\/posts\/16234\/revisions"}],"wp:featuredmedia":[{"embeddable":true,"href":"https:\/\/noticiasveraces.com\/index.php?rest_route=\/wp\/v2\/media\/16236"}],"wp:attachment":[{"href":"https:\/\/noticiasveraces.com\/index.php?rest_route=%2Fwp%2Fv2%2Fmedia&parent=16234"}],"wp:term":[{"taxonomy":"category","embeddable":true,"href":"https:\/\/noticiasveraces.com\/index.php?rest_route=%2Fwp%2Fv2%2Fcategories&post=16234"},{"taxonomy":"post_tag","embeddable":true,"href":"https:\/\/noticiasveraces.com\/index.php?rest_route=%2Fwp%2Fv2%2Ftags&post=16234"}],"curies":[{"name":"wp","href":"https:\/\/api.w.org\/{rel}","templated":true}]}}