{"id":16231,"date":"2025-02-25T18:04:35","date_gmt":"2025-02-25T22:04:35","guid":{"rendered":"https:\/\/noticiasveraces.com\/?p=16231"},"modified":"2025-02-25T18:04:35","modified_gmt":"2025-02-25T22:04:35","slug":"goles-y-resultado-de-la-semifinal-de-la-copa-del-rey-hoy-en-direto-3-2","status":"publish","type":"post","link":"https:\/\/noticiasveraces.com\/?p=16231","title":{"rendered":"Goles y resultado de la semifinal de la Copa del Rey Hoy, en Direto (3-2)"},"content":{"rendered":"<p> \n<\/p>\n<div id=\"intext\">\n<p><b>Barcelona <\/b>Y <b>Atl\u00e9tico de Madrid<\/b> Abren Hoy, Desde Las 21:00 Horas, Las <b>Semifinales de la Copa del Rey<\/b> Con El Partido de Ida en Montjuic. Un duelo que tenderr\u00e1 su continuaci\u00f3n el pr\u00f3xmo 2 de Abril con el duelo de vuelta en el metropolitano.<\/p>\n<p>LOS de Hansi Flick Llegan a la semifinal de la Copa del Rey de Hoy en Racha, Su \u00daLTIMA DERTROTA DEL PASADO 21 DE DICIEMBRE, EN LIGA Y PRECISIME ANTE ELOPO EQUIPO COLCHONERO (1-2).<\/p>\n<p>El Atl\u00e9Tico de Madrid Aterriza en la Ciudad Condal Con la Intenci\u00f3n de Dejar la Eliminatoria Abierta Para El Duelo de Vuelta Dentro de Algo M\u00e1s de Un mes en el Metropolitano. La \u00daltima Derrota de Los de Simeone se Produco El Pasado 15 de Enero, en liga ante El Legan\u00e9s en Betarque (1-0).<\/p>\n<h2 class=\"title-h2\">Alineaciones de Barcelona y Atl\u00e9tico de Madrid<\/h2>\n<ul>\n<li><b>Barcelona<\/b>: Szczesny; Kound\u00e9, Cubars\u00ed, I\u00f1igo Mart\u00ednez, Balde; De Jong, Pedri, Dani Olmo; Lamine Yamal, Ferran y Raphinha.<\/li>\n<li><b>Atl\u00e9tico de Madrid<\/b>: Musso; Llorente, Gim\u00e9nez, Lenglet, Gal\u00e1n; Giuliano, de Paul, Barrios, Gallagher; Griezmann y Juli\u00e1n \u00c1lvar<\/li>\n<\/ul>\n<p>Ya Puedes Se guir e<b>n directo minuto a minuto<\/b> Primera de Los \u00c1ngeles <b>Semifinal de la Copa del Rey<\/b> entre <b>Barcelona<\/b> Y <b>Atl\u00e9tico de Madrid<\/b>.<\/p>\n<div class=\"recirculation-video\" data-mod=\"a3mod_recirculation_video\">\n<div class=\"recirculation-video-wrapper\">\n<div>\n<div class=\"video-wrapper\">\n  <picture class=\"video-main-picture\"><source media=\"(min-width: 481px)\" srcset=\"https:\/\/fotografias.antena3.com\/clipping\/cmsimages01\/2025\/02\/25\/567C8E27-9213-4603-BF11-6B092C1B4302\/osvaldo-iglesias-jugador-cabrera_94.jpg?crop=1920,1080,x0,y0&amp;width=800&amp;height=450&amp;optimize=medium&amp;format=webply\" width=\"800\" height=\"450\"><source media=\"(min-width: 391px) and (max-width: 480px)\" srcset=\"https:\/\/fotografias.antena3.com\/clipping\/cmsimages01\/2025\/02\/25\/567C8E27-9213-4603-BF11-6B092C1B4302\/osvaldo-iglesias-jugador-cabrera_70.jpg?crop=1920,1080,x0,y0&amp;width=480&amp;height=270&amp;optimize=high&amp;format=webply\" width=\"480\" height=\"270\"><source media=\"(min-width: 321px) and (max-width: 390px)\" srcset=\"https:\/\/fotografias.antena3.com\/clipping\/cmsimages01\/2025\/02\/25\/567C8E27-9213-4603-BF11-6B092C1B4302\/osvaldo-iglesias-jugador-cabrera_92.jpg?crop=1920,1078,x0,y1&amp;width=390&amp;height=219&amp;optimize=high&amp;format=webply\" width=\"390\" height=\"219\"><source media=\"(max-width: 320px)\" srcset=\"https:\/\/fotografias.antena3.com\/clipping\/cmsimages01\/2025\/02\/25\/567C8E27-9213-4603-BF11-6B092C1B4302\/osvaldo-iglesias-jugador-cabrera_52.jpg?crop=1920,1080,x0,y0&amp;width=320&amp;height=180&amp;optimize=high&amp;format=webply\" width=\"320\" height=\"180\"><img decoding=\"async\" title=\"Osvaldo Iglesias, Jugador del ad la Cabrera\" alt=\"Osvaldo Iglesias, Jugador del ad la Cabrera\" width=\"480\" height=\"270\" src=\"https:\/\/fotografias.antena3.com\/clipping\/cmsimages01\/2025\/02\/25\/567C8E27-9213-4603-BF11-6B092C1B4302\/osvaldo-iglesias-jugador-cabrera_70.jpg?crop=1920,1080,x0,y0&amp;width=480&amp;height=270&amp;optimize=high&amp;format=webply\" loading=\"lazy\" class=\"lazy\"\/><br \/>\n  <\/source><\/source><\/source><\/source><\/picture>\n <\/div>\n<\/div><\/div>\n<\/p><\/div>\n<\/div>\n\n","protected":false},"excerpt":{"rendered":"<p>Barcelona Y Atl\u00e9tico de Madrid Abren Hoy, Desde Las 21:00 Horas, Las Semifinales de la Copa del Rey Con El Partido de Ida en Montjuic. Un duelo que tenderr\u00e1 su continuaci\u00f3n el pr\u00f3xmo 2 de Abril con el duelo de vuelta en el metropolitano. LOS de Hansi Flick Llegan a la semifinal de la Copa &hellip;<\/p>\n","protected":false},"author":1,"featured_media":16233,"comment_status":"open","ping_status":"open","sticky":false,"template":"","format":"standard","meta":{"fifu_image_url":"https:\/\/fotografias.antena3.com\/clipping\/cmsimages01\/2025\/02\/25\/98704D0E-7367-4549-A9A5-8C99D3B21506\/julian-alvarez-anota-primer-gol-barcelona_69.jpg?crop=2154,1212,x0,y0&width=1280&height=720&optimize=low&format=jpg","fifu_image_alt":"","footnotes":""},"categories":[6],"tags":[],"class_list":["post-16231","post","type-post","status-publish","format-standard","has-post-thumbnail","","category-deportes"],"_links":{"self":[{"href":"https:\/\/noticiasveraces.com\/index.php?rest_route=\/wp\/v2\/posts\/16231","targetHints":{"allow":["GET"]}}],"collection":[{"href":"https:\/\/noticiasveraces.com\/index.php?rest_route=\/wp\/v2\/posts"}],"about":[{"href":"https:\/\/noticiasveraces.com\/index.php?rest_route=\/wp\/v2\/types\/post"}],"author":[{"embeddable":true,"href":"https:\/\/noticiasveraces.com\/index.php?rest_route=\/wp\/v2\/users\/1"}],"replies":[{"embeddable":true,"href":"https:\/\/noticiasveraces.com\/index.php?rest_route=%2Fwp%2Fv2%2Fcomments&post=16231"}],"version-history":[{"count":0,"href":"https:\/\/noticiasveraces.com\/index.php?rest_route=\/wp\/v2\/posts\/16231\/revisions"}],"wp:featuredmedia":[{"embeddable":true,"href":"https:\/\/noticiasveraces.com\/index.php?rest_route=\/wp\/v2\/media\/16233"}],"wp:attachment":[{"href":"https:\/\/noticiasveraces.com\/index.php?rest_route=%2Fwp%2Fv2%2Fmedia&parent=16231"}],"wp:term":[{"taxonomy":"category","embeddable":true,"href":"https:\/\/noticiasveraces.com\/index.php?rest_route=%2Fwp%2Fv2%2Fcategories&post=16231"},{"taxonomy":"post_tag","embeddable":true,"href":"https:\/\/noticiasveraces.com\/index.php?rest_route=%2Fwp%2Fv2%2Ftags&post=16231"}],"curies":[{"name":"wp","href":"https:\/\/api.w.org\/{rel}","templated":true}]}}