{"id":16225,"date":"2025-02-25T17:30:11","date_gmt":"2025-02-25T21:30:11","guid":{"rendered":"https:\/\/noticiasveraces.com\/?p=16225"},"modified":"2025-02-25T17:30:11","modified_gmt":"2025-02-25T21:30:11","slug":"polonia-lanza-defensas-aereas-despues-de-que-rusia-dispara-misiles-de-largo-alcance","status":"publish","type":"post","link":"https:\/\/noticiasveraces.com\/?p=16225","title":{"rendered":"Polonia lanza defensas a\u00e9reas despu\u00e9s de que Rusia dispara misiles de largo alcance"},"content":{"rendered":"<p> \n<\/p>\n<div>\n<p class=\"speakable\">El aliado de la OTAN, Polonia, despleg\u00f3 el martes \u00abaviaci\u00f3n militar\u00bb en sus cielos en respuesta a las huelgas que Rusia lanz\u00f3 en las ciudades ucranianas cerca de las fronteras occidentales devastadas por la guerra. <\/p>\n<p class=\"speakable\">El comando operativo de Varsovia confirm\u00f3 en una publicaci\u00f3n en X que el espacio a\u00e9reo polaco no fue violado en los ataques y que los ataques rusos de largo alcance hab\u00edan cesado el martes por la tarde, aunque no es la primera vez que una naci\u00f3n de la OTAN ha tenido que revelar aviones de combate para contrarrestar rusos Amenazas en las \u00faltimas semanas. <\/p>\n<p>Si bien Rusia ha empleado durante mucho tiempo una brutal campa\u00f1a de bombardeos a\u00e9reos para golpear a Ucrania, incluidas las huelgas de largo alcance, los \u00faltimos ataques se produjeron un d\u00eda despu\u00e9s de que un bombardero B-52 con capacidad nuclear estadounidense vol\u00f3 desde el Reino Unido a Estonia antes de dar vueltas a trav\u00e9s Letonia, Lituania y Polonia, todos los cuales bordean Rusia, Ucrania o ambos. <\/p>\n<div class=\"image-ct inline\">\n<div class=\"m\"><picture><source media=\"(max-width: 767px)\" srcset=\"https:\/\/a57.foxnews.com\/static.foxnews.com\/foxnews.com\/content\/uploads\/2025\/02\/343\/192\/polish.jpg?ve=1&amp;tl=1, https:\/\/a57.foxnews.com\/static.foxnews.com\/foxnews.com\/content\/uploads\/2025\/02\/686\/384\/polish.jpg?ve=1&amp;tl=1 2x\" height=\"192\" width=\"343\"><source media=\"(min-width: 768px) and (max-width: 1023px)\" srcset=\"https:\/\/a57.foxnews.com\/static.foxnews.com\/foxnews.com\/content\/uploads\/2025\/02\/672\/378\/polish.jpg?ve=1&amp;tl=1, https:\/\/a57.foxnews.com\/static.foxnews.com\/foxnews.com\/content\/uploads\/2025\/02\/1344\/756\/polish.jpg?ve=1&amp;tl=1 2x\" height=\"378\" width=\"672\"><source media=\"(min-width: 1024px) and (max-width: 1279px)\" srcset=\"https:\/\/a57.foxnews.com\/static.foxnews.com\/foxnews.com\/content\/uploads\/2025\/02\/931\/523\/polish.jpg?ve=1&amp;tl=1, https:\/\/a57.foxnews.com\/static.foxnews.com\/foxnews.com\/content\/uploads\/2025\/02\/1862\/1046\/polish.jpg?ve=1&amp;tl=1 2x\" height=\"523\" width=\"931\"><source media=\"(min-width: 1280px)\" srcset=\"https:\/\/a57.foxnews.com\/static.foxnews.com\/foxnews.com\/content\/uploads\/2025\/02\/720\/405\/polish.jpg?ve=1&amp;tl=1, https:\/\/a57.foxnews.com\/static.foxnews.com\/foxnews.com\/content\/uploads\/2025\/02\/1440\/810\/polish.jpg?ve=1&amp;tl=1 2x\" height=\"405\" width=\"720\"><img loading=\"lazy\" decoding=\"async\" src=\"https:\/\/a57.foxnews.com\/static.foxnews.com\/foxnews.com\/content\/uploads\/2025\/02\/1200\/675\/polish.jpg?ve=1&amp;tl=1\" alt=\"Fuerza A\u00e9rea Polaca\" width=\"1200\" height=\"675\"\/><\/source><\/source><\/source><\/source><\/picture><\/div>\n<div class=\"info\">\n<div class=\"caption\">\n<p><span>Los aviones de combatientes F-16 polacos vuelan durante el desfile militar. Varsovia el martes 25 de febrero de 2025 se vio obligado a lanzar sus defensas de ayuda despu\u00e9s de que Rusia golpe\u00f3 el oeste de Ucrania con ataques de largo alcance cerca de la frontera de Polonia. <\/span> <span>(Imagen Neil Milton\/SOPA\/LighTrocket a trav\u00e9s de Getty Images)<\/span><\/p>\n<\/div>\n<\/div>\n<\/div>\n<p><strong>&#8216;Efecto Trump&#8217; en exhibici\u00f3n cuando el Starmer del Reino Unido aumenta el gasto de defensa en Eve de la visita de EE. UU.<\/strong><\/p>\n<p>Los informes sugirieron que el bombardero, que estaba flanqueado por los aviones de combate F-35 y F-A18, vol\u00f3 sobre la capital estonia de Tallin para Mark the Independence Day de Estonia, aunque tambi\u00e9n coincidi\u00f3 con el tercer aniversario de la invasi\u00f3n de Ucrania de Rusia.<\/p>\n<p>La Fuerza A\u00e9rea de Ucrania dijo el martes en Telegram que Rusia hab\u00eda disparado unos 213 drones y siete misiles a Ucrania. Seg\u00fan los informes, seis de los misiles y 133 drones fueron derribados.<\/p>\n<p>El ataque tambi\u00e9n se produjo pocos d\u00edas despu\u00e9s de que Rusia lanz\u00f3 su huelga de drones m\u00e1s grande contra Ucrania, disparando 267 UAV en Ucrania, seg\u00fan la Fuerza A\u00e9rea de Ucrania. <\/p>\n<p>Polonia dijo que \u00abest\u00e1 constantemente monitoreando la situaci\u00f3n en el territorio de Ucrania y sigue siendo una preparaci\u00f3n constante para garantizar la seguridad del espacio a\u00e9reo polaco\u00bb.<\/p>\n<p>Varsovia tambi\u00e9n prometi\u00f3 $ 210 millones adicionales en ayuda militar a Ucrania el martes, su 46\u00ba paquete de ayuda militar desde que comenz\u00f3 la invasi\u00f3n, lo que lleva su apoyo a aproximadamente $ 4 mil millones en ayuda. <\/p>\n<p>El ministro de Defensa de Polonia, Wladyslaw Kosiniak-Kamysz, no confirm\u00f3 qu\u00e9 brazos se incluir\u00edan en el paquete, aunque s\u00ed not\u00f3 que abarcar\u00e1 el entrenamiento para las tropas. <\/p>\n<div class=\"image-ct inline\">\n<div class=\"m\"><picture><source media=\"(max-width: 767px)\" srcset=\"https:\/\/a57.foxnews.com\/static.foxnews.com\/foxnews.com\/content\/uploads\/2024\/12\/343\/192\/b-52-and-f-15.jpg?ve=1&amp;tl=1, https:\/\/a57.foxnews.com\/static.foxnews.com\/foxnews.com\/content\/uploads\/2024\/12\/686\/384\/b-52-and-f-15.jpg?ve=1&amp;tl=1 2x\" height=\"192\" width=\"343\"><source media=\"(min-width: 768px) and (max-width: 1023px)\" srcset=\"https:\/\/a57.foxnews.com\/static.foxnews.com\/foxnews.com\/content\/uploads\/2024\/12\/672\/378\/b-52-and-f-15.jpg?ve=1&amp;tl=1, https:\/\/a57.foxnews.com\/static.foxnews.com\/foxnews.com\/content\/uploads\/2024\/12\/1344\/756\/b-52-and-f-15.jpg?ve=1&amp;tl=1 2x\" height=\"378\" width=\"672\"><source media=\"(min-width: 1024px) and (max-width: 1279px)\" srcset=\"https:\/\/a57.foxnews.com\/static.foxnews.com\/foxnews.com\/content\/uploads\/2024\/12\/931\/523\/b-52-and-f-15.jpg?ve=1&amp;tl=1, https:\/\/a57.foxnews.com\/static.foxnews.com\/foxnews.com\/content\/uploads\/2024\/12\/1862\/1046\/b-52-and-f-15.jpg?ve=1&amp;tl=1 2x\" height=\"523\" width=\"931\"><source media=\"(min-width: 1280px)\" srcset=\"https:\/\/a57.foxnews.com\/static.foxnews.com\/foxnews.com\/content\/uploads\/2024\/12\/720\/405\/b-52-and-f-15.jpg?ve=1&amp;tl=1, https:\/\/a57.foxnews.com\/static.foxnews.com\/foxnews.com\/content\/uploads\/2024\/12\/1440\/810\/b-52-and-f-15.jpg?ve=1&amp;tl=1 2x\" height=\"405\" width=\"720\"><img loading=\"lazy\" decoding=\"async\" src=\"https:\/\/a57.foxnews.com\/static.foxnews.com\/foxnews.com\/content\/uploads\/2024\/12\/1200\/675\/b-52-and-f-15.jpg?ve=1&amp;tl=1\" alt=\"B-52-y-F-15\" width=\"1200\" height=\"675\"\/><\/source><\/source><\/source><\/source><\/picture><\/div>\n<div class=\"info\">\n<div class=\"caption\">\n<p><span>Un bombardero estadounidense B-52 vol\u00f3 desde el Reino Unido a Estonia el lunes 24 de febrero de 2024, en el tercer aniversario de la invasi\u00f3n rusa de Ucrania. Representan aqu\u00ed dos bombarderos B-52 similares y dos aviones de combate F-15 que volaron sobre Nueva Orleans en 2020.<\/span> <span>(Chris Graythen\/Getty Images)<\/span><\/p>\n<\/div>\n<\/div>\n<\/div>\n<p><strong>Votos de los Estados Unidos en contra de condenar a Rusia por la Guerra de Ucrania, ya que Trump Admin Chases Peace Deal<\/strong><\/p>\n<p>\u00abEntrenamos al ej\u00e9rcito ucraniano\u00bb, dijo el ministro, inform\u00f3 el Kyiv Independent. \u00abDe 80-90,000 soldados entrenados por los pa\u00edses de la UE, Polonia ha entrenado alrededor de un tercio: 28,000 soldados\u00bb.<\/p>\n<p>Los l\u00edderes occidentales y las naciones aliadas, como Jap\u00f3n y Turqu\u00eda, descendieron el lunes sobre Kiev para una cumbre en apoyo de Ucrania en el tercer aniversario del comienzo de la guerra. <\/p>\n<p>Seg\u00fan una publicaci\u00f3n sobre X del presidente ucraniano Volodymyr Zelenskyy el martes, \u00abm\u00e1s de 40 l\u00edderes de estados, instituciones y organizaciones internacionales, tanto en persona como en l\u00ednea, han reafirmado su apoyo a Ucrania y Ucrania\u00bb.<\/p>\n<p>\u00abSe han anunciado nuevos paquetes de ayuda: armas, sistemas de defensa a\u00e9rea, asistencia financiera y humanitaria, inversiones en producci\u00f3n de defensa y sanciones contra el agresor\u00bb, agreg\u00f3. <\/p>\n<p>El puesto de Zelenskyy fue acompa\u00f1ado por las banderas de otras 36 naciones que estuvieron representadas en la cumbre, y en particular, la bandera estadounidense no figuraba en la lista, destacando las divisiones que han estallado entre Kiev y Washington desde que la administraci\u00f3n Trump volvi\u00f3 a entrar en la Casa Blanca. <\/p>\n<div class=\"image-ct inline\">\n<div class=\"m\"><picture><source media=\"(max-width: 767px)\" srcset=\"https:\/\/a57.foxnews.com\/static.foxnews.com\/foxnews.com\/content\/uploads\/2025\/02\/343\/192\/zelenskyy-kellogg-1.jpg?ve=1&amp;tl=1, https:\/\/a57.foxnews.com\/static.foxnews.com\/foxnews.com\/content\/uploads\/2025\/02\/686\/384\/zelenskyy-kellogg-1.jpg?ve=1&amp;tl=1 2x\" height=\"192\" width=\"343\"><source media=\"(min-width: 768px) and (max-width: 1023px)\" srcset=\"https:\/\/a57.foxnews.com\/static.foxnews.com\/foxnews.com\/content\/uploads\/2025\/02\/672\/378\/zelenskyy-kellogg-1.jpg?ve=1&amp;tl=1, https:\/\/a57.foxnews.com\/static.foxnews.com\/foxnews.com\/content\/uploads\/2025\/02\/1344\/756\/zelenskyy-kellogg-1.jpg?ve=1&amp;tl=1 2x\" height=\"378\" width=\"672\"><source media=\"(min-width: 1024px) and (max-width: 1279px)\" srcset=\"https:\/\/a57.foxnews.com\/static.foxnews.com\/foxnews.com\/content\/uploads\/2025\/02\/931\/523\/zelenskyy-kellogg-1.jpg?ve=1&amp;tl=1, https:\/\/a57.foxnews.com\/static.foxnews.com\/foxnews.com\/content\/uploads\/2025\/02\/1862\/1046\/zelenskyy-kellogg-1.jpg?ve=1&amp;tl=1 2x\" height=\"523\" width=\"931\"><source media=\"(min-width: 1280px)\" srcset=\"https:\/\/a57.foxnews.com\/static.foxnews.com\/foxnews.com\/content\/uploads\/2025\/02\/720\/405\/zelenskyy-kellogg-1.jpg?ve=1&amp;tl=1, https:\/\/a57.foxnews.com\/static.foxnews.com\/foxnews.com\/content\/uploads\/2025\/02\/1440\/810\/zelenskyy-kellogg-1.jpg?ve=1&amp;tl=1 2x\" height=\"405\" width=\"720\"><img loading=\"lazy\" decoding=\"async\" src=\"https:\/\/a57.foxnews.com\/static.foxnews.com\/foxnews.com\/content\/uploads\/2025\/02\/1200\/675\/zelenskyy-kellogg-1.jpg?ve=1&amp;tl=1\" alt=\"Presidente ucraniano Volodymyr Zelenskyy y Keith Kellogg\" width=\"1200\" height=\"675\"\/><\/source><\/source><\/source><\/source><\/picture><\/div>\n<div class=\"info\">\n<div class=\"caption\">\n<p><span>El presidente de Ucrania, Volodymyr Zelensky (L), saluda al enviado estadounidense Keith Kellogg en sus oficinas en Kiev el 20 de febrero de 2025 en medio de la invasi\u00f3n rusa de Ucrania<\/span> <span>(Sergei Supinsky\/AFP a trav\u00e9s de Getty Images)<\/span><\/p>\n<\/div>\n<\/div>\n<\/div>\n<p><strong>Haga clic aqu\u00ed para obtener la aplicaci\u00f3n Fox News<\/strong> <\/p>\n<p>Aunque el enviado especial de Ucrania y Rusia, el teniente general retirado Keith Kellogg, estuvo en Ucrania la semana pasada y se reuni\u00f3 con Zelenskyy, no parece que ning\u00fan representante estadounidense estuvo presente para la cumbre.<\/p>\n<p>Las \u00fanicas otras naciones de la OTAN que no asistieron a la cumbre fueron Portugal, Macedonia del Norte y Hungr\u00eda, mientras que no estaban presentes naciones no de la OTAN como Austria, Irlanda y Malta. <\/p>\n<p>\u00abNuestra unidad con todos los que valoran la libertad y la vida siguen siendo inquebrantables\u00bb, dijo Zelenskyy. \u00abEl apoyo a Ucrania no se detiene, y juntos estamos acercando el d\u00eda en que se restaurar\u00e1 la verdadera paz para Ucrania. Agradecemos a todos los que est\u00e1n en Ucrania y nuestra gente\u00bb.<\/p>\n<p> <!----> <\/p>\n<div class=\"article-meta\">\n<div class=\"author-bio\">\n<p>Caitlin McFall es reportero de Fox News Digital Cubting Politics, US y World News.<\/p>\n<\/div>\n<\/div>\n<\/div>\n\n","protected":false},"excerpt":{"rendered":"<p>El aliado de la OTAN, Polonia, despleg\u00f3 el martes \u00abaviaci\u00f3n militar\u00bb en sus cielos en respuesta a las huelgas que Rusia lanz\u00f3 en las ciudades ucranianas cerca de las fronteras occidentales devastadas por la guerra. El comando operativo de Varsovia confirm\u00f3 en una publicaci\u00f3n en X que el espacio a\u00e9reo polaco no fue violado en &hellip;<\/p>\n","protected":false},"author":1,"featured_media":16227,"comment_status":"open","ping_status":"open","sticky":false,"template":"","format":"standard","meta":{"fifu_image_url":"https:\/\/static.foxnews.com\/foxnews.com\/content\/uploads\/2025\/02\/putin_planes.jpg","fifu_image_alt":"","footnotes":""},"categories":[13],"tags":[],"class_list":["post-16225","post","type-post","status-publish","format-standard","has-post-thumbnail","","category-mundo"],"_links":{"self":[{"href":"https:\/\/noticiasveraces.com\/index.php?rest_route=\/wp\/v2\/posts\/16225","targetHints":{"allow":["GET"]}}],"collection":[{"href":"https:\/\/noticiasveraces.com\/index.php?rest_route=\/wp\/v2\/posts"}],"about":[{"href":"https:\/\/noticiasveraces.com\/index.php?rest_route=\/wp\/v2\/types\/post"}],"author":[{"embeddable":true,"href":"https:\/\/noticiasveraces.com\/index.php?rest_route=\/wp\/v2\/users\/1"}],"replies":[{"embeddable":true,"href":"https:\/\/noticiasveraces.com\/index.php?rest_route=%2Fwp%2Fv2%2Fcomments&post=16225"}],"version-history":[{"count":0,"href":"https:\/\/noticiasveraces.com\/index.php?rest_route=\/wp\/v2\/posts\/16225\/revisions"}],"wp:featuredmedia":[{"embeddable":true,"href":"https:\/\/noticiasveraces.com\/index.php?rest_route=\/wp\/v2\/media\/16227"}],"wp:attachment":[{"href":"https:\/\/noticiasveraces.com\/index.php?rest_route=%2Fwp%2Fv2%2Fmedia&parent=16225"}],"wp:term":[{"taxonomy":"category","embeddable":true,"href":"https:\/\/noticiasveraces.com\/index.php?rest_route=%2Fwp%2Fv2%2Fcategories&post=16225"},{"taxonomy":"post_tag","embeddable":true,"href":"https:\/\/noticiasveraces.com\/index.php?rest_route=%2Fwp%2Fv2%2Ftags&post=16225"}],"curies":[{"name":"wp","href":"https:\/\/api.w.org\/{rel}","templated":true}]}}