{"id":16215,"date":"2025-02-25T14:25:31","date_gmt":"2025-02-25T18:25:31","guid":{"rendered":"https:\/\/noticiasveraces.com\/?p=16215"},"modified":"2025-02-25T14:25:31","modified_gmt":"2025-02-25T18:25:31","slug":"merz-y-scholz-se-reunen-para-negociar-coalicio-dw-25-02-2025","status":"publish","type":"post","link":"https:\/\/noticiasveraces.com\/?p=16215","title":{"rendered":"Merz y Scholz Se Re\u00fanen para Negociar Coalici\u00f3 &#8211; DW &#8211; 25\/02\/2025"},"content":{"rendered":"<p> \n<\/p>\n<div>\n<p>El Bloque Conservador de Friedrich Merz, Ganador de las Eleciones Generales del Pasado Domingo en Alemania, Y Los Socialdem\u00f3cratas del Canciller en funciones, Olaf Scholz, Emprendieron Este MARTES (25.02.2025) LAS LAS CARNERAS SOBERACONES D\u00eda en El Que Desde los Partidos se comenzaron un Formular Las Primeras Exigencias para Acuerdo.<\/p>\n<p>\u00abParto de que podemos acordar un Buen Contrato de Coalici\u00f3n Con el Partido Socialdem\u00f3crata (Spd)\u00bb, Dijo en una comparaci\u00f3n Merz, antes de Una Reuni\u00f3n del Nuevo Grupo Parlamentario Conjunto de la Uni\u00f3dianodem\u00f3crata (CDU) y CDU) (CSU) Y TRAS Entrevisttarse Durante Hora y Media en la Canciller\u00eda Con Scholz, Cuyo Partido Qued\u00f3 Tercero por detr\u00e1s de la Ultraderechista Alternativa Para Alemania (AFD).<\/p>\n<p>Merz indic\u00f3 que tanto \u00e9l como Markus S\u00f6der, El L\u00edder de la Csu, Asumir\u00e1n El Liderazgo del Equipo Negociador de los Conservadores y Reiter\u00f3 que su objetivo es Formar Gobierno Antes de Semana Santa.<\/p>\n<p><strong>Memorando Merz por Ciertos Temas<\/strong><\/p>\n<p>Antes de la reuni\u00f3n con el canciller alem\u00e1n en funciones, Merz ya le hab\u00eda mandado un memorando pidi\u00e9ndole que durante el tiempo que siga al frente del Gobierno no ascienda a funcionarios afines y que en materia internacional muestre cierta reserva y remita al siguiente Ejecutivo.<\/p>\n<p>El Pol\u00edtico Conservador Afirm\u00f3 que es PRONTO PARA HABLAR SOBRE EL CONTENIDO DE LAS CONVERSURACIONES, Pero Record\u00f3 que para la Cdu-Csu Hay Tres Tempas de M\u00e1xima Urgencia: La Pol\u00edta Exterior y de Seguridad, la Migraci\u00f3n y la econom\u00eda, en situaci\u00f3n \u00ab\u00bb. \u00ab\u00bb \u00ab\u00bb. \u00ab\u00bb \u00ab\u00bb. \u00ab\u00bb \u00ab.\u00bb \u00ab\u00bb. \u00ab\u00bb \u00ab\u00bb<\/p>\n<p>Decisiones Requeridas de los Todos Estos \u00abr\u00e1pidas\u00bb e \u00abinaplazables\u00bb y un gobierno capaz de actuar, afirm\u00f3 merz, que se\u00f1al\u00f3 que en su opini\u00f3n el spd -que todav\u00eda no ha hat concretado qui\u00e9n asumir\u00e1 la negoci\u00e1n, anty el p\u00e1s reina Migracia hijo Necesarios \u00abCambios Fundamentals\u00bb.<\/p>\n<p>Tambi\u00e9n confirm\u00f3 que las conversaciones Engloban la Posibilidad de Pactar Presupesto Extraordinario Con el Que Financiar El Incremento del Gasto en Defensa en Alemania sin incrir T\u00e9cnicamento en M\u00c1S deUDA, Pero matiz\u00f3 que es \u00abPronto\u00bb y que ahora MISMO ESTE PROP\u00d3S COMPLOEATA COMPLOEATA.<\/p>\n<p>CT (EFE, NTV)<\/p>\n<\/p>\n<\/div>\n\n","protected":false},"excerpt":{"rendered":"<p>El Bloque Conservador de Friedrich Merz, Ganador de las Eleciones Generales del Pasado Domingo en Alemania, Y Los Socialdem\u00f3cratas del Canciller en funciones, Olaf Scholz, Emprendieron Este MARTES (25.02.2025) LAS LAS CARNERAS SOBERACONES D\u00eda en El Que Desde los Partidos se comenzaron un Formular Las Primeras Exigencias para Acuerdo. \u00abParto de que podemos acordar un &hellip;<\/p>\n","protected":false},"author":1,"featured_media":16216,"comment_status":"open","ping_status":"open","sticky":false,"template":"","format":"standard","meta":{"fifu_image_url":"https:\/\/static.dw.com\/image\/71678101_6.jpg","fifu_image_alt":"","footnotes":""},"categories":[13],"tags":[],"class_list":["post-16215","post","type-post","status-publish","format-standard","has-post-thumbnail","","category-mundo"],"_links":{"self":[{"href":"https:\/\/noticiasveraces.com\/index.php?rest_route=\/wp\/v2\/posts\/16215","targetHints":{"allow":["GET"]}}],"collection":[{"href":"https:\/\/noticiasveraces.com\/index.php?rest_route=\/wp\/v2\/posts"}],"about":[{"href":"https:\/\/noticiasveraces.com\/index.php?rest_route=\/wp\/v2\/types\/post"}],"author":[{"embeddable":true,"href":"https:\/\/noticiasveraces.com\/index.php?rest_route=\/wp\/v2\/users\/1"}],"replies":[{"embeddable":true,"href":"https:\/\/noticiasveraces.com\/index.php?rest_route=%2Fwp%2Fv2%2Fcomments&post=16215"}],"version-history":[{"count":0,"href":"https:\/\/noticiasveraces.com\/index.php?rest_route=\/wp\/v2\/posts\/16215\/revisions"}],"wp:featuredmedia":[{"embeddable":true,"href":"https:\/\/noticiasveraces.com\/index.php?rest_route=\/wp\/v2\/media\/16216"}],"wp:attachment":[{"href":"https:\/\/noticiasveraces.com\/index.php?rest_route=%2Fwp%2Fv2%2Fmedia&parent=16215"}],"wp:term":[{"taxonomy":"category","embeddable":true,"href":"https:\/\/noticiasveraces.com\/index.php?rest_route=%2Fwp%2Fv2%2Fcategories&post=16215"},{"taxonomy":"post_tag","embeddable":true,"href":"https:\/\/noticiasveraces.com\/index.php?rest_route=%2Fwp%2Fv2%2Ftags&post=16215"}],"curies":[{"name":"wp","href":"https:\/\/api.w.org\/{rel}","templated":true}]}}