{"id":16168,"date":"2025-02-25T06:09:02","date_gmt":"2025-02-25T10:09:02","guid":{"rendered":"https:\/\/noticiasveraces.com\/?p=16168"},"modified":"2025-02-25T06:09:02","modified_gmt":"2025-02-25T10:09:02","slug":"el-papa-descanso-bien-toda-la-noche-tras-su-leve-mejoria-dw-25-02-2025","status":"publish","type":"post","link":"https:\/\/noticiasveraces.com\/?p=16168","title":{"rendered":"El Papa Descans\u00f3 Bien Toda La Noche Tras Su leve Mejor\u00eda &#8211; DW &#8211; 25\/02\/2025"},"content":{"rendered":"<p> \n<\/p>\n<div>\n<p>El Papa Francisco Descans\u00f3 Bien Toda la Noche, Inform\u00f3 Este Martes (25.02.2025) La Oficina de Prensa del Vaticano, Despu\u00e9s de Que en El I \u00daltimo Parte M\u00e9dico se Comunicara que Experiment\u00f3 Una una \u00abLeve mejor\u00eda\u00bb Y QUE la insuficiENCIENCIA RENAL RENAL RENALA COMEATEM\u00cdA ALA AAB\u00cdAB\u00cdA AHEB\u00cdAN DETEC\u00cdA ALEAB\u00cdAN DetectectEnAan DetectectEdEnAan DetectectEdEnan \u00abNo es ES preocupante \u00ab.<\/p>\n<p>\u00abEl Papa Ha Descansado Bien, Toda la Noche\u00bb, Fue El Escueto Mensaje del Vaticano, Mientras sepera un Nuevo Parte M\u00e9dico esta Tarde, en El D\u00eda 12 de Su Hospitalizaci\u00f3n Pora Neumon\u00eda Bilateral bilateral Yotras complacies.<\/p>\n<p>En el parte M\u00e9dico del Lunes por la Tarde se inform\u00f3 de que \u00abLas Condicatos Cl\u00ednicas del Santo Padre, en su Estado Cr\u00edtico, DemUrestan Una leve mejor\u00eda\u00bb y Que no se hab\u00edan verificado episodios de crisis respiratorias asm\u00e1ticas, asi como comas \u00abalgunos ex \u00e1men delg\u00e9n Laboratorio Han Mejorado \u00ab.<\/p>\n<p>Asimismo, El Control de la \u00ableve\u00bb insuficia Detectada renal el d\u00eda anterior \u00abno suscita preocupacia\u00bb.<\/p>\n<figure class=\"placeholder-image master_landscape big\"><img data-format=\"MASTER_LANDSCAPE\" data-id=\"71736832\" data-url=\"https:\/\/static.dw.com\/image\/71736832_${formatId}.jpg\" data-aspect-ratio=\"16\/9\" alt=\"UNA MULTITUD EN LA CALLE EN UNA Misa por la Salud del Papa Francisco, En Buenos Aires.\" style=\"padding-bottom: 56.25%; height: 0; max-height: 0;\"\/><figcaption class=\"img-caption\">UNA MULTITUD EN LA PLAZA CONSTITUCON, EN UNA Misa por la Salud del Papa Francisco, En Buenos Aires.<small class=\"copyright\">Imagen: Luis Robayo\/AFP<\/small><\/figcaption><\/figure>\n<p>El Papa Contin\u00faa Con la Terapia de Ox\u00edsgeno, Pero Con fljos a un porcentaje \u00abLevemento Reducidos\u00bb A Los de D\u00edas Anteriores.<\/p>\n<p>Los M\u00e9dicos, un tenor de la Complejidad de su cuadro cl\u00ednico y de forma prudencial, prefieren a\u00fan mantener el pron\u00f3stico reservado.<\/p>\n<p>Tambi\u00e9n se Comunic\u00f3 Que Volvi\u00f3 a Llamar por Tel\u00e9fono Al P\u00e1rroco de la \u00fanica Parroquia Cat\u00f3lica de la Franja de Gaza para expresarle su \u00abPaterna Cercan\u00eda\u00bb Y Que Hab\u00eda Retrater Algunaas Tareas.<\/p>\n<p>El Secretario de Estado Vaticano, Pietro Parolin, Presidi\u00f3 en la Noche del Lunes un rezo del Rosario por la Salud del Papa en la Plaza de San Pedro.<\/p>\n<p>CP (EFE, AFP)<\/p>\n<\/div>\n\n","protected":false},"excerpt":{"rendered":"<p>El Papa Francisco Descans\u00f3 Bien Toda la Noche, Inform\u00f3 Este Martes (25.02.2025) La Oficina de Prensa del Vaticano, Despu\u00e9s de Que en El I \u00daltimo Parte M\u00e9dico se Comunicara que Experiment\u00f3 Una una \u00abLeve mejor\u00eda\u00bb Y QUE la insuficiENCIENCIA RENAL RENAL RENALA COMEATEM\u00cdA ALA AAB\u00cdAB\u00cdA AHEB\u00cdAN DETEC\u00cdA ALEAB\u00cdAN DetectectEnAan DetectectEdEnAan DetectectEdEnan \u00abNo es ES preocupante &hellip;<\/p>\n","protected":false},"author":1,"featured_media":16169,"comment_status":"open","ping_status":"open","sticky":false,"template":"","format":"standard","meta":{"fifu_image_url":"https:\/\/static.dw.com\/image\/71736868_6.jpg","fifu_image_alt":"","footnotes":""},"categories":[13],"tags":[],"class_list":["post-16168","post","type-post","status-publish","format-standard","has-post-thumbnail","","category-mundo"],"_links":{"self":[{"href":"https:\/\/noticiasveraces.com\/index.php?rest_route=\/wp\/v2\/posts\/16168","targetHints":{"allow":["GET"]}}],"collection":[{"href":"https:\/\/noticiasveraces.com\/index.php?rest_route=\/wp\/v2\/posts"}],"about":[{"href":"https:\/\/noticiasveraces.com\/index.php?rest_route=\/wp\/v2\/types\/post"}],"author":[{"embeddable":true,"href":"https:\/\/noticiasveraces.com\/index.php?rest_route=\/wp\/v2\/users\/1"}],"replies":[{"embeddable":true,"href":"https:\/\/noticiasveraces.com\/index.php?rest_route=%2Fwp%2Fv2%2Fcomments&post=16168"}],"version-history":[{"count":0,"href":"https:\/\/noticiasveraces.com\/index.php?rest_route=\/wp\/v2\/posts\/16168\/revisions"}],"wp:featuredmedia":[{"embeddable":true,"href":"https:\/\/noticiasveraces.com\/index.php?rest_route=\/wp\/v2\/media\/16169"}],"wp:attachment":[{"href":"https:\/\/noticiasveraces.com\/index.php?rest_route=%2Fwp%2Fv2%2Fmedia&parent=16168"}],"wp:term":[{"taxonomy":"category","embeddable":true,"href":"https:\/\/noticiasveraces.com\/index.php?rest_route=%2Fwp%2Fv2%2Fcategories&post=16168"},{"taxonomy":"post_tag","embeddable":true,"href":"https:\/\/noticiasveraces.com\/index.php?rest_route=%2Fwp%2Fv2%2Ftags&post=16168"}],"curies":[{"name":"wp","href":"https:\/\/api.w.org\/{rel}","templated":true}]}}