{"id":16165,"date":"2025-02-25T05:58:36","date_gmt":"2025-02-25T09:58:36","guid":{"rendered":"https:\/\/noticiasveraces.com\/?p=16165"},"modified":"2025-02-25T05:58:36","modified_gmt":"2025-02-25T09:58:36","slug":"toni-nadal-defiende-a-jannik-sinner-algunos-que-haban-no-son-miy-limpios","status":"publish","type":"post","link":"https:\/\/noticiasveraces.com\/?p=16165","title":{"rendered":"Toni Nadal Defiende A Jannik Sinner: &quot;Algunos que haban no son miy limpios&quot;"},"content":{"rendered":"<p> \n<br \/><img decoding=\"async\" src=\"https:\/\/fotografias.antena3.com\/clipping\/cmsimages01\/2024\/11\/21\/E4877527-1619-4232-91A3-61F8C2B02105\/toni-nadal-rafa-open-australia-2017_96.jpg?crop=3000,1688,x0,y0&amp;width=1200&amp;height=675&amp;optimize=low&amp;format=webply\" \/><\/p>\n<p>Toni Nadal, T\u00edo y Exentrenador de Rafa Nadal, Volvi\u00f3 A Pronunciarse ESTE Lunes Sobre El Caso de Dopaje del Italiano Jannik Sinner en una rueda de Prensa de Presentaci\u00f3n del Campeonato de Mallorca. De Hecho, Lanz\u00f3 una acusaci\u00f3n Velada contra Algunos de los que Han Cargado Contra El Italiano en los \u00daltimos Tiempos.<\/p>\n<blockquote class=\"blockquote \">\n<p class=\"blockquote__quote\">\u00abUno Tinee que Sanci\u00f3n al que intencionadamento hace las cosas mal y buscando un beneficio propio. Y s\u00e9 que no es el Caso de Sinner\u00bb<\/p>\n<footer class=\"blockquote__footer\">\n<p class=\"blockquote__info\">Toni Nadal<\/p>\n<\/footer>\n<\/blockquote>\n<p>\u00abYo estoy en contra de la Sanci\u00f3n. Yo Conozco Personalme A Sinner y No Tuvo Ninguna Volunte de Delinquir y No Puedes Tratar, una personalidad una persona como un error de error, productido de manera. Uno Tiene que Sanci\u00f3n al que intencionadamento Hace las Cosas Mal y Buscando Un Ben\u00e9ficio. <b>La Sanci\u00f3n de Tres Meses Al Transalpino<\/b>.  <\/p>\n<p>El Mentor Que Llev\u00f3 a Rafa Nadal a Lo M\u00e1s Alto de la \u00c9lite Est\u00e1 Claramento conforme con la resoluci\u00f3n de la ama tras su pacto con el Jugador italiano, <b>Trato que Ha Indignado A Muchos Jugadores del Circuito<\/b> Que Creen Que Ha Existido un trato desigual en este Caso del N\u00famero 1 de la ATP. <\/p>\n<p><h2 class=\"title-h2\">&#8216;Lo Hicieron Mal Antes&#8217;<\/h2>\n<\/p>\n<p>\u00abEs verdad que dicen que a otros que no son n\u00fameros 1 les aplicaron una sanci\u00f3n, pues lo hicieron mal antes. A m\u00ed me sorprende que distintos jugadores se hayan posicionado en contra, incluso algunos de m\u00e1ximo nivel y algunos que no son muy limpios\u00bb , zanj\u00f3 toni Nadal en una acusaci\u00f3n Velada Hacia Algunas de Las Grandes Estrellas del tenis Mundial.<\/p>\n<p><i>S\u00edguenos en Nuestro Canal de Whatsapp y No te Pierdas la \u00daLtima Hora y Toda la actualidad de antena3noticias.com<\/i><\/p>\n\n","protected":false},"excerpt":{"rendered":"<p>Toni Nadal, T\u00edo y Exentrenador de Rafa Nadal, Volvi\u00f3 A Pronunciarse ESTE Lunes Sobre El Caso de Dopaje del Italiano Jannik Sinner en una rueda de Prensa de Presentaci\u00f3n del Campeonato de Mallorca. De Hecho, Lanz\u00f3 una acusaci\u00f3n Velada contra Algunos de los que Han Cargado Contra El Italiano en los \u00daltimos Tiempos. \u00abUno Tinee &hellip;<\/p>\n","protected":false},"author":1,"featured_media":16167,"comment_status":"open","ping_status":"open","sticky":false,"template":"","format":"standard","meta":{"fifu_image_url":"https:\/\/fotografias.antena3.com\/clipping\/cmsimages01\/2024\/11\/21\/E4877527-1619-4232-91A3-61F8C2B02105\/toni-nadal-rafa-open-australia-2017_69.jpg?crop=3000,1688,x0,y0&width=1280&height=720&optimize=low&format=jpg","fifu_image_alt":"","footnotes":""},"categories":[6],"tags":[],"class_list":["post-16165","post","type-post","status-publish","format-standard","has-post-thumbnail","","category-deportes"],"_links":{"self":[{"href":"https:\/\/noticiasveraces.com\/index.php?rest_route=\/wp\/v2\/posts\/16165","targetHints":{"allow":["GET"]}}],"collection":[{"href":"https:\/\/noticiasveraces.com\/index.php?rest_route=\/wp\/v2\/posts"}],"about":[{"href":"https:\/\/noticiasveraces.com\/index.php?rest_route=\/wp\/v2\/types\/post"}],"author":[{"embeddable":true,"href":"https:\/\/noticiasveraces.com\/index.php?rest_route=\/wp\/v2\/users\/1"}],"replies":[{"embeddable":true,"href":"https:\/\/noticiasveraces.com\/index.php?rest_route=%2Fwp%2Fv2%2Fcomments&post=16165"}],"version-history":[{"count":0,"href":"https:\/\/noticiasveraces.com\/index.php?rest_route=\/wp\/v2\/posts\/16165\/revisions"}],"wp:featuredmedia":[{"embeddable":true,"href":"https:\/\/noticiasveraces.com\/index.php?rest_route=\/wp\/v2\/media\/16167"}],"wp:attachment":[{"href":"https:\/\/noticiasveraces.com\/index.php?rest_route=%2Fwp%2Fv2%2Fmedia&parent=16165"}],"wp:term":[{"taxonomy":"category","embeddable":true,"href":"https:\/\/noticiasveraces.com\/index.php?rest_route=%2Fwp%2Fv2%2Fcategories&post=16165"},{"taxonomy":"post_tag","embeddable":true,"href":"https:\/\/noticiasveraces.com\/index.php?rest_route=%2Fwp%2Fv2%2Ftags&post=16165"}],"curies":[{"name":"wp","href":"https:\/\/api.w.org\/{rel}","templated":true}]}}