{"id":16153,"date":"2025-02-25T04:10:09","date_gmt":"2025-02-25T08:10:09","guid":{"rendered":"https:\/\/noticiasveraces.com\/?p=16153"},"modified":"2025-02-25T04:10:09","modified_gmt":"2025-02-25T08:10:09","slug":"john-wayne-y-clint-eastwoods-epic-world-war-2-battle-movies-streaming-now-peliculas-entretenimiento","status":"publish","type":"post","link":"https:\/\/noticiasveraces.com\/?p=16153","title":{"rendered":"John Wayne y Clint Eastwood&#8217;s Epic World War 2 Battle Movies Streaming Now | Pel\u00edculas | Entretenimiento"},"content":{"rendered":"<p> \n<\/p>\n<div>\n<p data-mce-linkchecker-status=\"valid\">Este a\u00f1o se cumple el 80 aniversario del \u00faltimo a\u00f1o de la Segunda Guerra Mundial y fue el 19 de febrero que comenz\u00f3 la Batalla de Iwo Jima en el Teatro Pac\u00edfico. La batalla principal dur\u00f3 cinco semanas y vio algunas de las luchas m\u00e1s sangrientas de la Guerra del Pac\u00edfico. Alrededor de 18,000 japoneses de los 21,000 estacionados all\u00ed y casi 7000 estadounidenses fueron asesinados. El 23 de febrero, seis marines de los Estados Unidos levantaron la bandera de los Estados Unidos sobre el Monte Suribachi. La fotograf\u00eda de Joe Rosenthal gan\u00f3 el Premio Pulitzer y se ha convertido en una de las im\u00e1genes m\u00e1s famosas de la Segunda Guerra Mundial. Hay tres pel\u00edculas principales sobre la Batalla de Iwo Jima, con una protagonizada por John Wayne y las otras dos dirigidas por Clint Eastwood. Las pel\u00edculas, sobre las que se puede encontrar m\u00e1s a continuaci\u00f3n, est\u00e1n disponibles para alquilar o comprar en Amazon Prime Video y Apple TV+.<\/p>\n<\/div>\n<div>\n<p class=\"withoutCaption\"><picture><source type=\"image\/avif\" srcset=\"https:\/\/cdn.images.express.co.uk\/img\/dynamic\/36\/1200x712\/secondary\/sands-of-iwo-jima-5980103.avif?r=1740416488579\" media=\"screen and (min-width:10000px)\"><source type=\"image\/webp\" srcset=\"https:\/\/cdn.images.express.co.uk\/img\/dynamic\/36\/1200x712\/secondary\/sands-of-iwo-jima-5980103.webp?r=1740416488579\" media=\"screen and (min-width:10000px)\"><source type=\"image\/jpeg\" srcset=\"https:\/\/cdn.images.express.co.uk\/img\/dynamic\/36\/1200x712\/secondary\/sands-of-iwo-jima-5980103.jpg?r=1740416488579\" media=\"screen and (min-width:10000px)\"><source type=\"image\/avif\" srcset=\"https:\/\/cdn.images.express.co.uk\/img\/dynamic\/36\/940x\/secondary\/sands-of-iwo-jima-5980103.avif?r=1740416488579\" media=\"screen\"><source type=\"image\/webp\" srcset=\"https:\/\/cdn.images.express.co.uk\/img\/dynamic\/36\/940x\/secondary\/sands-of-iwo-jima-5980103.webp?r=1740416488579\" media=\"screen\"><img decoding=\"async\" class=\"zoomEnabled\" src=\"https:\/\/cdn.images.express.co.uk\/img\/dynamic\/36\/1200x712\/secondary\/sands-of-iwo-jima-5980103.jpg?r=1740416488579\" alt=\"p\u00f3ster\" title=\"p\u00f3ster\" width=\"940\" height=\"744\" loading=\"lazy\"\/><\/source><\/source><\/source><\/source><\/source><\/picture><\/p>\n<div class=\"newsCaption\">\n<h3>Sands of Iwo Jima (1949)<\/h3>\n<p>Se dispar\u00f3 solo un par de a\u00f1os despu\u00e9s del conflicto fue este cl\u00e1sico de 1949 que sigui\u00f3 a un grupo de marines estadounidenses desde el entrenamiento hasta la lucha contra los japoneses. Wayne inicialmente rechaz\u00f3 protagonizada por el cl\u00e1sico nominado al Oscar, ya que ya ten\u00eda 42 a\u00f1os y sinti\u00f3 que era demasiado viejo por parte del sargento John M Stryker. En un momento, Kirk Douglas estaba considerando el papel de que el director Allan Dwan se dio cuenta de que pod\u00eda conseguir a Duke. Despu\u00e9s del \u00e9xito de la pel\u00edcula, incluida la primera nominaci\u00f3n al Oscar al Mejor Actor de Wayne, la estrella fue invitada a marcar su pu\u00f1o y sus huellas en el pavimento fuera del Teatro Chino de Grauman en Hollywood. La arena negra de Iwo Jima fue trasladada a Los \u00c1ngeles, especialmente para mezclarse con el cemento. Est\u00e1 ah\u00ed hasta el d\u00eda de hoy. Sands de Iwo Jima recre\u00f3 la ic\u00f3nica fotograf\u00eda de la batalla de la batalla, con los tres hombres sobrevivientes que lo hicieron haciendo un cameo en esta escena cuando se le indic\u00f3 que izara a las estrellas y rayas de Wayne. De hecho, la bandera utilizada en esta escena fue la real recaudada en Mount Suribachi el 23 de febrero de 1945, prestada por el Museo del Cuerpo de Marines de los Estados Unidos.<\/p>\n<p> <span class=\"caption\">(Imagen: Getty)<\/span><span class=\"magnifier\" data-img=\"https:\/\/cdn.images.express.co.uk\/img\/dynamic\/36\/1200x712\/secondary\/sands-of-iwo-jima-5980103.jpg?r=1740416488579\"\/><\/div>\n<\/div>\n<div>\n<p class=\"withoutCaption\"><picture><source type=\"image\/avif\" srcset=\"https:\/\/cdn.images.express.co.uk\/img\/dynamic\/36\/1200x712\/secondary\/letters-from-iwo-jima-5980106.avif?r=1740416488606\" media=\"screen and (min-width:10000px)\"><source type=\"image\/webp\" srcset=\"https:\/\/cdn.images.express.co.uk\/img\/dynamic\/36\/1200x712\/secondary\/letters-from-iwo-jima-5980106.webp?r=1740416488606\" media=\"screen and (min-width:10000px)\"><source type=\"image\/jpeg\" srcset=\"https:\/\/cdn.images.express.co.uk\/img\/dynamic\/36\/1200x712\/secondary\/letters-from-iwo-jima-5980106.jpg?r=1740416488606\" media=\"screen and (min-width:10000px)\"><source type=\"image\/avif\" srcset=\"https:\/\/cdn.images.express.co.uk\/img\/dynamic\/36\/940x\/secondary\/letters-from-iwo-jima-5980106.avif?r=1740416488606\" media=\"screen\"><source type=\"image\/webp\" srcset=\"https:\/\/cdn.images.express.co.uk\/img\/dynamic\/36\/940x\/secondary\/letters-from-iwo-jima-5980106.webp?r=1740416488606\" media=\"screen\"><img decoding=\"async\" class=\"zoomEnabled\" src=\"https:\/\/cdn.images.express.co.uk\/img\/dynamic\/36\/1200x712\/secondary\/letters-from-iwo-jima-5980106.jpg?r=1740416488606\" alt=\"Eastwood y estrella\" title=\"Eastwood y estrella\" width=\"940\" height=\"558\" loading=\"lazy\"\/><\/source><\/source><\/source><\/source><\/source><\/picture><\/p>\n<div class=\"newsCaption\">\n<h3>Cartas de Iwo Jima (2006)<\/h3>\n<p>La pel\u00edcula complementaria de las banderas de nuestros padres lleg\u00f3 a los cines un par de meses despu\u00e9s. Las cartas en el lenguaje japon\u00e9s de Iwo Jima, que representa la perspectiva del otro lado, se considera las superiores de las dos pel\u00edculas. Aclamada por la cr\u00edtica, la pel\u00edcula recibi\u00f3 cuatro nominaciones al Oscar, incluida la Mejor Pel\u00edcula, y gan\u00f3 por la mejor edici\u00f3n de sonido.<\/p>\n<p> <span class=\"caption\">(Imagen: Getty)<\/span><span class=\"magnifier\" data-img=\"https:\/\/cdn.images.express.co.uk\/img\/dynamic\/36\/1200x712\/secondary\/letters-from-iwo-jima-5980106.jpg?r=1740416488606\"\/><\/div>\n<\/div>\n\n","protected":false},"excerpt":{"rendered":"<p>Este a\u00f1o se cumple el 80 aniversario del \u00faltimo a\u00f1o de la Segunda Guerra Mundial y fue el 19 de febrero que comenz\u00f3 la Batalla de Iwo Jima en el Teatro Pac\u00edfico. La batalla principal dur\u00f3 cinco semanas y vio algunas de las luchas m\u00e1s sangrientas de la Guerra del Pac\u00edfico. Alrededor de 18,000 japoneses &hellip;<\/p>\n","protected":false},"author":1,"featured_media":16155,"comment_status":"open","ping_status":"open","sticky":false,"template":"","format":"standard","meta":{"fifu_image_url":"https:\/\/cdn.images.express.co.uk\/img\/dynamic\/36\/1200x630\/5980091.jpg","fifu_image_alt":"","footnotes":""},"categories":[765],"tags":[],"class_list":["post-16153","post","type-post","status-publish","format-standard","has-post-thumbnail","","category-peliculas"],"_links":{"self":[{"href":"https:\/\/noticiasveraces.com\/index.php?rest_route=\/wp\/v2\/posts\/16153","targetHints":{"allow":["GET"]}}],"collection":[{"href":"https:\/\/noticiasveraces.com\/index.php?rest_route=\/wp\/v2\/posts"}],"about":[{"href":"https:\/\/noticiasveraces.com\/index.php?rest_route=\/wp\/v2\/types\/post"}],"author":[{"embeddable":true,"href":"https:\/\/noticiasveraces.com\/index.php?rest_route=\/wp\/v2\/users\/1"}],"replies":[{"embeddable":true,"href":"https:\/\/noticiasveraces.com\/index.php?rest_route=%2Fwp%2Fv2%2Fcomments&post=16153"}],"version-history":[{"count":0,"href":"https:\/\/noticiasveraces.com\/index.php?rest_route=\/wp\/v2\/posts\/16153\/revisions"}],"wp:featuredmedia":[{"embeddable":true,"href":"https:\/\/noticiasveraces.com\/index.php?rest_route=\/wp\/v2\/media\/16155"}],"wp:attachment":[{"href":"https:\/\/noticiasveraces.com\/index.php?rest_route=%2Fwp%2Fv2%2Fmedia&parent=16153"}],"wp:term":[{"taxonomy":"category","embeddable":true,"href":"https:\/\/noticiasveraces.com\/index.php?rest_route=%2Fwp%2Fv2%2Fcategories&post=16153"},{"taxonomy":"post_tag","embeddable":true,"href":"https:\/\/noticiasveraces.com\/index.php?rest_route=%2Fwp%2Fv2%2Ftags&post=16153"}],"curies":[{"name":"wp","href":"https:\/\/api.w.org\/{rel}","templated":true}]}}