{"id":16116,"date":"2025-02-24T20:50:12","date_gmt":"2025-02-25T00:50:12","guid":{"rendered":"https:\/\/noticiasveraces.com\/?p=16116"},"modified":"2025-02-24T20:50:12","modified_gmt":"2025-02-25T00:50:12","slug":"aranceles-a-mexico-y-canada-siguen-adelante-dw-25-02-2025","status":"publish","type":"post","link":"https:\/\/noticiasveraces.com\/?p=16116","title":{"rendered":"Aranceles A M\u00e9xico y Canad\u00e1 \u00abSiguen Adelante\u00bb &#8211; DW &#8211; 25\/02\/2025"},"content":{"rendered":"<p> \n<\/p>\n<div>\n<p>El Presidente de Estados Unidos, Donald Trump, Asegur\u00f3 Este Lunes (24.02.2025) Que su plan de imponer aranceles del 25 por ciento a las importaciones de m\u00e9xico y canad\u00e1gue \u00abadelante\u00bb.<\/p>\n<p>\u00abLos Aranceles Siguen Adelante, s\u00ed\u00bb, Responde el Mandatario al Ser PreGunte Durante una Rueda de Prensa en la Casa Blanca JUNTO al Presidente Franc\u00e9s, Emmanuel Macron.<\/p>\n<p>Trump Firm\u00f3 la imposici\u00f3nica de aranceles Sobre M\u00e9xico y Canad\u00e1, Sus Vecinos y Principales Socios Comerciales, Pero aplaz\u00f3 la entrada en vigor Hasta El4 de Marzo, Despu\u00e9s de Que Esos Pa\u00edses Accedieron A Incrementar El Control Fronterizo para Frenar Frenar FluJos Migratorios y de Fentieron.<\/p>\n<p>LA Presidente de M\u00e9xico, Claudia Sheinbaum, Por Ejemplo, Anunci\u00f3 el 3 de Febero El Despliegue de 10.000 Elementos de la Guardia Nacional en la Frontera Con Estados Unidos, un Cambio de la Pausa de Un mes a los Aranceles.<\/p>\n<p>El Secretario de Econom\u00eda de M\u00e9xico, Marcelo Ebrard, Estuvo la Semana Pasada en Washington, Donde se Reuni\u00f3 con el Secretario de Comercio Estadounidense, Howard Lutnick, Con Quien Mantuvo un \u00abDi\u00c1LOGO Constructivo\u00bb, Seg\u00fan DiJo El Funcionario Mexicano.<\/p>\n<p>MG (Efe, Reuters)<\/p>\n<div class=\"vjs-wrapper embed big\">\n<h2 aria-label=\"Video integrado \u2014 Las ra\u00edces europeas de Donald Trump\" class=\"headline\"><svg xmlns=\"http:\/\/www.w3.org\/2000\/svg\" viewbox=\"0 0 20 20\"><g fill-rule=\"evenodd\"><path d=\"M14.114 7.599H13.5l.002 4.706h.601l4.582 3.25-.005-11.11zM11.084 4.444l-9.007.002-1.336.797.002 9.514 1.334.793 9.007.006 1.509-.799-.004-9.516z\"\/><\/g><\/svg>Las Ra\u00edces Europeas de Donald Trump<\/h2>\n<p><video id=\"video-71317936\" controls=\"\" playsinline=\"\" preload=\"none\" poster=\"data:image\/png;base64,iVBORw0KGgoAAAANSUhEUgAAAAEAAAABCAQAAAC1HAwCAAAAC0lEQVR42mNkYAAAAAYAAjCB0C8AAAAASUVORK5CYII=\" data-id=\"71317936\" data-posterurl=\"https:\/\/static.dw.com\/image\/37108762_605.webp\" data-duration=\"02:22\"><source src=\"https:\/\/hlsvod.dw.com\/i\/dwtv_video\/flv\/ems\/ems20250117_TrumpWurzeln_,AVC_480x270,AVC_512x288,AVC_640x360,AVC_960x540,AVC_1280x720,AVC_1920x1080,.mp4.csmil\/master.m3u8\" type=\"application\/x-mpegURL\"><source src=\"https:\/\/tvdownloaddw-a.akamaihd.net\/dwtv_video\/flv\/ems\/ems20250117_TrumpWurzeln_AVC_1920x1080.mp4\" type=\"video\/mp4\"><track src=\"https:\/\/www.dw.com\/media\/subtitles\/71406911\" srclang=\"es\" label=\"SPANISH\" default=\"\"><p class=\"vjs-no-js\">Para ver este video, habilite JavaScript y considere actualizar a un navegador web que admite el video HTML5<\/p>\n<\/track><\/source><\/source><\/video><\/div>\n<\/div>\n\n","protected":false},"excerpt":{"rendered":"<p>El Presidente de Estados Unidos, Donald Trump, Asegur\u00f3 Este Lunes (24.02.2025) Que su plan de imponer aranceles del 25 por ciento a las importaciones de m\u00e9xico y canad\u00e1gue \u00abadelante\u00bb. \u00abLos Aranceles Siguen Adelante, s\u00ed\u00bb, Responde el Mandatario al Ser PreGunte Durante una Rueda de Prensa en la Casa Blanca JUNTO al Presidente Franc\u00e9s, Emmanuel Macron. &hellip;<\/p>\n","protected":false},"author":1,"featured_media":16117,"comment_status":"open","ping_status":"open","sticky":false,"template":"","format":"standard","meta":{"fifu_image_url":"https:\/\/static.dw.com\/image\/71736242_6.jpg","fifu_image_alt":"","footnotes":""},"categories":[13],"tags":[],"class_list":["post-16116","post","type-post","status-publish","format-standard","has-post-thumbnail","","category-mundo"],"_links":{"self":[{"href":"https:\/\/noticiasveraces.com\/index.php?rest_route=\/wp\/v2\/posts\/16116","targetHints":{"allow":["GET"]}}],"collection":[{"href":"https:\/\/noticiasveraces.com\/index.php?rest_route=\/wp\/v2\/posts"}],"about":[{"href":"https:\/\/noticiasveraces.com\/index.php?rest_route=\/wp\/v2\/types\/post"}],"author":[{"embeddable":true,"href":"https:\/\/noticiasveraces.com\/index.php?rest_route=\/wp\/v2\/users\/1"}],"replies":[{"embeddable":true,"href":"https:\/\/noticiasveraces.com\/index.php?rest_route=%2Fwp%2Fv2%2Fcomments&post=16116"}],"version-history":[{"count":0,"href":"https:\/\/noticiasveraces.com\/index.php?rest_route=\/wp\/v2\/posts\/16116\/revisions"}],"wp:featuredmedia":[{"embeddable":true,"href":"https:\/\/noticiasveraces.com\/index.php?rest_route=\/wp\/v2\/media\/16117"}],"wp:attachment":[{"href":"https:\/\/noticiasveraces.com\/index.php?rest_route=%2Fwp%2Fv2%2Fmedia&parent=16116"}],"wp:term":[{"taxonomy":"category","embeddable":true,"href":"https:\/\/noticiasveraces.com\/index.php?rest_route=%2Fwp%2Fv2%2Fcategories&post=16116"},{"taxonomy":"post_tag","embeddable":true,"href":"https:\/\/noticiasveraces.com\/index.php?rest_route=%2Fwp%2Fv2%2Ftags&post=16116"}],"curies":[{"name":"wp","href":"https:\/\/api.w.org\/{rel}","templated":true}]}}