{"id":16092,"date":"2025-02-24T17:55:24","date_gmt":"2025-02-24T21:55:24","guid":{"rendered":"https:\/\/noticiasveraces.com\/?p=16092"},"modified":"2025-02-24T17:55:24","modified_gmt":"2025-02-24T21:55:24","slug":"espeluznante-wipeout-de-will-santana-y-su-rescatador-en-jet-ski","status":"publish","type":"post","link":"https:\/\/noticiasveraces.com\/?p=16092","title":{"rendered":"Espeluznante Wipeout de Will Santana y Su Rescatador en Jet-Ski"},"content":{"rendered":"<p> \n<\/p>\n<div id=\"intext\">\n<p>Willyam Santana y Daniel Rangel Nunca Olvidar\u00e1n Su \u00daltima Sesi\u00f3n de Olas Grandes en Nazar\u00e9, El M\u00edgico Sport del Sur de Portugal. Y es que la tragedia Sobrevol\u00f3 Durante Unos instantes praia do norte cuando una enorme ola caz\u00f3 a Daniel rangel cuando trataba de sacar de la rompiente al surfista hawaiano. Rangel no calcul\u00f3 bien el tiempo entre ola y ola y se vio Sorprendido por una mole de Agua Mientras Trataba de Sacar de la Zona al Surfista Hawaiano Con Su Moto de Agua.<\/p>\n<p>En la Aterradora SECUENCIA SE PUEDE VER PERFERFAMENTE COMO EL TERRIBLE Momento se desencadena en Apenas segundos. El Rescatador, Sin ya Posibilidades de Sacar la Moto de Agua Ya Santana de la Zona, Salta JUSTO ANTES DE LA LA ENGULLA EL JET-SKI CON EL SURGISTA Hawaiano en la parte de Atr\u00e1s.<\/p>\n<p>\u00abMomentos de Mucha Tensi\u00f3n, Todos A Salvo\u00bb Indica la Cuenta de Instagram Gigantes de Nazar\u00e9 Junto a dos V\u00eddeos del Terrible Momento.<\/p>\n<p>El Fot\u00f3grafo y C\u00e1mara Yunes Khader Tambi\u00e9n Capt\u00f3 El Angustioso Momento desde un \u00e1ngulo muy<\/p>\n<p>\u00ab\u00a1Acci\u00f3n sin par en nazar\u00e9 Hoy! ESTA ESTUVO CERCA, PERO AFORTUNADAME, TANTO @foamball_unicorn como @Willyamsantana Salieron A Salvo. Un Gran Respeto Por el Trabajo en Equipo Ah\u00ed FUERA \ud83d\udc99 \u00a1QUE DIA! V\u00eddeo de Yunes Khader.<\/p>\n<p>ARRIBA los creadores Explica en su cuenta de Instagram Que, por Fortuna, Todos Salieron Ilesos, Pese a Que se vivio un \u00abDrama Serio\u00bb en Nazar\u00e9.<\/p>\n<p>\u00ab\u00a1Praia do norte entreg\u00f3 un drama serio Hoy! @Willyamsantana despeg\u00f3 con una bomba masiva, Pero las cosas no salieron como lo planearon &#8230; @foamball_unicorn se apresur\u00f3 para el rescate y se encontaron en el graso de la misma ,ent intensos en intensos \u00a1Ah\u00ed Fuer! sali\u00f3 a salvo, y eso es lo que realme importa \u00ab, Se\u00f1ala por encima de los creadores.<\/p>\n<p>El Propio Santana Tranquiliz\u00f3 a sus seguidores a Trav\u00e9s de una storie en su Instagram en la que Reconoce Que Fue \u00abUna de las Cosas m\u00e1s insanas que v\u00edvido en mi vida\u00bb.<\/p>\n<p>\u00abPaso por Aqu\u00ed Para Decir que este Estoy Bien, Un Poco Dolorido del Hombro y de mi Columna &#8230; Una de Las Cosas M\u00e1s insanass que he Vivido en mi Vida. Los Mensajes \u00ab, Ind\u00f3 Will Santana.<\/p>\n<p><i>S\u00edguenos en nuestro canal de whatsapp y no te Pierdas la \u00daLtima Hora y Toda la actualidad de antena3noticias.com<\/i><\/p>\n<div class=\"recirculation-video\" data-mod=\"a3mod_recirculation_video\">\n<div class=\"recirculation-video-wrapper\">\n<div>\n<div class=\"video-wrapper\">\n  <picture class=\"video-main-picture\"><source media=\"(min-width: 481px)\" srcset=\"https:\/\/fotografias.antena3.com\/clipping\/cmsimages01\/2025\/02\/21\/62DDCA65-BC7B-4674-93CE-EF20CA76F280\/hansi-flick-rueda-prensa_94.jpg?crop=1920,1080,x0,y0&amp;width=800&amp;height=450&amp;optimize=medium&amp;format=webply\" width=\"800\" height=\"450\"><source media=\"(min-width: 391px) and (max-width: 480px)\" srcset=\"https:\/\/fotografias.antena3.com\/clipping\/cmsimages01\/2025\/02\/21\/62DDCA65-BC7B-4674-93CE-EF20CA76F280\/hansi-flick-rueda-prensa_70.jpg?crop=1920,1080,x0,y0&amp;width=480&amp;height=270&amp;optimize=high&amp;format=webply\" width=\"480\" height=\"270\"><source media=\"(min-width: 321px) and (max-width: 390px)\" srcset=\"https:\/\/fotografias.antena3.com\/clipping\/cmsimages01\/2025\/02\/21\/62DDCA65-BC7B-4674-93CE-EF20CA76F280\/hansi-flick-rueda-prensa_92.jpg?crop=1920,1078,x0,y0&amp;width=390&amp;height=219&amp;optimize=high&amp;format=webply\" width=\"390\" height=\"219\"><source media=\"(max-width: 320px)\" srcset=\"https:\/\/fotografias.antena3.com\/clipping\/cmsimages01\/2025\/02\/21\/62DDCA65-BC7B-4674-93CE-EF20CA76F280\/hansi-flick-rueda-prensa_52.jpg?crop=1920,1080,x0,y0&amp;width=320&amp;height=180&amp;optimize=high&amp;format=webply\" width=\"320\" height=\"180\"><img decoding=\"async\" title=\"Hansi Flick en Rueda de Prensa\" alt=\"Hansi Flick en Rueda de Prensa\" width=\"480\" height=\"270\" src=\"https:\/\/fotografias.antena3.com\/clipping\/cmsimages01\/2025\/02\/21\/62DDCA65-BC7B-4674-93CE-EF20CA76F280\/hansi-flick-rueda-prensa_70.jpg?crop=1920,1080,x0,y0&amp;width=480&amp;height=270&amp;optimize=high&amp;format=webply\" loading=\"lazy\" class=\"lazy\"\/><br \/>\n  <\/source><\/source><\/source><\/source><\/picture>\n <\/div>\n<\/div><\/div>\n<\/p><\/div>\n<\/div>\n\n","protected":false},"excerpt":{"rendered":"<p>Willyam Santana y Daniel Rangel Nunca Olvidar\u00e1n Su \u00daltima Sesi\u00f3n de Olas Grandes en Nazar\u00e9, El M\u00edgico Sport del Sur de Portugal. Y es que la tragedia Sobrevol\u00f3 Durante Unos instantes praia do norte cuando una enorme ola caz\u00f3 a Daniel rangel cuando trataba de sacar de la rompiente al surfista hawaiano. Rangel no calcul\u00f3 &hellip;<\/p>\n","protected":false},"author":1,"featured_media":16094,"comment_status":"open","ping_status":"open","sticky":false,"template":"","format":"standard","meta":{"fifu_image_url":"https:\/\/fotografias.antena3.com\/clipping\/cmsimages01\/2025\/02\/24\/2C83D11A-AB95-4308-BAAC-FC79E98DBCCE\/tragedia-sobrevuela-nazare-espeluznante-wipeout-will-santana-rescatador-jet-ski_69.jpg?crop=3264,1836,x0,y7&width=1280&height=720&optimize=low&format=jpg","fifu_image_alt":"","footnotes":""},"categories":[6],"tags":[],"class_list":["post-16092","post","type-post","status-publish","format-standard","has-post-thumbnail","","category-deportes"],"_links":{"self":[{"href":"https:\/\/noticiasveraces.com\/index.php?rest_route=\/wp\/v2\/posts\/16092","targetHints":{"allow":["GET"]}}],"collection":[{"href":"https:\/\/noticiasveraces.com\/index.php?rest_route=\/wp\/v2\/posts"}],"about":[{"href":"https:\/\/noticiasveraces.com\/index.php?rest_route=\/wp\/v2\/types\/post"}],"author":[{"embeddable":true,"href":"https:\/\/noticiasveraces.com\/index.php?rest_route=\/wp\/v2\/users\/1"}],"replies":[{"embeddable":true,"href":"https:\/\/noticiasveraces.com\/index.php?rest_route=%2Fwp%2Fv2%2Fcomments&post=16092"}],"version-history":[{"count":0,"href":"https:\/\/noticiasveraces.com\/index.php?rest_route=\/wp\/v2\/posts\/16092\/revisions"}],"wp:featuredmedia":[{"embeddable":true,"href":"https:\/\/noticiasveraces.com\/index.php?rest_route=\/wp\/v2\/media\/16094"}],"wp:attachment":[{"href":"https:\/\/noticiasveraces.com\/index.php?rest_route=%2Fwp%2Fv2%2Fmedia&parent=16092"}],"wp:term":[{"taxonomy":"category","embeddable":true,"href":"https:\/\/noticiasveraces.com\/index.php?rest_route=%2Fwp%2Fv2%2Fcategories&post=16092"},{"taxonomy":"post_tag","embeddable":true,"href":"https:\/\/noticiasveraces.com\/index.php?rest_route=%2Fwp%2Fv2%2Ftags&post=16092"}],"curies":[{"name":"wp","href":"https:\/\/api.w.org\/{rel}","templated":true}]}}