{"id":16090,"date":"2025-02-24T17:35:21","date_gmt":"2025-02-24T21:35:21","guid":{"rendered":"https:\/\/noticiasveraces.com\/?p=16090"},"modified":"2025-02-24T17:35:21","modified_gmt":"2025-02-24T21:35:21","slug":"afd-la-filial-de-trump-en-el-parlamento-aleman-dw-24-02-2025","status":"publish","type":"post","link":"https:\/\/noticiasveraces.com\/?p=16090","title":{"rendered":"Afd, La filial de Trump en el Parlamento Alem\u00e1n &#8211; DW &#8211; 24\/02\/2025"},"content":{"rendered":"<p> \n<\/p>\n<div>\n<p>Miados, Escenarios Apocal\u00edptica, Teor\u00edas de Conspiraci\u00f3n: Eso es un El\u00edxir para el Partido alternativa paraemania (AFD), en Parte de Extra Derecha. En la Noche de las eleciones anticipadas, Cuando Quedaba Claro que Partido de la Derecha Radical Registra una Victoria Hist\u00d3rica, Pero que, con un 20,8 por ciento, De Todos Modos Estaba detr\u00e1s de la Uni\u00f3n Conservadora Cdu\/Csu, Estalla Comentoi. ESTOS EN LAS REDES Sociales: \u00ab\u00a1fraude!\u00bb, \u00ab\u00a1Buenas Noches, Alemania!,\u00bb Vamos a Morir Todos \u00ab,\u00bb Trump, Nuestra \u00daltima Salvaci\u00f3n \u00ab.<\/p>\n<p>Los Seguidores de Afd Parec\u00eda No Tener TIempo de Celebrar la Duplicaci\u00f3n de sus votos. Parec\u00eda Impulsados \u200b\u200bpor DeSeos de Destruci\u00f3n. Para Ellos, Alemania, La Tercera Econom\u00eda del Mundo, Est\u00e1 Al Borde del Abismo. Y as\u00ed ha sido durante a\u00f1os. Durante D\u00e9cadas, as\u00ed lo expresan. Y Millones de Alemanes Parecen Comartir Estos Temores y Votan por la alternativa para alemania. Para que algo Cambie, Exigen -Parafranaeando al Presidente Estadounidense Donald Trump- \u00ab\u00a1Alemania Primero!\u00bb.<\/p>\n<p><span data-slot-id=\"Article_InContent-1\" class=\"rich-text-ad\"\/><\/p>\n<h2>Trump, la Afd y las teor\u00edas de conspiraci\u00f3n<\/h2>\n<p>Contra El Canal en YouTube <em>TV compacto<\/em>de J\u00fcrgen Els\u00e4sser, un ferviente seguidor de afd y del presidente estadounidense, heno una solicitud de Prohibici\u00f3nica en curso por parte del ministerio del interior de alemania por acusaciones de \u00abcontenido antisemita, racista, antiminor\u00edas, revisionista hist\u00f3rico y deeor\u00edas de lo de la racista, racista, antiminor\u00edas, revisionista hist\u00f3rico y de los\u00bb contenidos de loa, racista, antiminor\u00edas, revisionista hist\u00f3rico y teor\u00edas de loa -loaRiS conspiraci\u00f3n \u00ab.<\/p>\n<p>El Domingo 23.02.2025, Els\u00e4sser se quej\u00f3 en su programa de Los Alemanes: Muy Pocos Votaron por la Afd, Dice. \u00abMe parece que la Mayor\u00eda de Los Alemanes Tienen Tendencias Suicidas\u00bb, Se Queja. Un Total de Casi 400,000 Usuarios Siguen Su Programa.<\/p>\n<p>Si se cree en lo que dice Els\u00e4sser, Ahora Habr\u00e1 una Guerra en Alemania de la Cual es responsable El Ganador de Las Elecciones: Friedrich Merz, de la Uni\u00f3n Dem\u00f3crata Cristiana (CDU). \u00abLo que se Avecina Ahora es una Guerra en dos Frentes que el Se\u00f1or Merz Quiere Iniciary\u00bb, Afirma Els\u00e4sser. El Pol\u00edtico de la Cdu se Enfreshenta a Rusia Ya Los Estadounidenses Al Mismo Tiempo, Afirma. \u00abY La \u00daltima Persona que lo intent\u00f3 Fue Adolf Hitler\u00bb. Merz y Hitler. El Hundimiento. Alemania en Esbombros y Cenizas. Nada Menos que Eso.<\/p>\n<figure class=\"placeholder-image master_landscape big\"><img data-format=\"MASTER_LANDSCAPE\" data-id=\"71723399\" data-url=\"https:\/\/static.dw.com\/image\/71723399_${formatId}.jpg\" data-aspect-ratio=\"16\/9\" alt=\"Alice Weidel y Bj\u00f6rn H\u00f6cke, de Afd.\" style=\"padding-bottom: 56.25%; height: 0; max-height: 0;\"\/><figcaption class=\"img-caption\">Alice Weidel y El Controverstido Pol\u00edtico de Afd Bj\u00f6rn H\u00f6cke, Quien Calific\u00f3 a Rusia de \u00abLuchador Pionero por un Mundo Libre\u00bb.<small class=\"copyright\">Imagen: S\u00f6ren Stache\/DPA\/Picture Alliance<\/small><\/figcaption><\/figure>\n<p>Y El Populista de Ultraderecha Els\u00e4sser Tiene, Adem\u00e1s, La Soluci\u00f3n: \u00abQuiz\u00e1s Necesitemos una Ocupaci\u00f3nem Temporal por parte de las Potencias de Paz Estados Unidos y Rusia\u00bb, propone. Un exdiputado de Afd lo apoya y asegura de la Llamada CLAMAULEATRA DELESULELELEATRA DELEMAULEALEALEATRA ESTEMAULEALELEAMAULEATROS la Segunda Guerra Mundial Sigue Sido Aplicable. LOS PRESIDENTES DE ESTADOS UNIDOS Y RUSIA, DONALD TRUMP y VLADIMIR PUTIN, COMO Salvadores de la Nacia Alemana: As\u00ed lo ve la ultraderecha nacionalista moderna.<\/p>\n<p>E incluso si Alemania no est\u00e1 al borde del abismo en el Mundo real, ni Hay una guerra, y esas teor\u00edas de conspiraci\u00f3n hijo rid\u00edculas, pueden tener un impacto en el moundo real. Las eleciones Federales de 2025 Han Demostrado que muchas personas en Alemania Tienen Miados y Preocupaciones Sobre El Futuro. Ya Antes de la Guerra y LAS Crisis.<\/p>\n<p>Ya al \u200b\u200bD\u00eda SigUiente de los Comicios, la candidata, un c\u00e1ncillador de Afd, Alice Weidel, Declar\u00f3: \u00abSomos los Interlocutores para nuestros Socios de Negociaci\u00f3n en el Escenario Internacional\u00bb, refiri\u00e9nDose a sus contactos con donald Trump, Jd Vance y Elon Musk.<\/p>\n<p>A Causa de Que es de Ultraderecha, El Afd No Terr\u00e1, Tampoco en El Futuro, Un Gran Rol Pol\u00cdtico. NADIE EN ALEMANIA Quiere Coalicionar Con\u00e9n. Pero la Presi\u00f3n Interna en Materia de Pol\u00edtica Exterior Podr\u00eda ser un desaf\u00edo para el Futuro Canciller Merz. El Polit\u00f3logo Boris Vormann, Del Bard College de Berl\u00edn, Dijo A DW: \u00abLa Administraci\u00f3n de Los \u00c1ngeles no Tiene Ning\u00fan inter\u00e9s en Mantener A Europa como actor un actor Fuerte. Su Enfoque Parece ser Que Apoyar a Los Nacionalistas Radicales radicales a la Debilita a la uni\u00f3e\u00bb. \u00ab.\u00bb.<\/p>\n<figure class=\"placeholder-image master_landscape big\"><img data-format=\"MASTER_LANDSCAPE\" data-id=\"71415639\" data-url=\"https:\/\/static.dw.com\/image\/71415639_${formatId}.jpg\" data-aspect-ratio=\"16\/9\" alt=\"El Magnate Tecnol\u00f3gico Estadounidense Elon Musk en Vivo Durante Un Acto de Campa\u00f1a de Afd.\" style=\"padding-bottom: 56.25%; height: 0; max-height: 0;\"\/><figcaption class=\"img-caption\">El Magnate Tecnol\u00f3gico Estadounidense Elon Musk SE Conect\u00f3 en Vivo Durante Un Acto de Campa\u00f1a de Afd en Alemania.<small class=\"copyright\">Imagen: Hendrik Schmidt\/DPA\/Picture Alliance<\/small><\/figcaption><\/figure>\n<h2>Ultraderecha Nacionalalista: Valores Comunes, Enemigos Comunes<\/h2>\n<p>As\u00ed Las Cosas, la Afd Podr\u00eda Ser Instrumentalizada por la Administraci\u00f3n de la Administraci\u00f3n Trump para Socavar la Autoridad del Gobierno Alem\u00e1n. La base para ello es la Cercan\u00eda ideol\u00f3gica con la Afd, Explica Vormann: \u00abHay una idea com\u00fan de lo de la funci\u00f3n Mal en la Sociedad, Con la consecia, por Ejemplo, del rechazo del <em>wokismo<\/em>as\u00ed como respaldo a una imagen tradicional de la familia ya valores conservadores \u201d.<\/p>\n<p>Y, como Donald Trump, La Afd Tiene una Cierta Admiraci\u00f3 por Vladimir Putin, El Hombre Fuerte de Rusia. El Hecho de Que Putin Lleve A Cabo una Sangrienta Guerra de Agresi\u00f3n en Ucrania, Que Ya le Cost\u00f3 la Vida A Decenas de Miles de Personas, No es un Tema que preocupe a Afd.<\/p>\n<p>Con Su Cercan\u00eda A Ambos Presidentes, Afd pretende escenificarse como un partido con poder. Si los los conflictos entre europa y ee. Uu. o Rusia Escalaran, Tambi\u00e9n Podr\u00eda Perfilarse como una alternativa en pol\u00edtica exterior.<\/p>\n<p>Pero lo m\u00e1s IMPORTANTE un tener en cuenta es que el objetivo delfd es convertir en la alcalde Fuerza pol\u00edtica de alemania. Entretanto, Quiere Poner Bajo Presi\u00f3n un los conservadores y ver que Suced. La Noche Electoral, la Principal Candidata Alice Weidel Ya Hababa de Las Elecciones Federales de 2029: \u00abEntonces tendremos un mandato de gobierno\u00bb.<\/p>\n<p>(CP\/ER)<\/p>\n<\/div>\n\n","protected":false},"excerpt":{"rendered":"<p>Miados, Escenarios Apocal\u00edptica, Teor\u00edas de Conspiraci\u00f3n: Eso es un El\u00edxir para el Partido alternativa paraemania (AFD), en Parte de Extra Derecha. En la Noche de las eleciones anticipadas, Cuando Quedaba Claro que Partido de la Derecha Radical Registra una Victoria Hist\u00d3rica, Pero que, con un 20,8 por ciento, De Todos Modos Estaba detr\u00e1s de la &hellip;<\/p>\n","protected":false},"author":1,"featured_media":16091,"comment_status":"open","ping_status":"open","sticky":false,"template":"","format":"standard","meta":{"fifu_image_url":"https:\/\/static.dw.com\/image\/71723180_6.jpg","fifu_image_alt":"","footnotes":""},"categories":[13],"tags":[],"class_list":["post-16090","post","type-post","status-publish","format-standard","has-post-thumbnail","","category-mundo"],"_links":{"self":[{"href":"https:\/\/noticiasveraces.com\/index.php?rest_route=\/wp\/v2\/posts\/16090","targetHints":{"allow":["GET"]}}],"collection":[{"href":"https:\/\/noticiasveraces.com\/index.php?rest_route=\/wp\/v2\/posts"}],"about":[{"href":"https:\/\/noticiasveraces.com\/index.php?rest_route=\/wp\/v2\/types\/post"}],"author":[{"embeddable":true,"href":"https:\/\/noticiasveraces.com\/index.php?rest_route=\/wp\/v2\/users\/1"}],"replies":[{"embeddable":true,"href":"https:\/\/noticiasveraces.com\/index.php?rest_route=%2Fwp%2Fv2%2Fcomments&post=16090"}],"version-history":[{"count":0,"href":"https:\/\/noticiasveraces.com\/index.php?rest_route=\/wp\/v2\/posts\/16090\/revisions"}],"wp:featuredmedia":[{"embeddable":true,"href":"https:\/\/noticiasveraces.com\/index.php?rest_route=\/wp\/v2\/media\/16091"}],"wp:attachment":[{"href":"https:\/\/noticiasveraces.com\/index.php?rest_route=%2Fwp%2Fv2%2Fmedia&parent=16090"}],"wp:term":[{"taxonomy":"category","embeddable":true,"href":"https:\/\/noticiasveraces.com\/index.php?rest_route=%2Fwp%2Fv2%2Fcategories&post=16090"},{"taxonomy":"post_tag","embeddable":true,"href":"https:\/\/noticiasveraces.com\/index.php?rest_route=%2Fwp%2Fv2%2Ftags&post=16090"}],"curies":[{"name":"wp","href":"https:\/\/api.w.org\/{rel}","templated":true}]}}