{"id":16085,"date":"2025-02-24T16:32:30","date_gmt":"2025-02-24T20:32:30","guid":{"rendered":"https:\/\/noticiasveraces.com\/?p=16085"},"modified":"2025-02-24T16:32:30","modified_gmt":"2025-02-24T20:32:30","slug":"el-amb-de-la-onu-de-israel-exige-una-condena-formal-de-hamas","status":"publish","type":"post","link":"https:\/\/noticiasveraces.com\/?p=16085","title":{"rendered":"El Amb de la ONU de Israel exige una condena formal de Hamas"},"content":{"rendered":"<p> \n<\/p>\n<div>\n<p class=\"speakable\"><strong>NACIONES UNIDAS<\/strong> &#8211; El embajador israel\u00ed de la ONU, Danny Danon, exige que el cuerpo internacional rompa su silencio sobre las atrocidades de Hamas no solo el 7 de octubre de 2023, sino en los meses posteriores, a medida que los rehenes liberados detallan las condiciones brutales en las que se mantuvieron.<\/p>\n<p class=\"speakable\">\u00abExigimos justicia para que todos regresen, y la ONU deber\u00eda aprobar una resoluci\u00f3n condenando a Hamas\u00bb, dijo Danon mientras hablaba con la prensa el lunes. \u00abDesde el 7 de octubre nunca sucedi\u00f3\u00bb.<\/p>\n<p>Desde los ataques del 7 de octubre de 2023, que iniciaron la guerra de Israel-Hamas en curso, la ONU. Ha pasado varias resoluciones con respecto a Israel, pero no una condenar a Hamas por su nombre.<\/p>\n<p>\u00abLa ONU ha celebrado innumerables reuniones de emergencia en Israel, ha aprobado resoluciones interminables, pero cuando los terroristas masacraron a un beb\u00e9 y un ni\u00f1o y luego las mutil\u00f3, la ONU no tiene resoluciones para ofrecer\u00bb, dijo Danon.<\/p>\n<p>La demanda de Danon llega d\u00edas despu\u00e9s de que Israel recibi\u00f3 los cuerpos de Shiri Bibas, Ariel Bibas, Kfir Bibas y Oded Lifshitz.<\/p>\n<div class=\"image-ct inline\">\n<div class=\"m\"><picture><source media=\"(max-width: 767px)\" srcset=\"https:\/\/a57.foxnews.com\/static.foxnews.com\/foxnews.com\/content\/uploads\/2025\/02\/343\/192\/hostage-memorial-event-danon-3.jpg?ve=1&amp;tl=1, https:\/\/a57.foxnews.com\/static.foxnews.com\/foxnews.com\/content\/uploads\/2025\/02\/686\/384\/hostage-memorial-event-danon-3.jpg?ve=1&amp;tl=1 2x\" height=\"192\" width=\"343\"><source media=\"(min-width: 768px) and (max-width: 1023px)\" srcset=\"https:\/\/a57.foxnews.com\/static.foxnews.com\/foxnews.com\/content\/uploads\/2025\/02\/672\/378\/hostage-memorial-event-danon-3.jpg?ve=1&amp;tl=1, https:\/\/a57.foxnews.com\/static.foxnews.com\/foxnews.com\/content\/uploads\/2025\/02\/1344\/756\/hostage-memorial-event-danon-3.jpg?ve=1&amp;tl=1 2x\" height=\"378\" width=\"672\"><source media=\"(min-width: 1024px) and (max-width: 1279px)\" srcset=\"https:\/\/a57.foxnews.com\/static.foxnews.com\/foxnews.com\/content\/uploads\/2025\/02\/931\/523\/hostage-memorial-event-danon-3.jpg?ve=1&amp;tl=1, https:\/\/a57.foxnews.com\/static.foxnews.com\/foxnews.com\/content\/uploads\/2025\/02\/1862\/1046\/hostage-memorial-event-danon-3.jpg?ve=1&amp;tl=1 2x\" height=\"523\" width=\"931\"><source media=\"(min-width: 1280px)\" srcset=\"https:\/\/a57.foxnews.com\/static.foxnews.com\/foxnews.com\/content\/uploads\/2025\/02\/720\/405\/hostage-memorial-event-danon-3.jpg?ve=1&amp;tl=1, https:\/\/a57.foxnews.com\/static.foxnews.com\/foxnews.com\/content\/uploads\/2025\/02\/1440\/810\/hostage-memorial-event-danon-3.jpg?ve=1&amp;tl=1 2x\" height=\"405\" width=\"720\"><img loading=\"lazy\" decoding=\"async\" src=\"https:\/\/a57.foxnews.com\/static.foxnews.com\/foxnews.com\/content\/uploads\/2025\/02\/1200\/675\/hostage-memorial-event-danon-3.jpg?ve=1&amp;tl=1\" alt=\"Danny Danon habla en un evento conmemorativo para la familia Bibas y Oded Lifshitz\" width=\"1200\" height=\"675\"\/><\/source><\/source><\/source><\/source><\/picture><\/div>\n<div class=\"info\">\n<div class=\"caption\">\n<p><span>El embajador de la ONU de Israel, Danny Danon, entrega comentarios en un evento conmemorativo para la familia Bibas y Oded Lifshitz.<\/span> <span>()<\/span><\/p>\n<\/div>\n<\/div>\n<\/div>\n<p><strong>El embajador de la ONU de Israel golpea los ata\u00fades de Hamas &#8216;malvada y depravada&#8217; de rehenes &#8216;<\/strong><\/p>\n<p>En respuesta a una solicitud de comentarios digitales de Fox News, el portavoz del secretario general de la ONU, St\u00e9phane Durric, dijo que \u00abincluso en ausencia de tal resoluci\u00f3n en Hamas, el Secretario General ha condenado clara y expl\u00edcitamente las acciones de Hamas m\u00e1s de 100 veces m\u00e1s de 100 veces en discursos p\u00fablicos o declaraciones desde el 7 de octubre \u00ab.<\/p>\n<p>\u00abHemos sido muy claros, incluida la semana pasada en mis informes, que condenamos el desfile de cuerpos y la exhibici\u00f3n de los ata\u00fades de los rehenes fallecidos, incluida la familia Bibas, de la manera que hizo Hamas, que es aborrecible y es aborrecible y espantoso \u00ab, agreg\u00f3 Dujarric.<\/p>\n<p>Cuando se le pidi\u00f3 que comentara sobre la evaluaci\u00f3n de Israel sobre c\u00f3mo los ni\u00f1os de Bibas fueron asesinados, Durjarric dijo: \u00abEs vital que se haga una contabilidad completa sobre c\u00f3mo los dos ni\u00f1os fueron asesinados\u00bb.<\/p>\n<p>El portavoz de las FDI, el almirante trasero Daniel Hagari, dijo que la evidencia forense muestra que los que asesinaron a los dos ni\u00f1os lo hicieron \u00abcon sus manos desnudas\u00bb. Danon hizo referencia al brutal asesinato en sus comentarios, y agreg\u00f3 que los perpetradores mutilaron los cuerpos de los dos ni\u00f1os para que parecieran haber sido asesinados en un ataque a\u00e9reo, algo que Hamas reclam\u00f3 en noviembre de 2023.<\/p>\n<p>Durante un monumento conmemorativo para la familia Bibas y Oded Lifshitz, un emotivo Danon dijo: \u00abEsta es una pena que se ecol\u00f3gica a lo largo de la historia jud\u00eda. Nunca olvidaremos. Nunca perdonaremos\u00bb.<\/p>\n<div class=\"image-ct inline\">\n<div class=\"m\"><picture><source media=\"(max-width: 767px)\" srcset=\"https:\/\/a57.foxnews.com\/static.foxnews.com\/foxnews.com\/content\/uploads\/2025\/02\/343\/192\/hostage-memorial-event-danon-2.jpg?ve=1&amp;tl=1, https:\/\/a57.foxnews.com\/static.foxnews.com\/foxnews.com\/content\/uploads\/2025\/02\/686\/384\/hostage-memorial-event-danon-2.jpg?ve=1&amp;tl=1 2x\" height=\"192\" width=\"343\"><source media=\"(min-width: 768px) and (max-width: 1023px)\" srcset=\"https:\/\/a57.foxnews.com\/static.foxnews.com\/foxnews.com\/content\/uploads\/2025\/02\/672\/378\/hostage-memorial-event-danon-2.jpg?ve=1&amp;tl=1, https:\/\/a57.foxnews.com\/static.foxnews.com\/foxnews.com\/content\/uploads\/2025\/02\/1344\/756\/hostage-memorial-event-danon-2.jpg?ve=1&amp;tl=1 2x\" height=\"378\" width=\"672\"><source media=\"(min-width: 1024px) and (max-width: 1279px)\" srcset=\"https:\/\/a57.foxnews.com\/static.foxnews.com\/foxnews.com\/content\/uploads\/2025\/02\/931\/523\/hostage-memorial-event-danon-2.jpg?ve=1&amp;tl=1, https:\/\/a57.foxnews.com\/static.foxnews.com\/foxnews.com\/content\/uploads\/2025\/02\/1862\/1046\/hostage-memorial-event-danon-2.jpg?ve=1&amp;tl=1 2x\" height=\"523\" width=\"931\"><source media=\"(min-width: 1280px)\" srcset=\"https:\/\/a57.foxnews.com\/static.foxnews.com\/foxnews.com\/content\/uploads\/2025\/02\/720\/405\/hostage-memorial-event-danon-2.jpg?ve=1&amp;tl=1, https:\/\/a57.foxnews.com\/static.foxnews.com\/foxnews.com\/content\/uploads\/2025\/02\/1440\/810\/hostage-memorial-event-danon-2.jpg?ve=1&amp;tl=1 2x\" height=\"405\" width=\"720\"><img loading=\"lazy\" decoding=\"async\" src=\"https:\/\/a57.foxnews.com\/static.foxnews.com\/foxnews.com\/content\/uploads\/2025\/02\/1200\/675\/hostage-memorial-event-danon-2.jpg?ve=1&amp;tl=1\" alt=\"El embajador Danon habla en un evento conmemorativo para la familia Bibas\" width=\"1200\" height=\"675\"\/><\/source><\/source><\/source><\/source><\/picture><\/div>\n<div class=\"info\">\n<div class=\"caption\">\n<p><span>El embajador israel\u00ed Danny Danon ofrece comentarios en un evento conmemorativo para la familia Bibas y Oded Lifshitz.<\/span> <!----><\/p>\n<\/div>\n<\/div>\n<\/div>\n<p><strong>Rift Us-Ukraine estalla en las Naciones Unidas en el tercer aniversario de la guerra<\/strong><\/p>\n<p>El evento Memorial, que abri\u00f3 con un video montaje de la familia Bibas antes y durante los ataques del 7 de octubre, tambi\u00e9n incluy\u00f3 comentarios del embajador de la ONU de Argentina, Francisco Fabi\u00e1n Tropepi. <\/p>\n<p>\u00abNo podemos permitir que estas atrocidades se olviden. No podemos permitir que los responsables permanezcan impunes\u00bb, dijo Tropepi. \u00abLo que sucedi\u00f3 el 7 de octubre no fue solo otro ataque en la historia de este conflicto, fue un acto de terrorismo de brutalidad sin precedentes\u00bb.<\/p>\n<p>La familia Bibas ten\u00eda ciudadan\u00eda israel\u00ed y argentina. El presidente argentino, Javier Milei, declar\u00f3 dos d\u00edas de luto para la madre asesinada y sus hijos.<\/p>\n<div class=\"image-ct inline\">\n<div class=\"m\"><picture><source media=\"(max-width: 767px)\" srcset=\"https:\/\/a57.foxnews.com\/static.foxnews.com\/foxnews.com\/content\/uploads\/2025\/02\/343\/192\/israel-4-split.png?ve=1&amp;tl=1, https:\/\/a57.foxnews.com\/static.foxnews.com\/foxnews.com\/content\/uploads\/2025\/02\/686\/384\/israel-4-split.png?ve=1&amp;tl=1 2x\" height=\"192\" width=\"343\"><source media=\"(min-width: 768px) and (max-width: 1023px)\" srcset=\"https:\/\/a57.foxnews.com\/static.foxnews.com\/foxnews.com\/content\/uploads\/2025\/02\/672\/378\/israel-4-split.png?ve=1&amp;tl=1, https:\/\/a57.foxnews.com\/static.foxnews.com\/foxnews.com\/content\/uploads\/2025\/02\/1344\/756\/israel-4-split.png?ve=1&amp;tl=1 2x\" height=\"378\" width=\"672\"><source media=\"(min-width: 1024px) and (max-width: 1279px)\" srcset=\"https:\/\/a57.foxnews.com\/static.foxnews.com\/foxnews.com\/content\/uploads\/2025\/02\/931\/523\/israel-4-split.png?ve=1&amp;tl=1, https:\/\/a57.foxnews.com\/static.foxnews.com\/foxnews.com\/content\/uploads\/2025\/02\/1862\/1046\/israel-4-split.png?ve=1&amp;tl=1 2x\" height=\"523\" width=\"931\"><source media=\"(min-width: 1280px)\" srcset=\"https:\/\/a57.foxnews.com\/static.foxnews.com\/foxnews.com\/content\/uploads\/2025\/02\/720\/405\/israel-4-split.png?ve=1&amp;tl=1, https:\/\/a57.foxnews.com\/static.foxnews.com\/foxnews.com\/content\/uploads\/2025\/02\/1440\/810\/israel-4-split.png?ve=1&amp;tl=1 2x\" height=\"405\" width=\"720\"><img loading=\"lazy\" decoding=\"async\" src=\"https:\/\/a57.foxnews.com\/static.foxnews.com\/foxnews.com\/content\/uploads\/2025\/02\/1200\/675\/israel-4-split.png?ve=1&amp;tl=1\" alt=\"Rehenes israel\u00edes asesinados lanzados por Hamas el 20 de febrero\" width=\"1200\" height=\"675\"\/><\/source><\/source><\/source><\/source><\/picture><\/div>\n<div class=\"info\">\n<div class=\"caption\">\n<p><span>Desde la izquierda, Shiri Bibas, Kfir Bibas, Ariel Bibas y Oded Lifshitz<\/span> <span>(Foro familiar de rehenes a trav\u00e9s de AP)<\/span><\/p>\n<\/div>\n<\/div>\n<\/div>\n<p><strong><u>Haga clic aqu\u00ed para obtener la aplicaci\u00f3n Fox News<\/u><\/strong><\/p>\n<p>El primer ministro israel\u00ed, Benjamin Netanyahu, agradeci\u00f3 a Milei en un puesto sobre X, diciendo que la declaraci\u00f3n \u00abdeber\u00eda servir como una inspiraci\u00f3n para todos los l\u00edderes del mundo civilizado\u00bb.<\/p>\n<p>\u00abNo dejaremos de levantar nuestra voz hasta que cada reh\u00e9n que todav\u00eda est\u00e9 en Gaza sea tra\u00eddo a casa, hasta que los terroristas de Hamas sean derrotados, hasta que el mundo comprenda completamente la magnitud del horror que estas personas soportaron\u00bb, dijo Tropepi.<\/p>\n<p> <!----> <\/p>\n<div class=\"article-meta\">\n<div class=\"author-bio\">\n<p>Rachel Wolf es una escritora de noticias de Fox News Digital y Fox Business.<\/p>\n<\/div>\n<\/div>\n<\/div>\n\n","protected":false},"excerpt":{"rendered":"<p>NACIONES UNIDAS &#8211; El embajador israel\u00ed de la ONU, Danny Danon, exige que el cuerpo internacional rompa su silencio sobre las atrocidades de Hamas no solo el 7 de octubre de 2023, sino en los meses posteriores, a medida que los rehenes liberados detallan las condiciones brutales en las que se mantuvieron. \u00abExigimos justicia para &hellip;<\/p>\n","protected":false},"author":1,"featured_media":16087,"comment_status":"open","ping_status":"open","sticky":false,"template":"","format":"standard","meta":{"fifu_image_url":"https:\/\/static.foxnews.com\/foxnews.com\/content\/uploads\/2025\/02\/hostage-memorial-event-danon-3.jpg","fifu_image_alt":"","footnotes":""},"categories":[13],"tags":[],"class_list":["post-16085","post","type-post","status-publish","format-standard","has-post-thumbnail","","category-mundo"],"_links":{"self":[{"href":"https:\/\/noticiasveraces.com\/index.php?rest_route=\/wp\/v2\/posts\/16085","targetHints":{"allow":["GET"]}}],"collection":[{"href":"https:\/\/noticiasveraces.com\/index.php?rest_route=\/wp\/v2\/posts"}],"about":[{"href":"https:\/\/noticiasveraces.com\/index.php?rest_route=\/wp\/v2\/types\/post"}],"author":[{"embeddable":true,"href":"https:\/\/noticiasveraces.com\/index.php?rest_route=\/wp\/v2\/users\/1"}],"replies":[{"embeddable":true,"href":"https:\/\/noticiasveraces.com\/index.php?rest_route=%2Fwp%2Fv2%2Fcomments&post=16085"}],"version-history":[{"count":0,"href":"https:\/\/noticiasveraces.com\/index.php?rest_route=\/wp\/v2\/posts\/16085\/revisions"}],"wp:featuredmedia":[{"embeddable":true,"href":"https:\/\/noticiasveraces.com\/index.php?rest_route=\/wp\/v2\/media\/16087"}],"wp:attachment":[{"href":"https:\/\/noticiasveraces.com\/index.php?rest_route=%2Fwp%2Fv2%2Fmedia&parent=16085"}],"wp:term":[{"taxonomy":"category","embeddable":true,"href":"https:\/\/noticiasveraces.com\/index.php?rest_route=%2Fwp%2Fv2%2Fcategories&post=16085"},{"taxonomy":"post_tag","embeddable":true,"href":"https:\/\/noticiasveraces.com\/index.php?rest_route=%2Fwp%2Fv2%2Ftags&post=16085"}],"curies":[{"name":"wp","href":"https:\/\/api.w.org\/{rel}","templated":true}]}}