{"id":16079,"date":"2025-02-24T15:30:22","date_gmt":"2025-02-24T19:30:22","guid":{"rendered":"https:\/\/noticiasveraces.com\/?p=16079"},"modified":"2025-02-24T15:30:22","modified_gmt":"2025-02-24T19:30:22","slug":"papa-francisco-que-sufre-de-insuficiencia-renal-leve","status":"publish","type":"post","link":"https:\/\/noticiasveraces.com\/?p=16079","title":{"rendered":"Papa Francisco que sufre de &#8216;insuficiencia renal leve&#8217;"},"content":{"rendered":"<p> \n<\/p>\n<div>\n<p class=\"speakable\">El Papa Francisco permaneci\u00f3 en estado cr\u00edtico en un hospital italiano el domingo, ya que los funcionarios compartieron que sufre de: insuficiencia renal leve \u00aben medio de su tratamiento para la neumon\u00eda bilateral.<\/p>\n<p class=\"speakable\">Francis, quien actualmente se hospeda en el Hospital de la Universidad de Gemelli en Roma, permanece alerta y asisti\u00f3 a misa el domingo, seg\u00fan el Vaticano. El Papa ha estado luchando contra la neumon\u00eda y una infecci\u00f3n pulmonar compleja desde que fue hospitalizado el 14 de febrero.<\/p>\n<p>La Oficina de Prensa de Santa Sede public\u00f3 una declaraci\u00f3n detallada sobre la salud del Pope de 88 a\u00f1os el domingo, se\u00f1alando que su condici\u00f3n \u00absigue siendo cr\u00edtica, pero desde que [Saturday] Por la noche, no ha experimentado otras crisis respiratorias \u00ab.<\/p>\n<p>\u00abRecibi\u00f3 dos unidades de gl\u00f3bulos rojos concentrados con beneficio, y sus niveles de hemoglobina han aumentado\u00bb, se\u00f1al\u00f3 el informe.<\/p>\n<p><strong><u>Condici\u00f3n m\u00e9dica del Papa Francisco: qu\u00e9 saber sobre la neumon\u00eda bilateral<\/u><\/strong><\/p>\n<div class=\"image-ct inline\">\n<div class=\"m\"><picture><source media=\"(max-width: 767px)\" srcset=\"https:\/\/a57.foxnews.com\/static.foxnews.com\/foxnews.com\/content\/uploads\/2025\/02\/343\/192\/gettyimages-2199095665.jpg?ve=1&amp;tl=1, https:\/\/a57.foxnews.com\/static.foxnews.com\/foxnews.com\/content\/uploads\/2025\/02\/686\/384\/gettyimages-2199095665.jpg?ve=1&amp;tl=1 2x\" height=\"192\" width=\"343\"><source media=\"(min-width: 768px) and (max-width: 1023px)\" srcset=\"https:\/\/a57.foxnews.com\/static.foxnews.com\/foxnews.com\/content\/uploads\/2025\/02\/672\/378\/gettyimages-2199095665.jpg?ve=1&amp;tl=1, https:\/\/a57.foxnews.com\/static.foxnews.com\/foxnews.com\/content\/uploads\/2025\/02\/1344\/756\/gettyimages-2199095665.jpg?ve=1&amp;tl=1 2x\" height=\"378\" width=\"672\"><source media=\"(min-width: 1024px) and (max-width: 1279px)\" srcset=\"https:\/\/a57.foxnews.com\/static.foxnews.com\/foxnews.com\/content\/uploads\/2025\/02\/931\/523\/gettyimages-2199095665.jpg?ve=1&amp;tl=1, https:\/\/a57.foxnews.com\/static.foxnews.com\/foxnews.com\/content\/uploads\/2025\/02\/1862\/1046\/gettyimages-2199095665.jpg?ve=1&amp;tl=1 2x\" height=\"523\" width=\"931\"><source media=\"(min-width: 1280px)\" srcset=\"https:\/\/a57.foxnews.com\/static.foxnews.com\/foxnews.com\/content\/uploads\/2025\/02\/720\/405\/gettyimages-2199095665.jpg?ve=1&amp;tl=1, https:\/\/a57.foxnews.com\/static.foxnews.com\/foxnews.com\/content\/uploads\/2025\/02\/1440\/810\/gettyimages-2199095665.jpg?ve=1&amp;tl=1 2x\" height=\"405\" width=\"720\"><img loading=\"lazy\" decoding=\"async\" src=\"https:\/\/a57.foxnews.com\/static.foxnews.com\/foxnews.com\/content\/uploads\/2025\/02\/1200\/675\/gettyimages-2199095665.jpg?ve=1&amp;tl=1\" alt=\"Papa Francisco habla\" width=\"1200\" height=\"675\"\/><\/source><\/source><\/source><\/source><\/picture><\/div>\n<div class=\"info\">\n<div class=\"caption\">\n<p><span>El Papa Francisco sostiene su homil\u00eda durante la audiencia general semanal en el Pabin VI Hall el 12 de febrero de 2025, en la ciudad del Vaticano, Vaticano.<\/span> <span>(Medios del Vaticano a trav\u00e9s de Vatican Pool\/Getty Images)<\/span><\/p>\n<\/div>\n<\/div>\n<\/div>\n<p>\u00abLa trombocitopenia sigue siendo estable; sin embargo, algunos an\u00e1lisis de sangre muestran insuficiencia renal temprana y leve, que actualmente est\u00e1 bajo control\u00bb.<\/p>\n<p>La Santa Sede tambi\u00e9n se\u00f1al\u00f3 que el Papa Francisco est\u00e1 recibiendo ox\u00edgeno y \u00abpermanece alerta y bien orientado\u00bb.<\/p>\n<p>\u00abLa complejidad de la situaci\u00f3n cl\u00ednica y el tiempo necesario para que los tratamientos farmacol\u00f3gicos muestren resultados requieren que el pron\u00f3stico permanezca reservado\u00bb, concluy\u00f3 el comunicado. \u00abEsta ma\u00f1ana, en el apartamento en el d\u00e9cimo piso, particip\u00f3 en la Santa Misa, junto con aquellos que lo han estado cuidando durante estos d\u00edas de hospitalizaci\u00f3n\u00bb.<\/p>\n<p><strong><u>El Papa Francisco est\u00e1 &#8216;bien&#8217;, condici\u00f3n no potencialmente potencialmente mortal, dicen los m\u00e9dicos<\/u><\/strong><\/p>\n<div class=\"image-ct inline\">\n<div class=\"m\"><picture><source media=\"(max-width: 767px)\" srcset=\"https:\/\/a57.foxnews.com\/static.foxnews.com\/foxnews.com\/content\/uploads\/2025\/02\/343\/192\/ap25054358442602.jpg?ve=1&amp;tl=1, https:\/\/a57.foxnews.com\/static.foxnews.com\/foxnews.com\/content\/uploads\/2025\/02\/686\/384\/ap25054358442602.jpg?ve=1&amp;tl=1 2x\" height=\"192\" width=\"343\"><source media=\"(min-width: 768px) and (max-width: 1023px)\" srcset=\"https:\/\/a57.foxnews.com\/static.foxnews.com\/foxnews.com\/content\/uploads\/2025\/02\/672\/378\/ap25054358442602.jpg?ve=1&amp;tl=1, https:\/\/a57.foxnews.com\/static.foxnews.com\/foxnews.com\/content\/uploads\/2025\/02\/1344\/756\/ap25054358442602.jpg?ve=1&amp;tl=1 2x\" height=\"378\" width=\"672\"><source media=\"(min-width: 1024px) and (max-width: 1279px)\" srcset=\"https:\/\/a57.foxnews.com\/static.foxnews.com\/foxnews.com\/content\/uploads\/2025\/02\/931\/523\/ap25054358442602.jpg?ve=1&amp;tl=1, https:\/\/a57.foxnews.com\/static.foxnews.com\/foxnews.com\/content\/uploads\/2025\/02\/1862\/1046\/ap25054358442602.jpg?ve=1&amp;tl=1 2x\" height=\"523\" width=\"931\"><source media=\"(min-width: 1280px)\" srcset=\"https:\/\/a57.foxnews.com\/static.foxnews.com\/foxnews.com\/content\/uploads\/2025\/02\/720\/405\/ap25054358442602.jpg?ve=1&amp;tl=1, https:\/\/a57.foxnews.com\/static.foxnews.com\/foxnews.com\/content\/uploads\/2025\/02\/1440\/810\/ap25054358442602.jpg?ve=1&amp;tl=1 2x\" height=\"405\" width=\"720\"><img loading=\"lazy\" decoding=\"async\" src=\"https:\/\/a57.foxnews.com\/static.foxnews.com\/foxnews.com\/content\/uploads\/2025\/02\/1200\/675\/ap25054358442602.jpg?ve=1&amp;tl=1\" alt=\"Di\u00e1conos rezan por el papa\" width=\"1200\" height=\"675\"\/><\/source><\/source><\/source><\/source><\/picture><\/div>\n<div class=\"info\">\n<div class=\"caption\">\n<p><span>Los di\u00e1conos participan en una misa para su jubileo en la Bas\u00edlica de San Pedro en el Vaticano, el domingo 23 de febrero de 2025, que se supon\u00eda que fue presidido por el Papa Francisco, quien fue admitido hace m\u00e1s de una semana en el Policicl\u00ednico Agostino Gemelli de Roma y es en estado cr\u00edtico. <\/span> <span>(Photo AP\/Alessandra Tarantino)<\/span><\/p>\n<\/div>\n<\/div>\n<\/div>\n<p>La declaraci\u00f3n se produjo despu\u00e9s de que el Papa Francisco public\u00f3 un mensaje propio sobre X, agradeciendo a la comunidad cat\u00f3lica internacional por sus oraciones. Hab\u00eda sufrido una crisis respiratoria asm\u00e1tica prolongada el s\u00e1bado, una condici\u00f3n empeorada por el hecho de que ten\u00eda parte de uno de sus pulmones retirados cuando era m\u00e1s joven.<\/p>\n<p>\u00abRecientemente he recibido muchos mensajes de afecto, y me han visto particularmente afectado por las cartas y los dibujos de los ni\u00f1os\u00bb, public\u00f3 el Papa Francisco el domingo X. \u00ab\u00a1Gracias por su cercan\u00eda y por las oraciones consoladoras que he recibido de todo el mundo!\u00bb <\/p>\n<p><strong><u>Haga clic aqu\u00ed para obtener la aplicaci\u00f3n Fox News<\/u><\/strong><\/p>\n<div class=\"image-ct inline\">\n<div class=\"m\"><picture><source media=\"(max-width: 767px)\" srcset=\"https:\/\/a57.foxnews.com\/static.foxnews.com\/foxnews.com\/content\/uploads\/2025\/02\/343\/192\/pope-francis-1.jpg?ve=1&amp;tl=1, https:\/\/a57.foxnews.com\/static.foxnews.com\/foxnews.com\/content\/uploads\/2025\/02\/686\/384\/pope-francis-1.jpg?ve=1&amp;tl=1 2x\" height=\"192\" width=\"343\"><source media=\"(min-width: 768px) and (max-width: 1023px)\" srcset=\"https:\/\/a57.foxnews.com\/static.foxnews.com\/foxnews.com\/content\/uploads\/2025\/02\/672\/378\/pope-francis-1.jpg?ve=1&amp;tl=1, https:\/\/a57.foxnews.com\/static.foxnews.com\/foxnews.com\/content\/uploads\/2025\/02\/1344\/756\/pope-francis-1.jpg?ve=1&amp;tl=1 2x\" height=\"378\" width=\"672\"><source media=\"(min-width: 1024px) and (max-width: 1279px)\" srcset=\"https:\/\/a57.foxnews.com\/static.foxnews.com\/foxnews.com\/content\/uploads\/2025\/02\/931\/523\/pope-francis-1.jpg?ve=1&amp;tl=1, https:\/\/a57.foxnews.com\/static.foxnews.com\/foxnews.com\/content\/uploads\/2025\/02\/1862\/1046\/pope-francis-1.jpg?ve=1&amp;tl=1 2x\" height=\"523\" width=\"931\"><source media=\"(min-width: 1280px)\" srcset=\"https:\/\/a57.foxnews.com\/static.foxnews.com\/foxnews.com\/content\/uploads\/2025\/02\/720\/405\/pope-francis-1.jpg?ve=1&amp;tl=1, https:\/\/a57.foxnews.com\/static.foxnews.com\/foxnews.com\/content\/uploads\/2025\/02\/1440\/810\/pope-francis-1.jpg?ve=1&amp;tl=1 2x\" height=\"405\" width=\"720\"><img loading=\"lazy\" decoding=\"async\" src=\"https:\/\/a57.foxnews.com\/static.foxnews.com\/foxnews.com\/content\/uploads\/2025\/02\/1200\/675\/pope-francis-1.jpg?ve=1&amp;tl=1\" alt=\"Foto del archivo: El Papa Francisco posee a la audiencia con los peregrinos de Jubilee en el Vaticano.\" width=\"1200\" height=\"675\"\/><\/source><\/source><\/source><\/source><\/picture><\/div>\n<div class=\"info\">\n<div class=\"caption\">\n<p><span>El Papa Francisco sostiene su homil\u00eda durante la audiencia general semanal en el Pabin VI Hall el 12 de febrero de 2025 en la ciudad del Vaticano, Vaticano.<\/span> <span>(Reuters\/Ciro de Luca\/Foto de archivo)<\/span><\/p>\n<\/div>\n<\/div>\n<\/div>\n<p>\u00abTe insto a que contin\u00faes tu apostolado con alegr\u00eda y que sean una se\u00f1al de un amor que abraza a todos, como sugiere #Gospeloftheday\u00bb, otra publicaci\u00f3n de su lectura. \u00abQue podamos transformar el mal en la bondad y construir un mundo fraternal. \u00a1No tengas miedo de correr riesgos de amor!\u00bb <\/p>\n<p><i>Nota del editor: Este informe se ha actualizado para aclarar los comentarios del Vaticano sobre la condici\u00f3n del Papa Francisco.<\/i><\/p>\n<p><i>Associated Press contribuy\u00f3 a este informe.<\/i><\/p>\n<p> <!----> <\/p>\n<div class=\"article-meta\">\n<div class=\"author-bio\">\n<p>Andrea Margolis es escritora de Fox News Digital y Fox Business. Los lectores pueden enviar consejos de cuentos a andrea.margolis@fox.com<u>.<\/u><\/p>\n<\/div>\n<\/div>\n<\/div>\n\n","protected":false},"excerpt":{"rendered":"<p>El Papa Francisco permaneci\u00f3 en estado cr\u00edtico en un hospital italiano el domingo, ya que los funcionarios compartieron que sufre de: insuficiencia renal leve \u00aben medio de su tratamiento para la neumon\u00eda bilateral. Francis, quien actualmente se hospeda en el Hospital de la Universidad de Gemelli en Roma, permanece alerta y asisti\u00f3 a misa el &hellip;<\/p>\n","protected":false},"author":1,"featured_media":16081,"comment_status":"open","ping_status":"open","sticky":false,"template":"","format":"standard","meta":{"fifu_image_url":"https:\/\/static.foxnews.com\/foxnews.com\/content\/uploads\/2025\/02\/pope-francis-1.jpg","fifu_image_alt":"","footnotes":""},"categories":[13],"tags":[],"class_list":["post-16079","post","type-post","status-publish","format-standard","has-post-thumbnail","","category-mundo"],"_links":{"self":[{"href":"https:\/\/noticiasveraces.com\/index.php?rest_route=\/wp\/v2\/posts\/16079","targetHints":{"allow":["GET"]}}],"collection":[{"href":"https:\/\/noticiasveraces.com\/index.php?rest_route=\/wp\/v2\/posts"}],"about":[{"href":"https:\/\/noticiasveraces.com\/index.php?rest_route=\/wp\/v2\/types\/post"}],"author":[{"embeddable":true,"href":"https:\/\/noticiasveraces.com\/index.php?rest_route=\/wp\/v2\/users\/1"}],"replies":[{"embeddable":true,"href":"https:\/\/noticiasveraces.com\/index.php?rest_route=%2Fwp%2Fv2%2Fcomments&post=16079"}],"version-history":[{"count":0,"href":"https:\/\/noticiasveraces.com\/index.php?rest_route=\/wp\/v2\/posts\/16079\/revisions"}],"wp:featuredmedia":[{"embeddable":true,"href":"https:\/\/noticiasveraces.com\/index.php?rest_route=\/wp\/v2\/media\/16081"}],"wp:attachment":[{"href":"https:\/\/noticiasveraces.com\/index.php?rest_route=%2Fwp%2Fv2%2Fmedia&parent=16079"}],"wp:term":[{"taxonomy":"category","embeddable":true,"href":"https:\/\/noticiasveraces.com\/index.php?rest_route=%2Fwp%2Fv2%2Fcategories&post=16079"},{"taxonomy":"post_tag","embeddable":true,"href":"https:\/\/noticiasveraces.com\/index.php?rest_route=%2Fwp%2Fv2%2Ftags&post=16079"}],"curies":[{"name":"wp","href":"https:\/\/api.w.org\/{rel}","templated":true}]}}