{"id":16068,"date":"2025-02-24T12:25:08","date_gmt":"2025-02-24T16:25:08","guid":{"rendered":"https:\/\/noticiasveraces.com\/?p=16068"},"modified":"2025-02-24T12:25:08","modified_gmt":"2025-02-24T16:25:08","slug":"el-nuevo-lider-de-alemania-busca-distanciarse-de-europa-desde-trump","status":"publish","type":"post","link":"https:\/\/noticiasveraces.com\/?p=16068","title":{"rendered":"El nuevo l\u00edder de Alemania busca distanciarse de Europa desde Trump"},"content":{"rendered":"<p> \n<\/p>\n<div>\n<p class=\"speakable\">El canciller electo de Alemania, Friedrich Merz, l\u00edder del Partido de la Uni\u00f3n Democr\u00e1tica Cristiana de Centro de Deerta, dijo que su \u00abprioridad absoluta\u00bb al asumir el trabajo principal ser\u00e1 asegurar Europa para que pueda \u00ablograr la independencia\u00bb de Washington.<\/p>\n<p class=\"speakable\">\u00abNunca hubiera pensado que tendr\u00eda que decir algo como esto en un programa de televisi\u00f3n, pero, despu\u00e9s de los comentarios de Donald Trump la semana pasada &#8230; est\u00e1 claro que a este gobierno no le importa mucho el destino de Europa\u00bb, dijo Merz sobre Domingo, seg\u00fan m\u00faltiples informes.<\/p>\n<p>\u00abMi prioridad absoluta ser\u00e1 fortalecer Europa lo m\u00e1s r\u00e1pido posible para que, paso a paso, realmente podamos lograr la independencia de los Estados Unidos\u00bb, agreg\u00f3 Merz.<\/p>\n<p><strong>Trump celebra la victoria del Partido Conservador en Alemania<\/strong><\/p>\n<div class=\"image-ct inline\">\n<div class=\"m\"><picture><source media=\"(max-width: 767px)\" srcset=\"https:\/\/a57.foxnews.com\/static.foxnews.com\/foxnews.com\/content\/uploads\/2025\/02\/343\/192\/merz.jpg?ve=1&amp;tl=1, https:\/\/a57.foxnews.com\/static.foxnews.com\/foxnews.com\/content\/uploads\/2025\/02\/686\/384\/merz.jpg?ve=1&amp;tl=1 2x\" height=\"192\" width=\"343\"><source media=\"(min-width: 768px) and (max-width: 1023px)\" srcset=\"https:\/\/a57.foxnews.com\/static.foxnews.com\/foxnews.com\/content\/uploads\/2025\/02\/672\/378\/merz.jpg?ve=1&amp;tl=1, https:\/\/a57.foxnews.com\/static.foxnews.com\/foxnews.com\/content\/uploads\/2025\/02\/1344\/756\/merz.jpg?ve=1&amp;tl=1 2x\" height=\"378\" width=\"672\"><source media=\"(min-width: 1024px) and (max-width: 1279px)\" srcset=\"https:\/\/a57.foxnews.com\/static.foxnews.com\/foxnews.com\/content\/uploads\/2025\/02\/931\/523\/merz.jpg?ve=1&amp;tl=1, https:\/\/a57.foxnews.com\/static.foxnews.com\/foxnews.com\/content\/uploads\/2025\/02\/1862\/1046\/merz.jpg?ve=1&amp;tl=1 2x\" height=\"523\" width=\"931\"><source media=\"(min-width: 1280px)\" srcset=\"https:\/\/a57.foxnews.com\/static.foxnews.com\/foxnews.com\/content\/uploads\/2025\/02\/720\/405\/merz.jpg?ve=1&amp;tl=1, https:\/\/a57.foxnews.com\/static.foxnews.com\/foxnews.com\/content\/uploads\/2025\/02\/1440\/810\/merz.jpg?ve=1&amp;tl=1 2x\" height=\"405\" width=\"720\"><img loading=\"lazy\" decoding=\"async\" src=\"https:\/\/a57.foxnews.com\/static.foxnews.com\/foxnews.com\/content\/uploads\/2025\/02\/1200\/675\/merz.jpg?ve=1&amp;tl=1\" alt=\"El canciller electo de alem\u00e1n Frederick Merz\" width=\"1200\" height=\"675\"\/><\/source><\/source><\/source><\/source><\/picture><\/div>\n<div class=\"info\">\n<div class=\"caption\">\n<p><span>Friedrich Merz durante una conferencia de prensa despu\u00e9s de las elecciones federales el 24 de febrero de 2025 en Berl\u00edn, Alemania.<\/span> <span>(Florian Gaertner\/Photothek a trav\u00e9s de Getty Images)<\/span><\/p>\n<\/div>\n<\/div>\n<\/div>\n<p>Los comentarios del canciller entrante, que ha sido descrito como un ardiente \u00abtransatl\u00e1ntico\u00bb, son significativos porque podr\u00edan significar un cambio importante de las relaciones anteriores posteriores a la Segunda Guerra Mundial entre Estados Unidos y Europa.<\/p>\n<p>Al hablar sobre la pr\u00f3xima cumbre de la OTAN en junio, Merz sugiri\u00f3 que la Alianza de la OTAN \u00aben su forma actual\u00bb est\u00e1 en peligro y dijo que las naciones europeas pueden \u00abtener una capacidad de defensa europea independiente mucho m\u00e1s r\u00e1pidamente\u00bb, inform\u00f3 la BBC.<\/p>\n<p>Mike Waltz, asesor de seguridad nacional de Trump, reafirm\u00f3 la posici\u00f3n de los Estados Unidos en la OTAN la semana pasada, diciendo: \u00abApoyamos plenamente a nuestros aliados de la OTAN. Apoyamos completamente el compromiso del Art\u00edculo 5\u00bb.<\/p>\n<p>\u00abPero es hora de que nuestros aliados europeos intensifiquen\u00bb, dijo, se\u00f1alando la posici\u00f3n repetida de la administraci\u00f3n Trump en su demanda de que los pa\u00edses europeos aumenten su gasto de defensa.<\/p>\n<p>Pero la preocupaci\u00f3n tambi\u00e9n ha aumentado si Estados Unidos atraer\u00e1 a las tropas estacionadas en Europa, particularmente despu\u00e9s de que el Secretario de Defensa Pete Hegseth dijo a principios de este mes que, aunque no tiene planes a corto plazo para retirar tropas, los aliados de la OTAN no deber\u00edan hacer la \u00absuposici\u00f3n de que La presencia de Estados Unidos durar\u00e1 para siempre \u00ab. <\/p>\n<p><strong>En el tercer aniversario de la invasi\u00f3n de Ucrania, los l\u00edderes europeos muestran apoyo, expresan inquietud<\/strong><\/p>\n<div class=\"image-ct inline\">\n<div class=\"m\"><picture><source media=\"(max-width: 767px)\" srcset=\"https:\/\/a57.foxnews.com\/static.foxnews.com\/foxnews.com\/content\/uploads\/2025\/02\/343\/192\/hesgeth-nato.jpg?ve=1&amp;tl=1, https:\/\/a57.foxnews.com\/static.foxnews.com\/foxnews.com\/content\/uploads\/2025\/02\/686\/384\/hesgeth-nato.jpg?ve=1&amp;tl=1 2x\" height=\"192\" width=\"343\"><source media=\"(min-width: 768px) and (max-width: 1023px)\" srcset=\"https:\/\/a57.foxnews.com\/static.foxnews.com\/foxnews.com\/content\/uploads\/2025\/02\/672\/378\/hesgeth-nato.jpg?ve=1&amp;tl=1, https:\/\/a57.foxnews.com\/static.foxnews.com\/foxnews.com\/content\/uploads\/2025\/02\/1344\/756\/hesgeth-nato.jpg?ve=1&amp;tl=1 2x\" height=\"378\" width=\"672\"><source media=\"(min-width: 1024px) and (max-width: 1279px)\" srcset=\"https:\/\/a57.foxnews.com\/static.foxnews.com\/foxnews.com\/content\/uploads\/2025\/02\/931\/523\/hesgeth-nato.jpg?ve=1&amp;tl=1, https:\/\/a57.foxnews.com\/static.foxnews.com\/foxnews.com\/content\/uploads\/2025\/02\/1862\/1046\/hesgeth-nato.jpg?ve=1&amp;tl=1 2x\" height=\"523\" width=\"931\"><source media=\"(min-width: 1280px)\" srcset=\"https:\/\/a57.foxnews.com\/static.foxnews.com\/foxnews.com\/content\/uploads\/2025\/02\/720\/405\/hesgeth-nato.jpg?ve=1&amp;tl=1, https:\/\/a57.foxnews.com\/static.foxnews.com\/foxnews.com\/content\/uploads\/2025\/02\/1440\/810\/hesgeth-nato.jpg?ve=1&amp;tl=1 2x\" height=\"405\" width=\"720\"><img loading=\"lazy\" decoding=\"async\" src=\"https:\/\/a57.foxnews.com\/static.foxnews.com\/foxnews.com\/content\/uploads\/2025\/02\/1200\/675\/hesgeth-nato.jpg?ve=1&amp;tl=1\" alt=\"Pete Hegseth en la sede de la OTAN\" width=\"1200\" height=\"675\"\/><\/source><\/source><\/source><\/source><\/picture><\/div>\n<div class=\"info\">\n<div class=\"caption\">\n<p><span>El secretario Pete Hegseth habla en una conferencia de prensa al final de las reuniones de los ministros de defensa en la sede de la OTAN el 13 de febrero de 2025 en Bruselas, B\u00e9lgica.<\/span> <span>(Omar Havana\/Getty Images)<\/span><\/p>\n<\/div>\n<\/div>\n<\/div>\n<p>Los l\u00edderes europeos en las \u00faltimas semanas han exigido cada vez m\u00e1s una respuesta unificada de la administraci\u00f3n Trump sobre cu\u00e1l es su estrategia cuando se trata de Rusia.<\/p>\n<p>La preocupaci\u00f3n se intensific\u00f3 despu\u00e9s de que Trump y el presidente ruso Vladimir Putin hablaron la semana pasada, seguido de una reuni\u00f3n entre el Secretario de Estado Marco Rubio y su hom\u00f3logo ruso en Arabia Saudita, en la que se revel\u00f3 el impulso de la administraci\u00f3n para restablecer los lazos diplom\u00e1ticos.<\/p>\n<p>Los comentarios negativos de Trump hacia el presidente ucraniano Volodymyr Zelenskyy tambi\u00e9n han provocado la posici\u00f3n de International Ire y Washington en asegurar un acuerdo de paz entre Rusia y Ucrania, se espera que sea un tema importante de discusi\u00f3n esta semana como el presidente franc\u00e9s Emmanuel Macron y el primer ministro del Reino Unido, Keir Starmer, a Washington a Washington. para reunirse con Trump.<\/p>\n<p>Merz, quien parece estar tratando de hacer de una vez m\u00e1s a Alemania un jugador superior cuando se trata de geopol\u00edtica, enfatiz\u00f3 el lunes su apoyo a Ucrania. <\/p>\n<div class=\"image-ct inline\">\n<div class=\"m\"><picture><source media=\"(max-width: 767px)\" srcset=\"https:\/\/a57.foxnews.com\/static.foxnews.com\/foxnews.com\/content\/uploads\/2025\/02\/343\/192\/macron.jpg?ve=1&amp;tl=1, https:\/\/a57.foxnews.com\/static.foxnews.com\/foxnews.com\/content\/uploads\/2025\/02\/686\/384\/macron.jpg?ve=1&amp;tl=1 2x\" height=\"192\" width=\"343\"><source media=\"(min-width: 768px) and (max-width: 1023px)\" srcset=\"https:\/\/a57.foxnews.com\/static.foxnews.com\/foxnews.com\/content\/uploads\/2025\/02\/672\/378\/macron.jpg?ve=1&amp;tl=1, https:\/\/a57.foxnews.com\/static.foxnews.com\/foxnews.com\/content\/uploads\/2025\/02\/1344\/756\/macron.jpg?ve=1&amp;tl=1 2x\" height=\"378\" width=\"672\"><source media=\"(min-width: 1024px) and (max-width: 1279px)\" srcset=\"https:\/\/a57.foxnews.com\/static.foxnews.com\/foxnews.com\/content\/uploads\/2025\/02\/931\/523\/macron.jpg?ve=1&amp;tl=1, https:\/\/a57.foxnews.com\/static.foxnews.com\/foxnews.com\/content\/uploads\/2025\/02\/1862\/1046\/macron.jpg?ve=1&amp;tl=1 2x\" height=\"523\" width=\"931\"><source media=\"(min-width: 1280px)\" srcset=\"https:\/\/a57.foxnews.com\/static.foxnews.com\/foxnews.com\/content\/uploads\/2025\/02\/720\/405\/macron.jpg?ve=1&amp;tl=1, https:\/\/a57.foxnews.com\/static.foxnews.com\/foxnews.com\/content\/uploads\/2025\/02\/1440\/810\/macron.jpg?ve=1&amp;tl=1 2x\" height=\"405\" width=\"720\"><img loading=\"lazy\" decoding=\"async\" src=\"https:\/\/a57.foxnews.com\/static.foxnews.com\/foxnews.com\/content\/uploads\/2025\/02\/1200\/675\/macron.jpg?ve=1&amp;tl=1\" alt=\"Macron y Starmer se re\u00fanen para la cumbre de emergencia de Ucrania\" width=\"1200\" height=\"675\"\/><\/source><\/source><\/source><\/source><\/picture><\/div>\n<div class=\"info\">\n<div class=\"caption\">\n<p><span>El presidente de Francia, Emmanuel Macron, da la bienvenida al primer ministro de Gran Breta\u00f1a, Keir Starmer, antes de una cumbre informal de los l\u00edderes europeos para discutir la situaci\u00f3n en Ucrania y la seguridad europea en Par\u00eds el 17 de febrero de 2025.<\/span> <span>(Ludovic Marin\/AFP a trav\u00e9s de Getty Images)<\/span><\/p>\n<\/div>\n<\/div>\n<\/div>\n<p><strong>Haga clic aqu\u00ed para obtener la aplicaci\u00f3n Fox News<\/strong> <\/p>\n<p>\u00abTres a\u00f1os de guerra de agresi\u00f3n rusa contra [Ukraine]. Tres a\u00f1os de guerra en Europa, \u00abdestac\u00f3 en X.\u00bb Durante tres a\u00f1os, hemos estado acompa\u00f1ados por las terribles im\u00e1genes de destrucci\u00f3n y cr\u00edmenes de guerra. Europa permanece firmemente del lado de Ucrania. <\/p>\n<p>\u00abAhora m\u00e1s que nunca, debemos poner a Ucrania en una posici\u00f3n de fuerza. Para una paz justa, el pa\u00eds atacado debe ser parte de las negociaciones de paz\u00bb, dijo Merz.  <\/p>\n<p> <!----> <\/p>\n<div class=\"article-meta\">\n<div class=\"author-bio\">\n<p>Caitlin McFall es reportero de Fox News Digital Cubting Politics, US y World News.<\/p>\n<\/div>\n<\/div>\n<\/div>\n\n","protected":false},"excerpt":{"rendered":"<p>El canciller electo de Alemania, Friedrich Merz, l\u00edder del Partido de la Uni\u00f3n Democr\u00e1tica Cristiana de Centro de Deerta, dijo que su \u00abprioridad absoluta\u00bb al asumir el trabajo principal ser\u00e1 asegurar Europa para que pueda \u00ablograr la independencia\u00bb de Washington. \u00abNunca hubiera pensado que tendr\u00eda que decir algo como esto en un programa de televisi\u00f3n, &hellip;<\/p>\n","protected":false},"author":1,"featured_media":16070,"comment_status":"open","ping_status":"open","sticky":false,"template":"","format":"standard","meta":{"fifu_image_url":"https:\/\/static.foxnews.com\/foxnews.com\/content\/uploads\/2025\/02\/merz-trump-2.jpg","fifu_image_alt":"","footnotes":""},"categories":[13],"tags":[],"class_list":["post-16068","post","type-post","status-publish","format-standard","has-post-thumbnail","","category-mundo"],"_links":{"self":[{"href":"https:\/\/noticiasveraces.com\/index.php?rest_route=\/wp\/v2\/posts\/16068","targetHints":{"allow":["GET"]}}],"collection":[{"href":"https:\/\/noticiasveraces.com\/index.php?rest_route=\/wp\/v2\/posts"}],"about":[{"href":"https:\/\/noticiasveraces.com\/index.php?rest_route=\/wp\/v2\/types\/post"}],"author":[{"embeddable":true,"href":"https:\/\/noticiasveraces.com\/index.php?rest_route=\/wp\/v2\/users\/1"}],"replies":[{"embeddable":true,"href":"https:\/\/noticiasveraces.com\/index.php?rest_route=%2Fwp%2Fv2%2Fcomments&post=16068"}],"version-history":[{"count":0,"href":"https:\/\/noticiasveraces.com\/index.php?rest_route=\/wp\/v2\/posts\/16068\/revisions"}],"wp:featuredmedia":[{"embeddable":true,"href":"https:\/\/noticiasveraces.com\/index.php?rest_route=\/wp\/v2\/media\/16070"}],"wp:attachment":[{"href":"https:\/\/noticiasveraces.com\/index.php?rest_route=%2Fwp%2Fv2%2Fmedia&parent=16068"}],"wp:term":[{"taxonomy":"category","embeddable":true,"href":"https:\/\/noticiasveraces.com\/index.php?rest_route=%2Fwp%2Fv2%2Fcategories&post=16068"},{"taxonomy":"post_tag","embeddable":true,"href":"https:\/\/noticiasveraces.com\/index.php?rest_route=%2Fwp%2Fv2%2Ftags&post=16068"}],"curies":[{"name":"wp","href":"https:\/\/api.w.org\/{rel}","templated":true}]}}