{"id":16065,"date":"2025-02-24T12:13:34","date_gmt":"2025-02-24T16:13:34","guid":{"rendered":"https:\/\/noticiasveraces.com\/?p=16065"},"modified":"2025-02-24T12:13:34","modified_gmt":"2025-02-24T16:13:34","slug":"el-60-de-los-adolescentes-sabe-sabe-el-control-parental-en-el-entorno-digital-sociedad","status":"publish","type":"post","link":"https:\/\/noticiasveraces.com\/?p=16065","title":{"rendered":"EL 60% de los adolescentes Sabe Sabe El Control Parental en el Entorno Digital | Sociedad"},"content":{"rendered":"<p> \n<br \/><img decoding=\"async\" src=\"https:\/\/imagenes.elpais.com\/resizer\/v2\/YDH2NS3OTBEDFK74M4I273FWLA.jpg?auth=4a81b3946b37e7a189d38d2b4253b41699ba9697e992ce2877862e100f604848\" \/><\/p>\n<div data-dtm-region=\"articulo_cuerpo\">\n<p class=\"\">El 93% de los adolescentes considera que Debe Cambiar Sus H\u00e1bitos Reales Respecto Al Uso de Las Pantallas. Reducir El TIempo de Conexi\u00f3n es el Deber M\u00e1s Menci\u00f3n por Los J\u00f3venes, Seguido de la Tarea de Dedicar M\u00c1S TIempo al Deporte y de no Dormir Cerca de Un AParato Elect\u00f3n\u00f3nico para Evitar la tentaci\u00f3n de echa un Vistazo. La Mayor\u00eda Afirma Que Sus Progenitores Tienen Bastante Conocimiente Sobre Su ActiviDad en Internet. Un 68% de los Padres Cree que su deber de Controlar los dispositivos es relevantes que el Derecho a la intimidad de los Menores. Frente a Ellos, Gran parte de los adolescentes se queja de que estas Herramientas de Supervis\u00f3n Limitan Su Privacidad: El 60% Sabe, Adem\u00e1s, C\u00d3MO Salt\u00e1rselas. Hijo datos del estudio<i> Infancia y adolescencia en entornos digitales, <\/i>Elaborado por la Fundaci\u00f3n de la Fundaci\u00f3n en alianza con la ong Save the Children y Con El apoyo de la Consultora Gad3, Cuyas Conclusi\u00f3n Han Sido Presentadas Este Lunes en El Palacio del Senado, en Madrid.<\/p>\n<p class=\"\">Abordar los Retos A Los Que se Enfentan Las Nueva Generaciones HA Sido El Objetivo Director de la <i>Jornada Sobre Protecci\u00f3n de la Infancia y Adolescencia en entornos Digitales<\/i> Que Ha Reunido en Loscados A Expertos del \u00e1mito educativo, Sanitario y Tecnol\u00f3gico. El Director General de Save the Children, Andr\u00e9s Conde, Ha Mostrado Su Inquietud: \u201cNos Preocupan Much\u00edsimo Los J\u00f3venes, Pero los H\u00e1bitos de los Adultos hijo Similares. El Ejemplo que Damos A Nuestros Menores influye \u201d. El 14% de los adolescentes asegura que el padres usan el m\u00f3vil o las plataformas digitales m\u00e1s que ellos, con una medios de uso de entre cuatro y cinco horas diarias. Los algunos progenitoros admiten que, en ocasas, hijo un mal eJemplo para los m\u00e1s peque\u00f1os en cuanto a tendencias de consumo tecnol\u00f3gico.<\/p>\n<p class=\"\">M\u00e1s de la Mitad de Los J\u00f3venes y Los Adultos Afirman No Conocer C\u00d3MO Proteger Su Informaci\u00f3n Personal en el Entono Digital. Adem\u00e1s, un porcentaje muy elevado Reconoce sin sable Diferenciar Informaci\u00f3n falsa en Internet. \u201cNo hay podemos Caer en la Tecnofobia, Pero tampoco se puede abusar del chupete digital. Los Ni\u00f1os de Hoy Est\u00e1n Carentes de Columpios \u201d, Ha Lamentado el Presidente de Gad3, Narciso Michavila. Conde Se Ha Mostrado Preocupado Tambi\u00e9n por la Brecha Intergeneraci\u00f3n que delata la falta de di\u00e1logo entre adultos y adolescentes Sobre la protecci\u00f3n y la seguridad en el entorno digital.<\/p>\n<p class=\"\">\u00abLos Ni\u00f1os Tienen Derecho a Conocer Ya decidir Sobre Su Huella Digital\u00bb, Ha Aseguminado Tras Explicar la Normalizaci\u00f3n de Las <i>participaci\u00f3n<\/i><i>\u00bb <\/i>Cometidas Cuando los Padres suben a Las Redes Sociales Fotos de Sus Hijos Sin Su Consentimento. \u201cMuchos Menores no Est\u00e1n C\u00f3modos con este, Se Compromete Su Bienestar Futuro. Responsabilidad de Exigimos A Los Adolescentes, Pero Tenemos que Asumir la Nuestra como adultos \u201d, Ha Zanjado.<\/p>\n<p class=\"\">Del Informe Tambi\u00e9n se Desprende que Casi la Mitad de Los J\u00f3venes se Muestran Preocupados por la Huella Digital Que Sus Actividades Dejan en Internet y Consideran Necesario Reducir Su Exposici\u00f3n, As\u00ed El Contenidos de Contenidos de Comparto en sus perfiles. En el Caso de Los Adultos, La Inquietud aumema Considerable, Hasta Un 65% de los Encuestros.<\/p>\n<p class=\"\">Los expertos consultados en el estudio coinciden en que esta tarea recae Principalmento en los Padres, Frente a la Opini\u00f3 de los Progenitorios, Que Dan M\u00e1s Progonismo A Las Empresas Tecnol\u00f3gicas, Al Gobierno Ya los Profesores. Los adolescentes considera que los Padres Padres son los principales Responsables de su formaci\u00f3n digital. No Obstante, Tambi\u00e9n Mencionan el Rol que eJercen oTros agentes en su concienciatura, Tanto el personal Docente en los centros Educativos como Otras figuras externas, por eJemplo la Polic\u00eda Nacional.<\/p>\n<p class=\"\">El Secretario de Estado de Telecomunicamentos, Antonio Hernando, Ha Contado Que la L\u00ednea Telef\u00f3nica de Ayuda 017, Creada en 2020 Por El El Instituto Nacional de Ciberseguridad para AseSorar A Empresas, Ciudadanos, Familias y Educadas, Ha Recibido 3.000 Llamadas Sobre Elllamadas Un adolescentes. \u00abVivimos en Uno de los Pa\u00edses M\u00e1s Seguros del Mundo, Pero no Conseguimos que el Entorno digital lo mar para nuestros hijos\u00bb, Ha Lamentado.<\/p>\n<p class=\"\">El Estudio Concluye Que, Como Herramienta Educativa, La Inteligencia artificial es poderosa, Pero se Debe incrementar la vigilancia y acompa\u00f1\u00f3n por parte de los padres y profesores para que se utilizaci\u00f3na eficiente, \u00e9tica y no daa\u00f1e el desarrollo e intelectual, como couro, como coe -l\u00e9jate, como couro, como couro la cultura, como couro, como couro, cto -lao, cto -lao la cultura, como couro, como couro, cto -lao, cto -lao la cultura, como couro, como couro, cto -lao, cto -lao la de la cultura, como la cultura, como la cultura, como la coe de la cultura, como no. Creatividad de los Menores. \u00abDeBe Entenderse como factor de apoyo, no como como un sustituto del aprendizaje\u00bb, Recoge el Informe.<\/p>\n<p class=\"\">El Acto Ha Sido Inaugurado por El Presidente del Senado, Pedro Roll\u00e1n, Quien Ha Destacado Que los Menores Pueden Ser V\u00edctimas de muchas situaciones de Riesgo en el entorno digital \u00abQue atentan contra su integridad, intimidad e, incluso, su propia venida\u00bb. Considere que se debe tener un debate familiar, cient\u00edfice, escolar y pol\u00cdSTICO SOBRE LA Protecci\u00f3n de los Menores en Internet, que cuente con la participaci\u00f3n de Todos los actores implicados: Sute, Tampoco Podemos Dejarlo Solo en Internet \u201d.<\/p>\n<p class=\"\">Conde Ha Incidido en la obligaci\u00f3n de las personas Adultas y Los Distintos Sectores Empresariales y Sociales, incluido el Profesado, de Poner en Marcha Las Medidas Necesarias para que los Espacios Digitales Sean seguuros para la Infancia: \u00abEl 80% de Los Menores de 11 A\u00f1os Han Accedido un pornograf\u00eda. Vamos Tarde en cuestiones importantes \u201d, ha alertado para pedir m\u00e1s mecanismos s\u00f3lidos de verificaci\u00f3n de la edad y limitaciones de acceso a contenidos perjudiciales. \u201cLos Ni\u00f1os y adolescentes lejos de ser nacivos digitales hijo Huelfanos digitales. Les Hemos Lanzado Sin Herramientas A no entorno que no est\u00e1 Dise\u00f1ado Teni\u00e9ndoles en cuenta y que, adem\u00e1s de ben\u00e9ficios, Plantea Graves riesgos para el eJercio de sus derechos \u00ab, ha expresado.<\/p>\n<p class=\"\">Cuatro J\u00f3venes, Miembros del Programa Garagelab de la Fundaci\u00f3n Orange y la Pinza, Proyecto de la Plataforma de Infancia, Han Tenido la Oportunidad de Comparto en el Acto Sus Inquietudes, Experiias y Demandas en Relaci\u00f3n a la Tecnologya. Ana Mu\u00f1oz, de 17 A\u00f1os, HA Manifestado la Necesidad de Contar Con M\u00e1s Informaci\u00f3n Sobre Bulos e Inteligencia Artificial. Roberto de Las Hijas, De Su Misma Edad, Ha Resaltado la Importia de Saber \u00abDiferenciar La Vida Tecnol\u00f3gica de la Anal\u00f3gica para Buscar Motivaciones Fuera del \u00c1mito Digital\u00bb.<\/p>\n<p class=\"\">Carolina Lobat\u00f3n, que tambi\u00e9n tiene 17 A\u00f1os, ha explicado que lo ideal es tener una cuenta privada en redes sociales y nunca comparto la ubicaci\u00f3n en tiempo real. \u00abIncluso, podemos disponer de una cuenta secundaria para mantener solo a un c\u00edrculo reducido de personas con el que sintamos seguros\u00bb, ha expresado tras mostrarse miy preocupada por la huella digital. \u00ab\u00bfUn D\u00f3nde Van Las Fotos que Borramos de Internet?\u00bb, Ha PreGuntado.<\/p>\n<p class=\"\">Mu\u00f1oz Ha Pedido Eliminar El Anonimato de Redes Sociales: \u00abSE Suben Muchas Barbaridadas\u00bb. Adem\u00e1s, Ha Solicitado tener M\u00e1s FaciliDad para decidir Sobre las Fotos Personales Que Est\u00e1n Publicadas en Internet, Aunque Otra Persona Las Haya Subido. \u201cMi Padre Desde Que Era Chica Ha Publicado Fotos y V\u00eddeos Minos en Redes Sociales. Pero fui creciente y empec\u00e9 un ser conciencia de los riesgos \u201d, ha contado lobat\u00f3n. Le preocupa aceptar Las Condiciones de Uso Cadada Vez que Entra A Una P\u00e1gina Web Sin Ent\u00e9rlas de Forma correcta por la Complejidad del Texto. Tampoco considera necesario que las aplicaciones de juegos le solicito acceso a su galer\u00eda de fotos ya su ubicacia.<\/p>\n<\/div>\n\n","protected":false},"excerpt":{"rendered":"<p>El 93% de los adolescentes considera que Debe Cambiar Sus H\u00e1bitos Reales Respecto Al Uso de Las Pantallas. Reducir El TIempo de Conexi\u00f3n es el Deber M\u00e1s Menci\u00f3n por Los J\u00f3venes, Seguido de la Tarea de Dedicar M\u00c1S TIempo al Deporte y de no Dormir Cerca de Un AParato Elect\u00f3n\u00f3nico para Evitar la tentaci\u00f3n de &hellip;<\/p>\n","protected":false},"author":1,"featured_media":16067,"comment_status":"open","ping_status":"open","sticky":false,"template":"","format":"standard","meta":{"fifu_image_url":"https:\/\/imagenes.elpais.com\/resizer\/v2\/YDH2NS3OTBEDFK74M4I273FWLA.jpg?auth=4a81b3946b37e7a189d38d2b4253b41699ba9697e992ce2877862e100f604848&width=1200","fifu_image_alt":"","footnotes":""},"categories":[11],"tags":[],"class_list":["post-16065","post","type-post","status-publish","format-standard","has-post-thumbnail","","category-viaje"],"_links":{"self":[{"href":"https:\/\/noticiasveraces.com\/index.php?rest_route=\/wp\/v2\/posts\/16065","targetHints":{"allow":["GET"]}}],"collection":[{"href":"https:\/\/noticiasveraces.com\/index.php?rest_route=\/wp\/v2\/posts"}],"about":[{"href":"https:\/\/noticiasveraces.com\/index.php?rest_route=\/wp\/v2\/types\/post"}],"author":[{"embeddable":true,"href":"https:\/\/noticiasveraces.com\/index.php?rest_route=\/wp\/v2\/users\/1"}],"replies":[{"embeddable":true,"href":"https:\/\/noticiasveraces.com\/index.php?rest_route=%2Fwp%2Fv2%2Fcomments&post=16065"}],"version-history":[{"count":0,"href":"https:\/\/noticiasveraces.com\/index.php?rest_route=\/wp\/v2\/posts\/16065\/revisions"}],"wp:featuredmedia":[{"embeddable":true,"href":"https:\/\/noticiasveraces.com\/index.php?rest_route=\/wp\/v2\/media\/16067"}],"wp:attachment":[{"href":"https:\/\/noticiasveraces.com\/index.php?rest_route=%2Fwp%2Fv2%2Fmedia&parent=16065"}],"wp:term":[{"taxonomy":"category","embeddable":true,"href":"https:\/\/noticiasveraces.com\/index.php?rest_route=%2Fwp%2Fv2%2Fcategories&post=16065"},{"taxonomy":"post_tag","embeddable":true,"href":"https:\/\/noticiasveraces.com\/index.php?rest_route=%2Fwp%2Fv2%2Ftags&post=16065"}],"curies":[{"name":"wp","href":"https:\/\/api.w.org\/{rel}","templated":true}]}}